{"id":206105,"date":"2019-09-22T11:17:04","date_gmt":"2019-09-22T08:17:04","guid":{"rendered":"http:\/\/www.tvturk.com\/index.php\/kartal-cikis-ariyor\/"},"modified":"2019-09-22T11:17:04","modified_gmt":"2019-09-22T08:17:04","slug":"kartal-cikis-ariyor","status":"publish","type":"post","link":"http:\/\/www.tvturk.com\/index.php\/kartal-cikis-ariyor\/","title":{"rendered":"Kartal \u00e7\u0131k\u0131\u015f ar\u0131yor"},"content":{"rendered":"<p>S\u00fcper Lig\u2019de geride kalan 4 haftada 4 puan toplayan ve UEFA Avrupa Ligi\u2019ne de yenilgiyle ba\u015flayan Be\u015fikta\u015f, Medipol Ba\u015fak\u015fehir kar\u015f\u0131s\u0131nda kazanarak \u00e7\u0131k\u0131\u015fa ge\u00e7mek istiyor.<\/p>\n<p>S\u00fcper Lig\u2019in 5. haftas\u0131nda taraftar\u0131 \u00f6n\u00fcnde yar\u0131n Medipol Ba\u015fak\u015fehir\u2019i konuk edecek olan Be\u015fikta\u015f, ligde \u00e7\u0131k\u0131\u015fa ge\u00e7mek istiyor. Geride kalan 4 haftada 1 galibiyet, 1 beraberlik ve 2 ma\u011flubiyet alan, hafta i\u00e7inde UEFA Avrupa Ligi\u2019nde de Slovan Bratislava deplasman\u0131nda 4-2 kaybeden Be\u015fikta\u015f, Ba\u015fak\u015fehir kar\u015f\u0131s\u0131nda galibiyete uzanarak zirveyle aras\u0131ndaki puan fark\u0131n\u0131 a\u00e7t\u0131rmak istemiyor. Ancak zorlu kar\u015f\u0131la\u015fma \u00f6ncesinde Be\u015fikta\u015f\u2019taki eksikler dikkat \u00e7ekiyor. Ba\u015fak\u015fehir ma\u00e7\u0131 \u00f6ncesinde siyah-beyazl\u0131 ekipte Vida ve Elneny k\u0131rm\u0131z\u0131 kart cezal\u0131s\u0131, Enzo Roco ve Victor Ruiz ise sakat.<\/p>\n<p>\u0130ki ekip aras\u0131nda e\u015fitlik var<\/p>\n<p>Be\u015fikta\u015f ve Ba\u015fak\u015fehir bug\u00fcne kadar 27 kez kar\u015f\u0131 kar\u015f\u0131ya geldi. Bu ma\u00e7larda siyah-beyazl\u0131lar 7 galibiyet al\u0131rken, rakibine de 7 kez ma\u011flup oldu. 13 kar\u015f\u0131la\u015fma ise beraberlikle sonu\u00e7land\u0131. Be\u015fikta\u015f\u2019\u0131n evinde oynanan 14 ma\u00e7ta ise Ba\u015fak\u015fehir sadece 1 galibiyet alabildi. 6 ma\u00e7tan siyah-beyazl\u0131lar galibiyetle ayr\u0131l\u0131rken 7 m\u00fccadele ise beraberlikle sonu\u00e7land\u0131. Sezon ba\u015f\u0131nda Ba\u015fak\u015fehir\u2019den Be\u015fikta\u015f\u2019a gelen Teknik Direkt\u00f6r Abdullah Avc\u0131, bu ma\u00e7la birlikte teknik direkt\u00f6rl\u00fck kariyerinde ilk kez Ba\u015fak\u015fehir\u2019e kar\u015f\u0131 sahaya \u00e7\u0131km\u0131\u015f olacak. 2 tak\u0131m da hafta i\u00e7inde UEFA Avrupa Ligi\u2019nde deplasmanda 4\u2019er gol yiyerek ma\u011flup oldu.<\/p>\n<p>Yar\u0131n Be\u015fikta\u015f Park\u2019ta saat 20.00\u2019de oynanacak olan m\u00fccadeleyi Suat Arslanbo\u011fa y\u00f6netecek. Arslanbo\u011fa\u2019n\u0131n yard\u0131mc\u0131l\u0131klar\u0131n\u0131 ise Serkan Ok ve Hakan Yemi\u015fken yapacak.<\/p>\n","protected":false},"excerpt":{"rendered":"<p>S\u00dcPER L\u0130G\u2019DE GER\u0130DE KALAN 4 HAFTADA 4 PUAN TOPLAYAN VE UEFA AVRUPA L\u0130G\u0130&#8217;NE DE YEN\u0130LG\u0130YLE BA\u015eLAYAN BE\u015e\u0130KTA\u015e, MED\u0130POL BA\u015eAK\u015eEH\u0130R KAR\u015eISINDA KAZANARAK \u00c7IKI\u015eA GE\u00c7MEK \u0130ST\u0130YOR.<\/p>\n","protected":false},"author":1,"featured_media":206106,"comment_status":"closed","ping_status":"open","sticky":false,"template":"","format":"standard","meta":{"jetpack_post_was_ever_published":false,"_jetpack_newsletter_access":"","_jetpack_dont_email_post_to_subs":false,"_jetpack_newsletter_tier_id":0,"_jetpack_memberships_contains_paywalled_content":false,"_jetpack_memberships_contains_paid_content":false,"footnotes":"","jetpack_publicize_message":"","jetpack_publicize_feature_enabled":true,"jetpack_social_post_already_shared":true,"jetpack_social_options":{"image_generator_settings":{"template":"highway","default_image_id":0,"font":"","enabled":false},"version":2}},"categories":[657],"tags":[8362,1876,4914],"class_list":["post-206105","post","type-post","status-publish","format-standard","has-post-thumbnail","hentry","category-spor","tag-ariyor","tag-cikis","tag-kartal"],"jetpack_publicize_connections":[],"jetpack_featured_media_url":"https:\/\/i0.wp.com\/www.tvturk.com\/wp-content\/uploads\/2019\/09\/kartal-cikis-ariyor_3626b87.jpg?fit=1000%2C799","jetpack_sharing_enabled":true,"jetpack_shortlink":"https:\/\/wp.me\/paKIfm-RCh","_links":{"self":[{"href":"http:\/\/www.tvturk.com\/index.php\/wp-json\/wp\/v2\/posts\/206105","targetHints":{"allow":["GET"]}}],"collection":[{"href":"http:\/\/www.tvturk.com\/index.php\/wp-json\/wp\/v2\/posts"}],"about":[{"href":"http:\/\/www.tvturk.com\/index.php\/wp-json\/wp\/v2\/types\/post"}],"author":[{"embeddable":true,"href":"http:\/\/www.tvturk.com\/index.php\/wp-json\/wp\/v2\/users\/1"}],"replies":[{"embeddable":true,"href":"http:\/\/www.tvturk.com\/index.php\/wp-json\/wp\/v2\/comments?post=206105"}],"version-history":[{"count":0,"href":"http:\/\/www.tvturk.com\/index.php\/wp-json\/wp\/v2\/posts\/206105\/revisions"}],"wp:featuredmedia":[{"embeddable":true,"href":"http:\/\/www.tvturk.com\/index.php\/wp-json\/wp\/v2\/media\/206106"}],"wp:attachment":[{"href":"http:\/\/www.tvturk.com\/index.php\/wp-json\/wp\/v2\/media?parent=206105"}],"wp:term":[{"taxonomy":"category","embeddable":true,"href":"http:\/\/www.tvturk.com\/index.php\/wp-json\/wp\/v2\/categories?post=206105"},{"taxonomy":"post_tag","embeddable":true,"href":"http:\/\/www.tvturk.com\/index.php\/wp-json\/wp\/v2\/tags?post=206105"}],"curies":[{"name":"wp","href":"https:\/\/api.w.org\/{rel}","templated":true}]}}