{"id":206157,"date":"2019-09-22T13:02:48","date_gmt":"2019-09-22T10:02:48","guid":{"rendered":"http:\/\/www.tvturk.com\/index.php\/dara-antik-kentinde-tarihi-surlar-gun-yuzune-cikariliyor\/"},"modified":"2019-09-22T13:02:48","modified_gmt":"2019-09-22T10:02:48","slug":"dara-antik-kentinde-tarihi-surlar-gun-yuzune-cikariliyor","status":"publish","type":"post","link":"http:\/\/www.tvturk.com\/index.php\/dara-antik-kentinde-tarihi-surlar-gun-yuzune-cikariliyor\/","title":{"rendered":"Dara Antik Kenti\u2019nde tarihi surlar g\u00fcn y\u00fcz\u00fcne \u00e7\u0131kar\u0131l\u0131yor"},"content":{"rendered":"<p>Mardin\u2019in Artuklu il\u00e7esinde bulunan a\u00e7\u0131k hava m\u00fczesi g\u00f6r\u00fcn\u00fcm\u00fcndeki tarihi Dara Antik Kenti\u2019ndeki kaz\u0131 \u00e7al\u0131\u015fmalar\u0131nda, surlar\u0131n g\u00fcn y\u00fcz\u00fcne \u00e7\u0131kar\u0131larak turizme kazand\u0131r\u0131lmas\u0131 hedefleniyor.<\/p>\n<p>Mardin\u2019de 6\u2019nc\u0131 y\u00fczy\u0131ldan kalan 1985 y\u0131l\u0131ndan bu yana s\u00fcren kaz\u0131 \u00e7al\u0131\u015fmalar\u0131 ile g\u00fcn y\u00fcz\u00fcne \u00e7\u0131kar\u0131lan tarihi Dara Antik Kenti\u2019nde k\u00f6y evleri aras\u0131nda kalan sur duvarlar\u0131n\u0131n bulundu\u011fu alanda kaz\u0131 \u00e7al\u0131\u015fmalar\u0131 h\u0131zla ilerliyor.<\/p>\n<p>Kaz\u0131 \u00e7al\u0131\u015fmas\u0131 ile ilgili \u0130hlas Haber Ajans\u0131 (\u0130HA) muhabirine konu\u015fan Mardin M\u00fcze M\u00fcd\u00fcr\u00fc Nihat Erdo\u011fan, Dara Antik Kenti\u2019nin MS 6\u2019nc\u0131 y\u00fczy\u0131l\u0131n ba\u015flar\u0131nda 507-517 y\u0131llar\u0131nda Romal\u0131lar\u0131n Sasanilere kar\u015f\u0131 kulland\u0131\u011f\u0131 garnizon kenti olarak in\u015fa edildi\u011fini s\u00f6yledi. Erdo\u011fan, \u201cSur sisteminin bulundu\u011fu alanday\u0131z. Yakla\u015f\u0131k 4 kilometrelik sur sistemi ile \u015fehir koruma alt\u0131na al\u0131nm\u0131\u015f. Sarn\u0131\u00e7lar\u0131 b\u00fcy\u00fck idari yap\u0131lar\u0131, g\u00fcn\u00fcm\u00fcze gelmi\u015f k\u00f6y evlerinin alt\u0131nda kalm\u0131\u015f onlarca Roma d\u00f6nemine ait yap\u0131lar\u0131n g\u00fcn y\u00fcz\u00fcne \u00e7\u0131kar\u0131lma \u00e7al\u0131\u015fmalar\u0131n\u0131 s\u00fcrd\u00fcr\u00fcyoruz. \u015eu an sur sistemi \u00fczerinde \u00e7al\u0131\u015f\u0131yoruz. Surlar a\u00e7\u0131\u011fa \u00e7\u0131kar\u0131lmay\u0131 kendi d\u00f6nemindeki hali ile restore etme \u00e7al\u0131\u015fmas\u0131 yap\u0131l\u0131yor. B\u00f6lgede kaz\u0131 \u00e7al\u0131\u015fmalar\u0131 1985\u2019li y\u0131llardan bu yana devam ediyor. \u015eimdi \u015fehrin agora k\u0131sm\u0131 ve sur sisteminde kaz\u0131 \u00e7al\u0131\u015fmalar\u0131 yap\u0131l\u0131yor. \u015eimdide sur sistemi g\u00fcn y\u00fcz\u00fcne \u00e7\u0131kar\u0131l\u0131yor. 20 y\u0131ll\u0131k bir \u00e7al\u0131\u015fma daha olaca\u011f\u0131n\u0131 \u00f6n g\u00f6r\u00fcyoruz. Bir yandan tarih g\u00fcn y\u00fcz\u00fcne \u00e7\u0131kar\u0131l\u0131yor restore ediliyor korunuyor ve turizme kazand\u0131r\u0131lmaya devam ediyor\u201d dedi.<\/p>\n<p>Kaz\u0131 \u00e7al\u0131\u015fmalar\u0131 h\u0131zla s\u00fcrerken Mardin\u2019in tarihi dokusunu ziyaret eden turistler de bin 500 y\u0131ll\u0131k tarihi kenti yak\u0131ndan g\u00f6rme imkan\u0131 buluyor.<\/p>\n","protected":false},"excerpt":{"rendered":"<p>MARD\u0130N\u2019\u0130N ARTUKLU \u0130L\u00c7ES\u0130NDE BULUNAN A\u00c7IK HAVA M\u00dcZES\u0130 G\u00d6R\u00dcN\u00dcM\u00dcNDEK\u0130 TAR\u0130H\u0130 DARA ANT\u0130K KENT\u0130NDEK\u0130 KAZI \u00c7ALI\u015eMALARINDA, SURLARIN G\u00dcN Y\u00dcZ\u00dcNE \u00c7IKARILARAK TUR\u0130ZME KAZANDIRILMASI HEDEFLEN\u0130YOR.<\/p>\n","protected":false},"author":1,"featured_media":206158,"comment_status":"closed","ping_status":"open","sticky":false,"template":"","format":"standard","meta":{"jetpack_post_was_ever_published":false,"_jetpack_newsletter_access":"","_jetpack_dont_email_post_to_subs":false,"_jetpack_newsletter_tier_id":0,"_jetpack_memberships_contains_paywalled_content":false,"_jetpack_memberships_contains_paid_content":false,"footnotes":"","jetpack_publicize_message":"","jetpack_publicize_feature_enabled":true,"jetpack_social_post_already_shared":true,"jetpack_social_options":{"image_generator_settings":{"template":"highway","default_image_id":0,"font":"","enabled":false},"version":2}},"categories":[656],"tags":[15465,23206,45662,2579,20534,36833,800,14142],"class_list":["post-206157","post","type-post","status-publish","format-standard","has-post-thumbnail","hentry","category-kultur-sanat","tag-antik","tag-cikariliyor","tag-dara","tag-gun","tag-kentinde","tag-surlar","tag-tarihi","tag-yuzune"],"jetpack_publicize_connections":[],"jetpack_featured_media_url":"https:\/\/i0.wp.com\/www.tvturk.com\/wp-content\/uploads\/2019\/09\/dara-antik-kentinde-tarihi-surlar-gun-yuzune-cikariliyor_002963a.jpg?fit=1000%2C750","jetpack_sharing_enabled":true,"jetpack_shortlink":"https:\/\/wp.me\/paKIfm-RD7","_links":{"self":[{"href":"http:\/\/www.tvturk.com\/index.php\/wp-json\/wp\/v2\/posts\/206157","targetHints":{"allow":["GET"]}}],"collection":[{"href":"http:\/\/www.tvturk.com\/index.php\/wp-json\/wp\/v2\/posts"}],"about":[{"href":"http:\/\/www.tvturk.com\/index.php\/wp-json\/wp\/v2\/types\/post"}],"author":[{"embeddable":true,"href":"http:\/\/www.tvturk.com\/index.php\/wp-json\/wp\/v2\/users\/1"}],"replies":[{"embeddable":true,"href":"http:\/\/www.tvturk.com\/index.php\/wp-json\/wp\/v2\/comments?post=206157"}],"version-history":[{"count":0,"href":"http:\/\/www.tvturk.com\/index.php\/wp-json\/wp\/v2\/posts\/206157\/revisions"}],"wp:featuredmedia":[{"embeddable":true,"href":"http:\/\/www.tvturk.com\/index.php\/wp-json\/wp\/v2\/media\/206158"}],"wp:attachment":[{"href":"http:\/\/www.tvturk.com\/index.php\/wp-json\/wp\/v2\/media?parent=206157"}],"wp:term":[{"taxonomy":"category","embeddable":true,"href":"http:\/\/www.tvturk.com\/index.php\/wp-json\/wp\/v2\/categories?post=206157"},{"taxonomy":"post_tag","embeddable":true,"href":"http:\/\/www.tvturk.com\/index.php\/wp-json\/wp\/v2\/tags?post=206157"}],"curies":[{"name":"wp","href":"https:\/\/api.w.org\/{rel}","templated":true}]}}