{"id":206235,"date":"2019-09-22T16:46:34","date_gmt":"2019-09-22T13:46:34","guid":{"rendered":"http:\/\/www.tvturk.com\/index.php\/birlikte-yuruyelim-temali-yuruyus-gerceklestirildi\/"},"modified":"2019-09-22T16:46:34","modified_gmt":"2019-09-22T13:46:34","slug":"birlikte-yuruyelim-temali-yuruyus-gerceklestirildi","status":"publish","type":"post","link":"http:\/\/www.tvturk.com\/index.php\/birlikte-yuruyelim-temali-yuruyus-gerceklestirildi\/","title":{"rendered":"&#8220;Birlikte Y\u00fcr\u00fcyelim&#8221; temal\u0131 y\u00fcr\u00fcy\u00fc\u015f ger\u00e7ekle\u015ftirildi"},"content":{"rendered":"<p>\u00c7ank\u0131r\u0131\u2019da \u2019Avrupa Hareketlilik Haftas\u0131 nedeniyle \u2019Birlikte Y\u00fcr\u00fcyelim\u2019 temas\u0131yla y\u00fcr\u00fcme etkinli\u011fi ger\u00e7ekle\u015ftirildi.<\/p>\n<p>Avrupa Hareketlilik Haftas\u0131 nedeniyle Birlikte Y\u00fcr\u00fcyelim temal\u0131 y\u00fcr\u00fcy\u00fc\u015f ger\u00e7ekle\u015ftirildi. Atat\u00fcrk An\u0131t\u0131\u2019nda ba\u015flayan etkinlik Hasan Fehmi G\u00f6k\u015fen Kapal\u0131 Spor Salonu\u2019na kadar s\u00fcrd\u00fc.<\/p>\n<p>\u0130stiklal Mar\u015f\u0131\u2019n\u0131n okunmas\u0131n\u0131n ard\u0131ndan g\u00fcn\u00fcn anlam ve \u00f6nemini belirten konu\u015fma yap\u0131ld\u0131. Gen\u00e7lik ve Spor \u0130l M\u00fcd\u00fcr Vekili Adem \u00c7alman, &#8220;Temel amac\u0131 \u00e7arp\u0131c\u0131 bir dizi fiziksel aktivite ile hareketlilik ve sa\u011fl\u0131kl\u0131 ya\u015fam konusunda toplumsal fark\u0131ndal\u0131\u011f\u0131n geli\u015fmesine hizmet etmek olan bu fark\u0131ndal\u0131kla t\u00fcm Avrupa\u2019da oldu\u011fu gibi \u00fclkemizde de ba\u015f\u0131n\u0131 T\u00fcrkiye Herkes \u0130\u00e7in Spor Federasyonu\u2019muzun \u00e7ekti\u011fi bir dizi aktivite ger\u00e7ekle\u015ftirilmi\u015ftir. Bu y\u0131l \u2018Beraber Y\u00fcr\u00fcyelim\u2019 slogan\u0131n\u0131n benimsendi\u011fi haftada \u015fehirlerde motorize trafi\u011fin k\u0131s\u0131tlanmas\u0131, \u00e7evreci ula\u015f\u0131m alternatiflerinin geli\u015ftirilmesi, toplumsal ya\u015fam alanlar\u0131n\u0131n daha sa\u011fl\u0131kl\u0131 ve hareketli hale getirilerek d\u00fczenlenmesi,  sa\u011fl\u0131kl\u0131 aktif ya\u015fama ve ya\u015flanma politikalar\u0131n\u0131n desteklenmesi amac\u0131 ile bir dizi etkinlik ger\u00e7ekle\u015ftirilmi\u015ftir&#8221; ifadelerine yer verdi.<\/p>\n<p>\u00c7alman\u2019\u0131n konu\u015fmas\u0131n\u0131n ard\u0131ndan y\u00fcr\u00fcy\u00fc\u015f ba\u015flad\u0131. Y\u00fcr\u00fcy\u00fc\u015fe \u00c7ank\u0131r\u0131 Valisi Hamdi Bilge Akta\u015f, Cumhuriyet Ba\u015fsavc\u0131s\u0131 Mustafa \u00c7akmak, \u0130l Emniyet M\u00fcd\u00fcr\u00fc Sadettin Aksoy, \u0130l Jandarma Komutan\u0131 Albay H\u0131d\u0131r Ay\u00e7i\u00e7ek, daire amirleri, siyasi parti ve STK temsilcileri, sporcular ve vatanda\u015flar kat\u0131ld\u0131.<\/p>\n","protected":false},"excerpt":{"rendered":"<p>B\u0130RL\u0130KTE Y\u00dcR\u00dcYEL\u0130M TEMALI Y\u00dcR\u00dcY\u00dc\u015e GER\u00c7EKLE\u015eT\u0130R\u0130LD\u0130<\/p>\n","protected":false},"author":1,"featured_media":206236,"comment_status":"closed","ping_status":"open","sticky":false,"template":"","format":"standard","meta":{"jetpack_post_was_ever_published":false,"_jetpack_newsletter_access":"","_jetpack_dont_email_post_to_subs":false,"_jetpack_newsletter_tier_id":0,"_jetpack_memberships_contains_paywalled_content":false,"_jetpack_memberships_contains_paid_content":false,"footnotes":"","jetpack_publicize_message":"","jetpack_publicize_feature_enabled":true,"jetpack_social_post_already_shared":true,"jetpack_social_options":{"image_generator_settings":{"template":"highway","default_image_id":0,"font":"","enabled":false},"version":2}},"categories":[1],"tags":[3789,412,12735,51981,5689],"class_list":["post-206235","post","type-post","status-publish","format-standard","has-post-thumbnail","hentry","category-genel","tag-birlikte","tag-gerceklestirildi","tag-temali","tag-yuruyelim","tag-yuruyus"],"jetpack_publicize_connections":[],"jetpack_featured_media_url":"https:\/\/i0.wp.com\/www.tvturk.com\/wp-content\/uploads\/2019\/09\/birlikte-yuruyelim-temali-yuruyus-gerceklestirildi_c96096d.jpg?fit=1000%2C666","jetpack_sharing_enabled":true,"jetpack_shortlink":"https:\/\/wp.me\/paKIfm-REn","_links":{"self":[{"href":"http:\/\/www.tvturk.com\/index.php\/wp-json\/wp\/v2\/posts\/206235","targetHints":{"allow":["GET"]}}],"collection":[{"href":"http:\/\/www.tvturk.com\/index.php\/wp-json\/wp\/v2\/posts"}],"about":[{"href":"http:\/\/www.tvturk.com\/index.php\/wp-json\/wp\/v2\/types\/post"}],"author":[{"embeddable":true,"href":"http:\/\/www.tvturk.com\/index.php\/wp-json\/wp\/v2\/users\/1"}],"replies":[{"embeddable":true,"href":"http:\/\/www.tvturk.com\/index.php\/wp-json\/wp\/v2\/comments?post=206235"}],"version-history":[{"count":0,"href":"http:\/\/www.tvturk.com\/index.php\/wp-json\/wp\/v2\/posts\/206235\/revisions"}],"wp:featuredmedia":[{"embeddable":true,"href":"http:\/\/www.tvturk.com\/index.php\/wp-json\/wp\/v2\/media\/206236"}],"wp:attachment":[{"href":"http:\/\/www.tvturk.com\/index.php\/wp-json\/wp\/v2\/media?parent=206235"}],"wp:term":[{"taxonomy":"category","embeddable":true,"href":"http:\/\/www.tvturk.com\/index.php\/wp-json\/wp\/v2\/categories?post=206235"},{"taxonomy":"post_tag","embeddable":true,"href":"http:\/\/www.tvturk.com\/index.php\/wp-json\/wp\/v2\/tags?post=206235"}],"curies":[{"name":"wp","href":"https:\/\/api.w.org\/{rel}","templated":true}]}}