{"id":206255,"date":"2019-09-22T17:32:04","date_gmt":"2019-09-22T14:32:04","guid":{"rendered":"http:\/\/www.tvturk.com\/index.php\/milli-sporcular-11-madalya-ile-yurda-dundu\/"},"modified":"2019-09-22T17:32:04","modified_gmt":"2019-09-22T14:32:04","slug":"milli-sporcular-11-madalya-ile-yurda-dundu","status":"publish","type":"post","link":"http:\/\/www.tvturk.com\/index.php\/milli-sporcular-11-madalya-ile-yurda-dundu\/","title":{"rendered":"Milli sporcular 11 madalya ile yurda d\u00fcnd\u00fc"},"content":{"rendered":"<p>\u0130sve\u00e7\u2019te d\u00fczenlenen Para Masa Tenisi Avrupa \u015eampiyonas\u0131\u2019nda, 4\u2019\u00fc alt\u0131n olmak \u00fczere toplamda 11 madalya kazanan T\u00fcrkiye Bedensel Engelliler Masa Tenisi Milli Tak\u0131m\u0131 sporcular\u0131 yurda d\u00f6nd\u00fc.<\/p>\n<p>Uluslararas\u0131 Masa Tenisi Federasyonu (ITTF) taraf\u0131ndan \u0130sve\u00e7\u2019in Helsingborg kentinde d\u00fczenlenen Para Masa Tenisi Avrupa \u015eampiyonas\u0131\u2019nda 11 madalya kazanan T\u00fcrkiye Bedensel Engelliler Masa Tenisi Milli Tak\u0131m\u0131 sporcular\u0131 T\u00fcrk Hava Yollar\u0131\u2019n\u0131n tarifeli u\u00e7a\u011f\u0131yla \u0130stanbul\u2019a geldi. 2020 Tokyo Paralimpik Oyunlar\u0131 i\u00e7in puan niteli\u011fi ta\u015f\u0131yan \u015fampiyonda sporcular 4 alt\u0131n, 4 g\u00fcm\u00fc\u015f ve \u00fc\u00e7 bronz olmak \u00fczere toplamda 11 madalya kazand\u0131.<\/p>\n<p>Hedefimiz Tokyo paralimpik oyunlar\u0131na daha fazla sporcu g\u00f6nderebilmek\u201d<\/p>\n<p>Turnuva d\u00f6n\u00fc\u015f\u00fcnde \u0130stanbul Havaliman\u0131\u2019nda bas\u0131n mensuplar\u0131na elde edilen ba\u015far\u0131ya ili\u015fkin de\u011ferlendirmede bulunan T\u00fcrkiye Bedensel Engelliler Masa Tenisi Milli Tak\u0131m Teknik Direkt\u00f6r\u00fc Yusuf K\u0131l\u0131n\u00e7kaya, \u201cFerdi m\u00fcsabakalarda bir alt\u0131n, \u00fc\u00e7 g\u00fcm\u00fc\u015f ve \u00fc\u00e7 tane de bronz m\u00fcsabakalarda. Abdullah \u00d6zt\u00fcrk arkada\u015f\u0131m\u0131z buradan direk Tokyo paralimpik oyunlar\u0131 kotas\u0131 ald\u0131. Di\u011fer yandan reyting s\u0131ralamas\u0131nda yerinin sa\u011flamla\u015ft\u0131rmaya \u00e7al\u0131\u015ft\u0131\u011f\u0131m\u0131z arkada\u015flar\u0131m\u0131z da oldu. 8-9 oyuncumuz i\u00e7in puan a\u00e7\u0131s\u0131nda iyi bir turnuva ge\u00e7irdi\u011fimizi d\u00fc\u015f\u00fcn\u00fcyorum. Bunun 31 Mart\u2019a kadar devam\u0131 olacak. Biz rakiplerimizin de durumunu da g\u00f6zeterek 31 Mart\u2019a kadar olan 6 turnuvalar var gitmesi gereken oyunculara karar verece\u011fiz. Buradaki hedefimiz Tokyo paralimpik oyunlar\u0131na T\u00fcrkiye\u2019yi temsilen daha fazla sporcu g\u00f6nderebilmek, orada madalyay\u0131 alabilecek sporculara kota ald\u0131rtabilmek. Bunun \u00e7abas\u0131 i\u00e7erisinde olaca\u011f\u0131z\u201d \u015feklinde konu\u015ftu.<\/p>\n<p>\u201c2020 \u00f6ncesi Avrupa\u2019ya g\u00fczel bir g\u00f6zda\u011f\u0131 vermi\u015f olduk\u201d<\/p>\n<p>Hem bireyselde hem de tak\u0131m halinde alt\u0131n madalyaya ula\u015fma ba\u015far\u0131s\u0131 elde eden Abdullah \u00d6zt\u00fcrk, \u201cBir nevi 2020 Tokyo paralimpik oyunlar\u0131 \u00f6ncesi son ciddi haz\u0131rl\u0131k s\u0131nav\u0131m\u0131zd\u0131. \u015eampiyonaya \u00e7ok ciddi haz\u0131rland\u0131k. Yakla\u015f\u0131k 5-6 ayl\u0131k bir s\u00fcre\u00e7ten ge\u00e7tik. Yo\u011fun kamplar\u0131m\u0131z oldu ve 3-4 tane uluslararas\u0131 turnuvam\u0131z oldu. 2020 \u00f6ncesi Avrupa\u2019ya g\u00fczel bir g\u00f6zda\u011f\u0131 vermi\u015f olduk. Ben de hem ferdi m\u00fcsabakada hem de tak\u0131m olarak iki alt\u0131n madalya kazand\u0131m. \u015euanda Tokyo vizesi de ald\u0131m. Bundan sonras\u0131nda ise 2020\u2019de madalya almak \u00fczere \u00e7al\u0131\u015faca\u011f\u0131m\u201d ifadelerine yer verdi.<\/p>\n<p>\u201cHedefimiz 2020 Tokyo, onun i\u00e7in m\u00fccadele ediyoruz\u201d<\/p>\n<p>Neslihan Kavas, \u201c9\u2019\u00fcnc\u00fc klasta yar\u0131\u015f\u0131yorum. Tak\u0131m\u0131n en eskilerinden biriyim. 2003 y\u0131l\u0131ndan beri Bedensel Engelliler Masa Tenisi Milli tak\u0131m\u0131nday\u0131m. Kota veren bir turnuva olan Avrupa \u015eampiyonas\u0131\u2019ndan geliyoruz. Ferdilerde bronz madalya tak\u0131mlarda da son paralimpik oyunlar \u015fampiyonu Polonya\u2019y\u0131 yenerek alt\u0131n madalya kazand\u0131k. Gen\u00e7 ve istikrarl\u0131 bir tak\u0131m\u0131z. Bunu da tekrar g\u00f6stermi\u015f olduk. \u015eimdi de hedefimiz 2020 Tokyo, onun i\u00e7in m\u00fccadele ediyoruz\u201d dedi.<\/p>\n","protected":false},"excerpt":{"rendered":"<p>\u0130SVE\u00c7\u2019TE D\u00dcZENLENEN PARA MASA TEN\u0130S\u0130 AVRUPA \u015eAMP\u0130YONASI\u2019NDA, 4\u2019\u00dc ALTIN OLMAK \u00dcZERE TOPLAMDA 11 MADALYA KAZANAN T\u00dcRK\u0130YE BEDENSEL ENGELL\u0130LER MASA TEN\u0130S\u0130 M\u0130LL\u0130 TAKIMI SPORCULARI YURDA D\u00d6ND\u00dc.<\/p>\n","protected":false},"author":1,"featured_media":206256,"comment_status":"closed","ping_status":"open","sticky":false,"template":"","format":"standard","meta":{"jetpack_post_was_ever_published":false,"_jetpack_newsletter_access":"","_jetpack_dont_email_post_to_subs":false,"_jetpack_newsletter_tier_id":0,"_jetpack_memberships_contains_paywalled_content":false,"_jetpack_memberships_contains_paid_content":false,"footnotes":"","jetpack_publicize_message":"","jetpack_publicize_feature_enabled":true,"jetpack_social_post_already_shared":true,"jetpack_social_options":{"image_generator_settings":{"template":"highway","default_image_id":0,"font":"","enabled":false},"version":2}},"categories":[1],"tags":[52071,192,3800,429,3413,10458],"class_list":["post-206255","post","type-post","status-publish","format-standard","has-post-thumbnail","hentry","category-genel","tag-dundu","tag-ile","tag-madalya","tag-milli","tag-sporcular","tag-yurda"],"jetpack_publicize_connections":[],"jetpack_featured_media_url":"https:\/\/i0.wp.com\/www.tvturk.com\/wp-content\/uploads\/2019\/09\/milli-sporcular-11-madalya-ile-yurda-dundu_fe81225.jpg?fit=1000%2C750","jetpack_sharing_enabled":true,"jetpack_shortlink":"https:\/\/wp.me\/paKIfm-REH","_links":{"self":[{"href":"http:\/\/www.tvturk.com\/index.php\/wp-json\/wp\/v2\/posts\/206255","targetHints":{"allow":["GET"]}}],"collection":[{"href":"http:\/\/www.tvturk.com\/index.php\/wp-json\/wp\/v2\/posts"}],"about":[{"href":"http:\/\/www.tvturk.com\/index.php\/wp-json\/wp\/v2\/types\/post"}],"author":[{"embeddable":true,"href":"http:\/\/www.tvturk.com\/index.php\/wp-json\/wp\/v2\/users\/1"}],"replies":[{"embeddable":true,"href":"http:\/\/www.tvturk.com\/index.php\/wp-json\/wp\/v2\/comments?post=206255"}],"version-history":[{"count":0,"href":"http:\/\/www.tvturk.com\/index.php\/wp-json\/wp\/v2\/posts\/206255\/revisions"}],"wp:featuredmedia":[{"embeddable":true,"href":"http:\/\/www.tvturk.com\/index.php\/wp-json\/wp\/v2\/media\/206256"}],"wp:attachment":[{"href":"http:\/\/www.tvturk.com\/index.php\/wp-json\/wp\/v2\/media?parent=206255"}],"wp:term":[{"taxonomy":"category","embeddable":true,"href":"http:\/\/www.tvturk.com\/index.php\/wp-json\/wp\/v2\/categories?post=206255"},{"taxonomy":"post_tag","embeddable":true,"href":"http:\/\/www.tvturk.com\/index.php\/wp-json\/wp\/v2\/tags?post=206255"}],"curies":[{"name":"wp","href":"https:\/\/api.w.org\/{rel}","templated":true}]}}