{"id":206263,"date":"2019-09-22T17:33:51","date_gmt":"2019-09-22T14:33:51","guid":{"rendered":"http:\/\/www.tvturk.com\/index.php\/ismail-kartal-ikinci-bir-vedat-muric-yok-elimde\/"},"modified":"2019-09-22T17:33:51","modified_gmt":"2019-09-22T14:33:51","slug":"ismail-kartal-ikinci-bir-vedat-muric-yok-elimde","status":"publish","type":"post","link":"http:\/\/www.tvturk.com\/index.php\/ismail-kartal-ikinci-bir-vedat-muric-yok-elimde\/","title":{"rendered":"\u0130smail Kartal: &#8220;\u0130kinci bir Vedat Muri\u00e7 yok elimde&#8221;"},"content":{"rendered":"<p>\u00c7aykur Rizespor Teknik Direkt\u00f6r\u00fc \u0130smail Kartal, taraftarlar\u0131n Marko Scepovic\u2019e g\u00f6sterdi\u011fi tepkiyle ilgili olarak, &#8220;\u0130stedi\u011fimiz oyuncular vard\u0131, olmad\u0131, getiremedik. Elimizdeki oyunculara herkesin destek olmas\u0131 laz\u0131m. \u0130kinci bir Vedat Muri\u00e7 yok elimde&#8221; dedi.<\/p>\n<p>S\u00fcper Lig\u2019in 5. haftas\u0131nda \u00c7aykur Rizespor, sahas\u0131nda Gazi\u015fehir Gaziantep Futbol Kul\u00fcb\u00fc\u2019ne 2-1 ma\u011flup oldu. Kar\u015f\u0131la\u015fman\u0131n ard\u0131ndan bas\u0131n toplant\u0131s\u0131nda konu\u015fan \u00c7aykur Rizespor Teknik Direkt\u00f6r\u00fc \u0130smail Kartal, evlerinde beklemedikleri bir ma\u011flubiyet ald\u0131klar\u0131n\u0131 dile getirdi.<\/p>\n<p>T\u00fcm istatistik verilerinde tak\u0131m\u0131n\u0131n \u00fcst\u00fcn olmas\u0131na ra\u011fmen galip gelemediklerini belirten Kartal \u201cH\u0131zl\u0131 h\u00fccumlar yaparak gol att\u0131\u011f\u0131n\u0131 biliyorduk, bunun i\u00e7in de hafta i\u00e7i iyi \u00e7al\u0131\u015fm\u0131\u015ft\u0131k. Sonu\u00e7ta ma\u00e7a da bunu bilerek biraz dengeli ba\u015flad\u0131k. Art arda yedi\u011fimiz 2 golden sonra 2. yar\u0131ya hamle yaparak ba\u015flad\u0131k. Yapt\u0131\u011f\u0131m\u0131z hamlelerle rakibe daha fazla bask\u0131 kurduk. Daha m\u00fccadeleci, en az\u0131ndan gol at\u0131p ma\u00e7\u0131 \u00e7evirmek istedik. Oyun ve m\u00fccadele anlam\u0131nda bunu ba\u015fard\u0131k. Ba\u015ftan sona kadar oyunun istatistiklerine bakt\u0131m. Oyunun kontrol\u00fc tamamen bizde ama sonu\u00e7ta futbol b\u00f6yle bir \u015fey. Rakip de 2. gol\u00fc att\u0131ktan sonra daha \u00e7ok kapand\u0131. Olmad\u0131, evimizde kaybettik, beklemedi\u011fimiz bir ma\u011flubiyet ald\u0131k. Onun i\u00e7in \u00fczg\u00fcn\u00fcz\u201d \u015feklinde konu\u015ftu.<\/p>\n<p>Rizespor taraftar\u0131n\u0131n Scepovic\u2018e tepki g\u00f6stermesini do\u011fru bulmad\u0131\u011f\u0131n\u0131 dile getiren ba\u015far\u0131l\u0131 \u00e7al\u0131\u015ft\u0131r\u0131c\u0131, \u201cVedat Muri\u00e7 gibi bir futbolcu bulamazs\u0131n\u0131z. Muri\u00e7\u2019i almaya kalkt\u0131\u011f\u0131n\u0131z zaman bunun \u015fartlar\u0131n\u0131, maliyetlerini insanlar\u0131n iyi bilmesi laz\u0131m. Kul\u00fcb\u00fcm\u00fcz\u00fcn tamamen b\u00fct\u00e7esini, ekonomisini d\u00fc\u015f\u00fcnerek b\u00f6yle bir oyuncu alabildik. \u0130stedi\u011fimiz oyuncular vard\u0131, olmad\u0131, getiremedik. Elimizdeki oyunculara herkesin destek olmas\u0131 laz\u0131m. \u0130kinci bir Vedat Muri\u00e7 yok elimde\u201d ifadelerini kulland\u0131.<\/p>\n","protected":false},"excerpt":{"rendered":"<p>R\u0130ZESPOR TARAFTARININ SCEPOV\u0130C&#8217;\u2018E TEPK\u0130 G\u00d6STERMES\u0130N\u0130 DO\u011eRU BULMADI\u011eINI D\u0130LE GET\u0130REN KARTAL &#8220;\u0130K\u0130NC\u0130 B\u0130R VEDAT MUR\u0130Q\u0130 YOK EL\u0130MDE&#8221; \u0130FADELER\u0130N\u0130 KULLANDI<\/p>\n","protected":false},"author":1,"featured_media":206264,"comment_status":"closed","ping_status":"open","sticky":false,"template":"","format":"standard","meta":{"jetpack_post_was_ever_published":false,"_jetpack_newsletter_access":"","_jetpack_dont_email_post_to_subs":false,"_jetpack_newsletter_tier_id":0,"_jetpack_memberships_contains_paywalled_content":false,"_jetpack_memberships_contains_paid_content":false,"footnotes":"","jetpack_publicize_message":"","jetpack_publicize_feature_enabled":true,"jetpack_social_post_already_shared":true,"jetpack_social_options":{"image_generator_settings":{"template":"highway","default_image_id":0,"font":"","enabled":false},"version":2}},"categories":[657],"tags":[125,52073,2087,977,4914,41412,9063,664],"class_list":["post-206263","post","type-post","status-publish","format-standard","has-post-thumbnail","hentry","category-spor","tag-bir","tag-elimde","tag-ikinci","tag-ismail","tag-kartal","tag-muric","tag-vedat","tag-yok"],"jetpack_publicize_connections":[],"jetpack_featured_media_url":"https:\/\/i0.wp.com\/www.tvturk.com\/wp-content\/uploads\/2019\/09\/ismail-kartal-ikinci-bir-vedat-muric-yok-elimde_974ed59.jpg?fit=1000%2C562","jetpack_sharing_enabled":true,"jetpack_shortlink":"https:\/\/wp.me\/paKIfm-REP","_links":{"self":[{"href":"http:\/\/www.tvturk.com\/index.php\/wp-json\/wp\/v2\/posts\/206263","targetHints":{"allow":["GET"]}}],"collection":[{"href":"http:\/\/www.tvturk.com\/index.php\/wp-json\/wp\/v2\/posts"}],"about":[{"href":"http:\/\/www.tvturk.com\/index.php\/wp-json\/wp\/v2\/types\/post"}],"author":[{"embeddable":true,"href":"http:\/\/www.tvturk.com\/index.php\/wp-json\/wp\/v2\/users\/1"}],"replies":[{"embeddable":true,"href":"http:\/\/www.tvturk.com\/index.php\/wp-json\/wp\/v2\/comments?post=206263"}],"version-history":[{"count":0,"href":"http:\/\/www.tvturk.com\/index.php\/wp-json\/wp\/v2\/posts\/206263\/revisions"}],"wp:featuredmedia":[{"embeddable":true,"href":"http:\/\/www.tvturk.com\/index.php\/wp-json\/wp\/v2\/media\/206264"}],"wp:attachment":[{"href":"http:\/\/www.tvturk.com\/index.php\/wp-json\/wp\/v2\/media?parent=206263"}],"wp:term":[{"taxonomy":"category","embeddable":true,"href":"http:\/\/www.tvturk.com\/index.php\/wp-json\/wp\/v2\/categories?post=206263"},{"taxonomy":"post_tag","embeddable":true,"href":"http:\/\/www.tvturk.com\/index.php\/wp-json\/wp\/v2\/tags?post=206263"}],"curies":[{"name":"wp","href":"https:\/\/api.w.org\/{rel}","templated":true}]}}