{"id":206391,"date":"2019-09-23T10:32:30","date_gmt":"2019-09-23T07:32:30","guid":{"rendered":"http:\/\/www.tvturk.com\/index.php\/yavru-kediyi-kurtarma-calismalari-sonucsuz-kaldi\/"},"modified":"2019-09-23T10:32:30","modified_gmt":"2019-09-23T07:32:30","slug":"yavru-kediyi-kurtarma-calismalari-sonucsuz-kaldi","status":"publish","type":"post","link":"http:\/\/www.tvturk.com\/index.php\/yavru-kediyi-kurtarma-calismalari-sonucsuz-kaldi\/","title":{"rendered":"Yavru kediyi kurtarma \u00e7al\u0131\u015fmalar\u0131 sonu\u00e7suz kald\u0131"},"content":{"rendered":"<p>D\u00dcZCE(\u0130HA) \u2013 D\u00fczce\u2019nin Ak\u00e7akoca il\u00e7esinde k\u00f6pr\u00fc alt\u0131nda s\u0131k\u0131\u015fan kediyi kurtarmak i\u00e7in ekipler seferber oldu. Ancak ekiplerin b\u00fct\u00fcn \u00e7abas\u0131na kar\u015f\u0131n k\u00f6pr\u00fcn\u00fcn alt\u0131n\u0131n dar olmas\u0131 ve yavru kedinin korkarak daha ilerilere ka\u00e7mas\u0131 sonucu ekiplerin \u00e7abas\u0131 yetersiz kald\u0131.<\/p>\n<p>Olay d\u00fcn \u00f6\u011flen saatlerinde yayalar\u0131n en yo\u011fun kulland\u0131\u011f\u0131 Ak\u00e7akoca Merkez Camii Kanal K\u00f6pr\u00fcs\u00fc\u2019nde meydana geldi. K\u00f6pr\u00fcy\u00fc kullanan vatanda\u015flar, k\u00f6pr\u00fcn\u00fcn alt\u0131ndan kedi sesi geldi\u011fini duydu. Sesin k\u00f6pr\u00fcn\u00fcn alt\u0131nda kalan yavru kediden geldi\u011fini g\u00f6renler durumu Ak\u00e7akoca Belediyesine haber verdi. \u0130hbar \u00fczerine k\u00f6pr\u00fcye gelen zab\u0131ta ekipleri, yavru kediyi bulundu\u011fu alandan kurtarmak i\u00e7in \u00e7al\u0131\u015fma ba\u015flatt\u0131. Ekiplerin uzun s\u00fcren \u00e7al\u0131\u015fmas\u0131na ra\u011fmen k\u00f6pr\u00fcn\u00fcn alt\u0131n\u0131n dar olmas\u0131 ve kedinin korkarak daha ilerilere ka\u00e7mas\u0131 nedeniyle ekipler kedi, bulundu\u011fu yerden \u00e7\u0131kar\u0131lamad\u0131.<\/p>\n<p>Yavru kedinin yiyebilece\u011fi yemekleri \u00e7\u0131kabilece\u011fi alana koyan ekipler, kediyi bulundu\u011fu yerden \u00e7\u0131kartamay\u0131nca itfaiye ekiplerinden yard\u0131m istendi. Merdiven ile k\u00f6pr\u00fc alt\u0131na inen itfaiye ekipleri de kediye ula\u015famay\u0131nca ekipler, \u00e7al\u0131\u015fmalar\u0131 sonland\u0131rarak olay yerinden ayr\u0131ld\u0131.<\/p>\n","protected":false},"excerpt":{"rendered":"<p>D\u00dcZCE\u2019N\u0130N AK\u00c7AKOCA \u0130L\u00c7ES\u0130NDE K\u00d6PR\u00dc ALTINDA SIKI\u015eAN KED\u0130Y\u0130 KURTARMAK \u0130\u00c7\u0130N EK\u0130PLER SEFERBER OLDU. ANCAK EK\u0130PLER\u0130N B\u00dcT\u00dcN \u00c7ABASINA KAR\u015eIN K\u00d6PR\u00dcN\u00dcN ALTININ DAR OLMASI VE YAVRU KED\u0130N\u0130N KORKARAK DAHA \u0130LER\u0130LERE KA\u00c7MASI SONUCU EK\u0130PLER\u0130N \u00c7ABASI YETERS\u0130Z KALDI<\/p>\n","protected":false},"author":1,"featured_media":206392,"comment_status":"closed","ping_status":"open","sticky":false,"template":"","format":"standard","meta":{"jetpack_post_was_ever_published":false,"_jetpack_newsletter_access":"","_jetpack_dont_email_post_to_subs":false,"_jetpack_newsletter_tier_id":0,"_jetpack_memberships_contains_paywalled_content":false,"_jetpack_memberships_contains_paid_content":false,"footnotes":"","jetpack_publicize_message":"","jetpack_publicize_feature_enabled":true,"jetpack_social_post_already_shared":true,"jetpack_social_options":{"image_generator_settings":{"template":"highway","default_image_id":0,"font":"","enabled":false},"version":2}},"categories":[1],"tags":[310,1853,6092,57,52115,1239],"class_list":["post-206391","post","type-post","status-publish","format-standard","has-post-thumbnail","hentry","category-genel","tag-calismalari","tag-kaldi","tag-kediyi","tag-kurtarma","tag-sonucsuz","tag-yavru"],"jetpack_publicize_connections":[],"jetpack_featured_media_url":"https:\/\/i0.wp.com\/www.tvturk.com\/wp-content\/uploads\/2019\/09\/yavru-kediyi-kurtarma-calismalari-sonucsuz-kaldi_b4bb284.jpg?fit=800%2C450","jetpack_sharing_enabled":true,"jetpack_shortlink":"https:\/\/wp.me\/paKIfm-RGT","_links":{"self":[{"href":"http:\/\/www.tvturk.com\/index.php\/wp-json\/wp\/v2\/posts\/206391","targetHints":{"allow":["GET"]}}],"collection":[{"href":"http:\/\/www.tvturk.com\/index.php\/wp-json\/wp\/v2\/posts"}],"about":[{"href":"http:\/\/www.tvturk.com\/index.php\/wp-json\/wp\/v2\/types\/post"}],"author":[{"embeddable":true,"href":"http:\/\/www.tvturk.com\/index.php\/wp-json\/wp\/v2\/users\/1"}],"replies":[{"embeddable":true,"href":"http:\/\/www.tvturk.com\/index.php\/wp-json\/wp\/v2\/comments?post=206391"}],"version-history":[{"count":0,"href":"http:\/\/www.tvturk.com\/index.php\/wp-json\/wp\/v2\/posts\/206391\/revisions"}],"wp:featuredmedia":[{"embeddable":true,"href":"http:\/\/www.tvturk.com\/index.php\/wp-json\/wp\/v2\/media\/206392"}],"wp:attachment":[{"href":"http:\/\/www.tvturk.com\/index.php\/wp-json\/wp\/v2\/media?parent=206391"}],"wp:term":[{"taxonomy":"category","embeddable":true,"href":"http:\/\/www.tvturk.com\/index.php\/wp-json\/wp\/v2\/categories?post=206391"},{"taxonomy":"post_tag","embeddable":true,"href":"http:\/\/www.tvturk.com\/index.php\/wp-json\/wp\/v2\/tags?post=206391"}],"curies":[{"name":"wp","href":"https:\/\/api.w.org\/{rel}","templated":true}]}}