{"id":206500,"date":"2019-09-23T12:18:03","date_gmt":"2019-09-23T09:18:03","guid":{"rendered":"http:\/\/www.tvturk.com\/index.php\/kutahyada-husn-i-hat-kursu\/"},"modified":"2019-09-23T12:18:03","modified_gmt":"2019-09-23T09:18:03","slug":"kutahyada-husn-i-hat-kursu","status":"publish","type":"post","link":"http:\/\/www.tvturk.com\/index.php\/kutahyada-husn-i-hat-kursu\/","title":{"rendered":"K\u00fctahya\u2019da H\u00fcsn-i Hat Kursu"},"content":{"rendered":"<p>K\u00fctahya\u2019da, Geleneksel El Sanatlar\u0131 ve K\u00fclt\u00fcr Derne\u011fi (VAV-DER) taraf\u0131ndan d\u00fczenlenen H\u00fcsn-i Hat dersleri ba\u015flad\u0131.<\/p>\n<p>Yazma Eserler M\u00fcd\u00fcrl\u00fc\u011f\u00fc\u2019nde Hattat Mahmut \u015eahin\u2019in verdi\u011fi derslere 60 hat sanat\u0131 g\u00f6n\u00fcll\u00fcs\u00fc kat\u0131l\u0131yor.<\/p>\n<p>K\u00fctahya\u2019da H\u00fcsn-i Hat kursunun 11. defa d\u00fczenlediklerini dile getiren Mahmut \u015eahin, &#8220;Kurslar\u0131m\u0131z benim g\u00f6zetiminde ba\u015flad\u0131. Bursa, Eski\u015fehir ve K\u00fctahya\u2019da kurslar\u0131m\u0131z devam ediyor. K\u00fctahya\u2019da bu y\u0131l 11. defa d\u00fczenliyoruz. Hedefimiz, in\u015fallah 2023&#8221; diye konu\u015ftu.<\/p>\n<p>Geleneksel El Sanatlar\u0131 ve K\u00fclt\u00fcr Derne\u011fi (VAV-DER) Ba\u015fkan\u0131 \u00d6mer \u00d6zg\u00fcl, &#8220;Hattat Mahmut \u015eahin \u00f6nderli\u011finde derslerimiz ba\u015flad\u0131. Kat\u0131l\u0131m yo\u011fun. 50 kursiyerimiz ve 10 da yeti\u015fmi\u015f arkada\u015f\u0131m var. 8 ay s\u00fcrecek olan kursumuz bu sene de verimli bir \u015fekilde devam edecek. H\u00fcsn-i Hat sanat\u0131 g\u00f6n\u00fcl veren, \u00f6\u011frenmek isteyen herkesi kursumuza bekleriz&#8221; dedi.<\/p>\n<p>\u00d6zg\u00fcl, H\u00fcsn-i Hat ile ilgili \u015fu bilgileri verdi: &#8220;\u0130sl\u00e2m yaz\u0131 \u00e7e\u015fitlerinin estetik \u00f6l\u00e7\u00fc ve endi\u015feler i\u00e7erisinde yaz\u0131lmas\u0131na denilir. \u0130sl\u00e2m yaz\u0131lar\u0131n\u0131, estetik \u00f6l\u00e7\u00fcler ve endi\u015feler i\u00e7erisinde yazana da \u2019hattat\u2019 \u00fcnvan\u0131 verilmektedir. Zaten h\u00fcsn-i hatt\u0131n kelime m\u00e2nas\u0131, \u00f6l\u00e7\u00fcleri i\u00e7erisinde yaz\u0131lm\u0131\u015f g\u00fczel yaz\u0131 demektir.&#8221;<\/p>\n<p>\u00d6zg\u00fcl, sezon sonu bir sergi a\u00e7arak, eserleri sanatseverlerin ilgisine sunacaklar\u0131n\u0131 s\u00f6zlerine ekledi.<\/p>\n","protected":false},"excerpt":{"rendered":"<p>K\u00dcTAHYA&#8217;DA, GELENEKSEL EL SANATLARI VE K\u00dcLT\u00dcR DERNE\u011e\u0130 (VAV-DER) TARAFINDAN D\u00dcZENLENEN H\u00dcSN-\u0130 HAT DERSLER\u0130 BA\u015eLADI.<\/p>\n","protected":false},"author":1,"featured_media":206501,"comment_status":"closed","ping_status":"open","sticky":false,"template":"","format":"standard","meta":{"jetpack_post_was_ever_published":false,"_jetpack_newsletter_access":"","_jetpack_dont_email_post_to_subs":false,"_jetpack_newsletter_tier_id":0,"_jetpack_memberships_contains_paywalled_content":false,"_jetpack_memberships_contains_paid_content":false,"footnotes":"","jetpack_publicize_message":"","jetpack_publicize_feature_enabled":true,"jetpack_social_post_already_shared":true,"jetpack_social_options":{"image_generator_settings":{"template":"highway","default_image_id":0,"font":"","enabled":false},"version":2}},"categories":[656],"tags":[35392,7327,1994,1761],"class_list":["post-206500","post","type-post","status-publish","format-standard","has-post-thumbnail","hentry","category-kultur-sanat","tag-husn-i","tag-hat","tag-kursu","tag-kutahyada"],"jetpack_publicize_connections":[],"jetpack_featured_media_url":"https:\/\/i0.wp.com\/www.tvturk.com\/wp-content\/uploads\/2019\/09\/kutahyada-husn-i-hat-kursu_ce590ad.jpg?fit=1000%2C656","jetpack_sharing_enabled":true,"jetpack_shortlink":"https:\/\/wp.me\/paKIfm-RIE","_links":{"self":[{"href":"http:\/\/www.tvturk.com\/index.php\/wp-json\/wp\/v2\/posts\/206500","targetHints":{"allow":["GET"]}}],"collection":[{"href":"http:\/\/www.tvturk.com\/index.php\/wp-json\/wp\/v2\/posts"}],"about":[{"href":"http:\/\/www.tvturk.com\/index.php\/wp-json\/wp\/v2\/types\/post"}],"author":[{"embeddable":true,"href":"http:\/\/www.tvturk.com\/index.php\/wp-json\/wp\/v2\/users\/1"}],"replies":[{"embeddable":true,"href":"http:\/\/www.tvturk.com\/index.php\/wp-json\/wp\/v2\/comments?post=206500"}],"version-history":[{"count":0,"href":"http:\/\/www.tvturk.com\/index.php\/wp-json\/wp\/v2\/posts\/206500\/revisions"}],"wp:featuredmedia":[{"embeddable":true,"href":"http:\/\/www.tvturk.com\/index.php\/wp-json\/wp\/v2\/media\/206501"}],"wp:attachment":[{"href":"http:\/\/www.tvturk.com\/index.php\/wp-json\/wp\/v2\/media?parent=206500"}],"wp:term":[{"taxonomy":"category","embeddable":true,"href":"http:\/\/www.tvturk.com\/index.php\/wp-json\/wp\/v2\/categories?post=206500"},{"taxonomy":"post_tag","embeddable":true,"href":"http:\/\/www.tvturk.com\/index.php\/wp-json\/wp\/v2\/tags?post=206500"}],"curies":[{"name":"wp","href":"https:\/\/api.w.org\/{rel}","templated":true}]}}