{"id":206564,"date":"2019-09-23T13:46:44","date_gmt":"2019-09-23T10:46:44","guid":{"rendered":"http:\/\/www.tvturk.com\/index.php\/hareket-senligi-cocuklari-harekete-cagiriyor\/"},"modified":"2019-09-23T13:46:44","modified_gmt":"2019-09-23T10:46:44","slug":"hareket-senligi-cocuklari-harekete-cagiriyor","status":"publish","type":"post","link":"http:\/\/www.tvturk.com\/index.php\/hareket-senligi-cocuklari-harekete-cagiriyor\/","title":{"rendered":"Hareket \u015eenli\u011fi \u00e7ocuklar\u0131 \u2019Hareket\u2019e \u00e7a\u011f\u0131r\u0131yor"},"content":{"rendered":"<p>\u00c7ocuklar\u0131n spor yoluyla sa\u011fl\u0131kl\u0131 b\u00fcy\u00fcmelerine ve geli\u015fim g\u00f6stermelerine katk\u0131 sa\u011flamay\u0131 hedefleyen \u2019Allianz Motto Hareket \u015eenli\u011fi\u2019,  29 Eyl\u00fcl tarihinde 14.00-18.00 saatleri aras\u0131nda Kad\u0131k\u00f6y Belediyesi Kalam\u0131\u015f Spor Merkezi\u2019nde d\u00fczenlenecek.<\/p>\n<p>Allianz T\u00fcrkiye,7-12 ya\u015f aras\u0131 \u00e7ocuklar\u0131n hareket ve spor yoluyla sa\u011fl\u0131kl\u0131 b\u00fcy\u00fcmelerine katk\u0131 sa\u011flayan sosyal sorumluluk program\u0131 Allianz Motto Hareket kapsam\u0131nda 29 Eyl\u00fcl\u2019de Kalam\u0131\u015f Spor Merkezi\u2019nde halka a\u00e7\u0131k ve \u00fccretsiz bir \u015fenlik d\u00fczenleyecek. G\u00fcn boyu s\u00fcrecek \u015fenlik kapsam\u0131nda,  7-12 ya\u015f aras\u0131ndaki \u00e7ocuklar atletizm etkinli\u011fine kat\u0131l\u0131rken, 5-7 ya\u015f aras\u0131ndaki \u00e7ocuklar ise g\u00f6n\u00fcll\u00fcler e\u015fli\u011finde hareket edecekleri farkl\u0131 aktivitelere y\u00f6nlendirilecekler. \u015eenli\u011fe kat\u0131lan t\u00fcm \u00e7ocuklar, ba\u015far\u0131 rozeti ile \u00f6d\u00fcllendirilecek.<\/p>\n<p>Bug\u00fcne kadar 652 \u00e7ocu\u011fun geli\u015fimine katk\u0131da bulunuldu<\/p>\n<p>Sosyal sorumluluk program\u0131 Allianz Motto Hareket\u2019inin, 7-12 ya\u015f grubundaki \u00e7ocuklar\u0131n hareket ve spor yoluyla sa\u011fl\u0131kl\u0131 b\u00fcy\u00fcmelerine ve geli\u015fim g\u00f6stermelerine katk\u0131 sa\u011flamay\u0131 hedefledi\u011fi bildirildi.  T\u00fcrkiye E\u011fitim G\u00f6n\u00fcll\u00fcleri Vakf\u0131, Koruncuk Vakf\u0131 ve Ege \u00c7a\u011fda\u015f E\u011fitim Vakf\u0131 i\u015fbirli\u011fiyle \u00e7ocuklara y\u00f6nelik s\u0131n\u0131f i\u00e7i ve s\u0131n\u0131f d\u0131\u015f\u0131 e\u011fitim mod\u00fcllerinin uyguland\u0131\u011f\u0131 program\u0131n, halka a\u00e7\u0131k d\u00fczenlenen \u015fenliklerle de desteklendi\u011fi aktar\u0131ld\u0131. Sosyal sorumluluk program\u0131 kapsam\u0131nda, A\u011fustos 2018\u2019den bu yana 652 \u00e7ocu\u011fun geli\u015fimine katk\u0131da bulunuldu\u011fu belirtildi.<\/p>\n","protected":false},"excerpt":{"rendered":"<p>HAREKET \u015eENL\u0130\u011e\u0130 \u00c7OCUKLARI &#8216;HAREKET&#8217;E \u00c7A\u011eIRIYOR<\/p>\n","protected":false},"author":1,"featured_media":206565,"comment_status":"closed","ping_status":"open","sticky":false,"template":"","format":"standard","meta":{"jetpack_post_was_ever_published":false,"_jetpack_newsletter_access":"","_jetpack_dont_email_post_to_subs":false,"_jetpack_newsletter_tier_id":0,"_jetpack_memberships_contains_paywalled_content":false,"_jetpack_memberships_contains_paid_content":false,"footnotes":"","jetpack_publicize_message":"","jetpack_publicize_feature_enabled":true,"jetpack_social_post_already_shared":true,"jetpack_social_options":{"image_generator_settings":{"template":"highway","default_image_id":0,"font":"","enabled":false},"version":2}},"categories":[1],"tags":[52166,139,1614,4482,3033],"class_list":["post-206564","post","type-post","status-publish","format-standard","has-post-thumbnail","hentry","category-genel","tag-cagiriyor","tag-cocuklari","tag-hareket","tag-harekete","tag-senligi"],"jetpack_publicize_connections":[],"jetpack_featured_media_url":"https:\/\/i0.wp.com\/www.tvturk.com\/wp-content\/uploads\/2019\/09\/hareket-senligi-cocuklari-harekete-cagiriyor_093c0ee.jpg?fit=1000%2C666","jetpack_sharing_enabled":true,"jetpack_shortlink":"https:\/\/wp.me\/paKIfm-RJG","_links":{"self":[{"href":"http:\/\/www.tvturk.com\/index.php\/wp-json\/wp\/v2\/posts\/206564","targetHints":{"allow":["GET"]}}],"collection":[{"href":"http:\/\/www.tvturk.com\/index.php\/wp-json\/wp\/v2\/posts"}],"about":[{"href":"http:\/\/www.tvturk.com\/index.php\/wp-json\/wp\/v2\/types\/post"}],"author":[{"embeddable":true,"href":"http:\/\/www.tvturk.com\/index.php\/wp-json\/wp\/v2\/users\/1"}],"replies":[{"embeddable":true,"href":"http:\/\/www.tvturk.com\/index.php\/wp-json\/wp\/v2\/comments?post=206564"}],"version-history":[{"count":0,"href":"http:\/\/www.tvturk.com\/index.php\/wp-json\/wp\/v2\/posts\/206564\/revisions"}],"wp:featuredmedia":[{"embeddable":true,"href":"http:\/\/www.tvturk.com\/index.php\/wp-json\/wp\/v2\/media\/206565"}],"wp:attachment":[{"href":"http:\/\/www.tvturk.com\/index.php\/wp-json\/wp\/v2\/media?parent=206564"}],"wp:term":[{"taxonomy":"category","embeddable":true,"href":"http:\/\/www.tvturk.com\/index.php\/wp-json\/wp\/v2\/categories?post=206564"},{"taxonomy":"post_tag","embeddable":true,"href":"http:\/\/www.tvturk.com\/index.php\/wp-json\/wp\/v2\/tags?post=206564"}],"curies":[{"name":"wp","href":"https:\/\/api.w.org\/{rel}","templated":true}]}}