{"id":206578,"date":"2019-09-23T14:02:03","date_gmt":"2019-09-23T11:02:03","guid":{"rendered":"http:\/\/www.tvturk.com\/index.php\/japon-liderden-afetlere-karsi-isbirligi-mesaji\/"},"modified":"2019-09-23T14:02:03","modified_gmt":"2019-09-23T11:02:03","slug":"japon-liderden-afetlere-karsi-isbirligi-mesaji","status":"publish","type":"post","link":"http:\/\/www.tvturk.com\/index.php\/japon-liderden-afetlere-karsi-isbirligi-mesaji\/","title":{"rendered":"Japon liderden afetlere kar\u015f\u0131 i\u015fbirli\u011fi mesaj\u0131"},"content":{"rendered":"<p>Japonya h\u00fck\u00fcmetinin koalisyon orta\u011f\u0131 Komeito Partisi Genel Ba\u015fkan\u0131 Natsuo Yamaguchi, Japonya\u2019n\u0131n Ankara B\u00fcy\u00fckel\u00e7isi Akio Miyajima ve beraberlerindeki heyet ile Eski\u015fehir Valisi \u00d6zdemir \u00c7akacak\u2019\u0131 makam\u0131nda ziyaret etti. Genel Ba\u015fkan Yamaguchi, &#8220;T\u00fcrkiye\u2019de depremler son g\u00fcnlerde g\u00fcndeme geldi. Do\u011fal afeti \u00f6nleme konusunda iki \u00fclke aras\u0131nda i\u015fbirli\u011fi yapabilece\u011fimize inan\u0131yoruz&#8221; dedi.<\/p>\n<p>Japonya h\u00fck\u00fcmetinin koalisyon orta\u011f\u0131 Komeito Partisi Genel Ba\u015fkan\u0131 Natsuo Yamaguchi, bir tak\u0131m g\u00f6r\u00fc\u015fmeler ve ziyaretlerde bulunmak \u00fczere Eski\u015fehir\u2019e geldi. Eski\u015fehir Valili\u011finde Vali \u00d6zdemir \u00c7akacak\u2019\u0131 ziyaret eden Genel Ba\u015fkan Yamuguchi\u2019ye Japonya\u2019n\u0131n Ankara B\u00fcy\u00fckel\u00e7isi Akio Miyajima ve beraberlerindeki yetkililer e\u015flik etti. Ziyarette Komeito Partisi Genel Ba\u015fkan\u0131 Yamaguchi ve Vali \u00c7akacak, valilik an\u0131 defterini imzalad\u0131lar. Ard\u0131ndan bir konu\u015fma yapan Vali \u00d6zdemir \u00c7akacak, iki \u00fclke aras\u0131ndaki ili\u015fkilerin her ge\u00e7en y\u0131l artt\u0131\u011f\u0131n\u0131 s\u00f6yledi. Vali \u00c7akacak, &#8220;Japonya\u2019da h\u00fck\u00fcmet orta\u011f\u0131 Komeito Partisi Genel Ba\u015fkan\u0131 Natsuo Yamaguchi ve de\u011ferli heyetini ilimizde a\u011f\u0131rlamaktan, misafir etmekten b\u00fcy\u00fck bir mutluluk duydu\u011fumu ifade ediyor, de\u011ferli dostlar\u0131m\u0131za ho\u015f geldiniz diyorum. T\u00fcrk-Japon ili\u015fkileri 1800\u2019l\u00fc y\u0131llar\u0131n sonunda ba\u015flam\u0131\u015f ve ge\u00e7mi\u015ften bug\u00fcne gelen dostluk \u00e7er\u00e7evesi \u00fczerine oturmu\u015f, kar\u015f\u0131l\u0131kl\u0131 \u00e7\u0131karlar ve sayg\u0131 \u00e7er\u00e7evesinde devaml\u0131 b\u00fcy\u00fcyen ve ivme kazanan bir ili\u015fkimiz vard\u0131r. \u0130ki \u00fclke \u00fcst d\u00fczey y\u00f6neticilerinin kar\u015f\u0131l\u0131kl\u0131 olarak yapt\u0131\u011f\u0131 ziyaretlerden var olan ili\u015fkilerimiz k\u00fclt\u00fcrel \u00e7er\u00e7evede ve ekonomik ili\u015fkiler boyutunda her ge\u00e7en y\u0131l daha da artmaktad\u0131r. Japon ekonomisi d\u00fcnyan\u0131n en b\u00fcy\u00fck \u00fc\u00e7\u00fcnc\u00fc ekonomisidir. Asya\u2019n\u0131n en do\u011fusundaki Japonya ile Avrupa\u2019n\u0131n en bat\u0131s\u0131nda bulunan T\u00fcrkiye aras\u0131nda var olan bu dostane ili\u015fkilerin, ekonomik ili\u015fkilerin bu t\u00fcr ziyaretler ile \u00e7ok daha art\u0131p geli\u015fece\u011fine inan\u0131yoruz&#8221; dedi.<\/p>\n<p>&#8220;Do\u011fal afeti \u00f6nleme konusunda iki \u00fclke aras\u0131nda i\u015fbirli\u011fi yapabilece\u011fimize inan\u0131yoruz&#8221;<\/p>\n<p>Japonya Komeito Partisi Genel Ba\u015fkan\u0131 Nadsuo Yamaguchi, ziyarette yapt\u0131\u011f\u0131 konu\u015fmada, T\u00fcrkiye\u2019nin Tokyo B\u00fcy\u00fckel\u00e7isi Murat Mercan\u2019\u0131n memleketi olan Eski\u015fehir\u2019i ziyaret etmelerini istedi\u011fini kaydetti. Do\u011fal afetleri \u00f6nleme konusunda T\u00fcrkiye ile i\u015fbirli\u011fi yapabileceklerine inand\u0131\u011f\u0131n\u0131 belirten Yamaguchi, &#8220;Son y\u0131llarda Japonya T\u00fcrkiye ili\u015fkileri \u00fcst d\u00fczey ziyaretler vesilesiyle ekonomik ve k\u00fclt\u00fcrel anlamda ger\u00e7ekten b\u00fcy\u00fck bir ivme kazand\u0131. T\u00fcrkiye\u2019yi 2003 y\u0131l\u0131nda ziyaret ettim. O y\u0131llar ile bug\u00fcn\u00fc k\u0131yaslad\u0131\u011f\u0131m zaman T\u00fcrkiye\u2019nin ekonomik durumunun o zamankinden daha g\u00f6rkemli bir \u015fekilde geli\u015fti\u011fini fark ettim. Japonya\u2019da do\u011fal afetler her zaman g\u00fcndeme gelmi\u015ftir. T\u00fcrkiye\u2019de de depremler son g\u00fcnlerde g\u00fcndeme geldi. Do\u011fal afeti \u00f6nleme konusunda iki \u00fclke aras\u0131nda i\u015fbirli\u011fi yapabilece\u011fimize inan\u0131yoruz. Olimpiyatlar\u0131n, spor ve turizm anlam\u0131nda da kar\u015f\u0131l\u0131kl\u0131 ziyaretlerin daha da geli\u015ftirece\u011fine inan\u0131yoruz. Sanayi \u015fehri olan Eski\u015fehir\u2019de fabrikalar\u0131 ziyaret edece\u011fiz. Bunun sonu\u00e7lar\u0131n\u0131 ise Japonya\u2019daki dostlar\u0131m\u0131zla payla\u015f\u0131p ikili ili\u015fkilerin daha da geni\u015flemesine katk\u0131da bulunmak isteriz&#8221; diye konu\u015ftu.<\/p>\n","protected":false},"excerpt":{"rendered":"<p>JAPONYA H\u00dcK\u00dcMET\u0130N\u0130N KOAL\u0130SYON ORTA\u011eI KOME\u0130TO PART\u0130S\u0130 GENEL BA\u015eKANI NATSUO YAMAGUCH\u0130, JAPONYA\u2019NIN ANKARA B\u00dcY\u00dcKEL\u00c7\u0130S\u0130 AK\u0130O M\u0130YAJ\u0130MA VE BERABERLER\u0130NDEK\u0130 HEYET \u0130LE ESK\u0130\u015eEH\u0130R VAL\u0130S\u0130 \u00d6ZDEM\u0130R \u00c7AKACAK\u2019I MAKAMINDA Z\u0130YARET ETT\u0130<\/p>\n","protected":false},"author":1,"featured_media":206579,"comment_status":"closed","ping_status":"open","sticky":false,"template":"","format":"standard","meta":{"jetpack_post_was_ever_published":false,"_jetpack_newsletter_access":"","_jetpack_dont_email_post_to_subs":false,"_jetpack_newsletter_tier_id":0,"_jetpack_memberships_contains_paywalled_content":false,"_jetpack_memberships_contains_paid_content":false,"footnotes":"","jetpack_publicize_message":"","jetpack_publicize_feature_enabled":true,"jetpack_social_post_already_shared":true,"jetpack_social_options":{"image_generator_settings":{"template":"highway","default_image_id":0,"font":"","enabled":false},"version":2}},"categories":[1],"tags":[11462,2909,1711,2541,52171,3121],"class_list":["post-206578","post","type-post","status-publish","format-standard","has-post-thumbnail","hentry","category-genel","tag-afetlere","tag-isbirligi","tag-japon","tag-karsi","tag-liderden","tag-mesaji"],"jetpack_publicize_connections":[],"jetpack_featured_media_url":"https:\/\/i0.wp.com\/www.tvturk.com\/wp-content\/uploads\/2019\/09\/japon-liderden-afetlere-karsi-isbirligi-mesaji_59ddf11.jpg?fit=1000%2C666","jetpack_sharing_enabled":true,"jetpack_shortlink":"https:\/\/wp.me\/paKIfm-RJU","_links":{"self":[{"href":"http:\/\/www.tvturk.com\/index.php\/wp-json\/wp\/v2\/posts\/206578","targetHints":{"allow":["GET"]}}],"collection":[{"href":"http:\/\/www.tvturk.com\/index.php\/wp-json\/wp\/v2\/posts"}],"about":[{"href":"http:\/\/www.tvturk.com\/index.php\/wp-json\/wp\/v2\/types\/post"}],"author":[{"embeddable":true,"href":"http:\/\/www.tvturk.com\/index.php\/wp-json\/wp\/v2\/users\/1"}],"replies":[{"embeddable":true,"href":"http:\/\/www.tvturk.com\/index.php\/wp-json\/wp\/v2\/comments?post=206578"}],"version-history":[{"count":0,"href":"http:\/\/www.tvturk.com\/index.php\/wp-json\/wp\/v2\/posts\/206578\/revisions"}],"wp:featuredmedia":[{"embeddable":true,"href":"http:\/\/www.tvturk.com\/index.php\/wp-json\/wp\/v2\/media\/206579"}],"wp:attachment":[{"href":"http:\/\/www.tvturk.com\/index.php\/wp-json\/wp\/v2\/media?parent=206578"}],"wp:term":[{"taxonomy":"category","embeddable":true,"href":"http:\/\/www.tvturk.com\/index.php\/wp-json\/wp\/v2\/categories?post=206578"},{"taxonomy":"post_tag","embeddable":true,"href":"http:\/\/www.tvturk.com\/index.php\/wp-json\/wp\/v2\/tags?post=206578"}],"curies":[{"name":"wp","href":"https:\/\/api.w.org\/{rel}","templated":true}]}}