{"id":206590,"date":"2019-09-23T14:16:37","date_gmt":"2019-09-23T11:16:37","guid":{"rendered":"http:\/\/www.tvturk.com\/index.php\/gumushanede-iklimi-sasiran-visne-agaci-sonbaharda-cicek-acti\/"},"modified":"2019-09-23T14:16:37","modified_gmt":"2019-09-23T11:16:37","slug":"gumushanede-iklimi-sasiran-visne-agaci-sonbaharda-cicek-acti","status":"publish","type":"post","link":"http:\/\/www.tvturk.com\/index.php\/gumushanede-iklimi-sasiran-visne-agaci-sonbaharda-cicek-acti\/","title":{"rendered":"G\u00fcm\u00fc\u015fhane\u2019de iklimi \u015fa\u015f\u0131ran vi\u015fne a\u011fac\u0131 sonbaharda \u00e7i\u00e7ek a\u00e7t\u0131"},"content":{"rendered":"<p>S\u0131rad\u0131\u015f\u0131 co\u011frafyas\u0131yla bilinen G\u00fcm\u00fc\u015fhane\u2019de iki \u00f6nce ya\u011fan kar ya\u011f\u0131\u015f\u0131na ve so\u011fuk havaya ra\u011fmen bir vi\u015fne a\u011fac\u0131n\u0131n \u00e7i\u00e7ek a\u00e7mas\u0131 \u015fa\u015fk\u0131nl\u0131kla kar\u015f\u0131land\u0131.<\/p>\n<p>Kent merkezinin Eskiba\u011flar Mahallesinde bulunan ve birka\u00e7 y\u0131l \u00f6nce dikilen vi\u015fne a\u011fac\u0131 Eyl\u00fcl ay\u0131n\u0131n son g\u00fcnlerinde \u00e7i\u00e7ek a\u00e7t\u0131. Merhum Y\u00fcksel K\u00f6m\u00fcrc\u00fco\u011flu\u2019nun bah\u00e7esinde o\u011fullar\u0131 taraf\u0131ndan 3-4 y\u0131l \u00f6nce dikilen vi\u015fne a\u011fac\u0131 yaz mevsiminde meyve verdikten sonra sonbahar mevsiminde yeniden \u00e7i\u00e7ek a\u00e7t\u0131.<\/p>\n<p>Ye\u015fil yapraklar\u0131n\u0131n aras\u0131nda birka\u00e7 \u00e7i\u00e7e\u011fi a\u00e7an vi\u015fne a\u011fac\u0131n\u0131n bu y\u0131l olduk\u00e7a bol miktarda meyve verdi\u011fi \u00f6\u011frenilirken, ge\u00e7ti\u011fimiz y\u0131llarda da ayn\u0131 mahalle de ba\u015fka bir vi\u015fne a\u011fac\u0131 yine bu aylarca \u00e7i\u00e7ek a\u00e7m\u0131\u015ft\u0131.<\/p>\n<p>\u201cBu bize mevsimlerin art\u0131k de\u011fi\u015fti\u011fini g\u00f6steriyor\u201d<\/p>\n<p>Mahalle sakinlerinden Yal\u00e7\u0131nkaya K\u00f6m\u00fcrc\u00fco\u011flu, eski ismiyle Halgent Mahallesinde bulunan vi\u015fne a\u011fac\u0131n\u0131n 23 Eyl\u00fcl\u2019de \u00e7i\u00e7ek a\u00e7t\u0131\u011f\u0131n\u0131 belirterek, \u201cEyl\u00fcl ay\u0131n\u0131n sonlar\u0131nda \u00e7i\u00e7ek a\u00e7an bu vi\u015fne a\u011fac\u0131 d\u00fcnyadaki iklim de\u011fi\u015fikli\u011fi, k\u00fcresel \u0131s\u0131nmadan kaynakl\u0131 olaylar nedeniyle bir y\u0131lda iki defa \u00e7i\u00e7ek a\u00e7t\u0131. \u0130kinci \u00e7i\u00e7e\u011finde \u00fcr\u00fcn verme imkan\u0131 yok. Ayn\u0131 b\u00f6lgede benim bah\u00e7emde de 2 y\u0131l \u00f6nce ayn\u0131 \u015fekilde vi\u015fne a\u011fac\u0131 \u00e7i\u00e7ek a\u00e7m\u0131\u015ft\u0131. Bu bize mevsimlerin art\u0131k de\u011fi\u015fti\u011fini g\u00f6steriyor\u201d dedi.<\/p>\n<p>Bu a\u011fa\u00e7lar\u0131n niye \u00e7i\u00e7ek a\u00e7t\u0131\u011f\u0131n\u0131n ara\u015ft\u0131r\u0131lmas\u0131 gerekti\u011fini kaydeden K\u00f6m\u00fcrc\u00fco\u011flu, \u201c\u0130ki g\u00fcn \u00f6nce \u015fehrin y\u00fcksek kesimlerine y\u0131l\u0131n ilk kar ya\u011f\u0131\u015f\u0131 ger\u00e7ekle\u015fmi\u015f ve ciddi so\u011fuk olmu\u015ftu. Ona ra\u011fmen bu a\u011fa\u00e7 \u00e7i\u00e7ek a\u00e7m\u0131\u015f \u00fcstelik o so\u011fu\u011fa da dayanabilmi\u015f. Bizim buralarda \u2018Bursa vi\u015fnesi\u2019 ad\u0131yla bilinen bir a\u011fa\u00e7. A\u011fa\u00e7lar\u0131n mevsimi d\u0131\u015f\u0131nda \u00e7i\u00e7ek a\u00e7mas\u0131 \u00e7ok s\u0131k g\u00f6r\u00fclmeyen bir durum\u201d diye konu\u015ftu.<\/p>\n","protected":false},"excerpt":{"rendered":"<p>SIRADI\u015eI CO\u011eRAFYASIYLA B\u0130L\u0130NEN G\u00dcM\u00dc\u015eHANE\u2019DE \u0130K\u0130 \u00d6NCE YA\u011eAN KAR YA\u011eI\u015eINA VE SO\u011eUK HAVAYA RA\u011eMEN B\u0130R V\u0130\u015eNE A\u011eACININ \u00c7\u0130\u00c7EK A\u00c7MASI \u015eA\u015eKINLIKLA KAR\u015eILANDI.<\/p>\n","protected":false},"author":1,"featured_media":206591,"comment_status":"closed","ping_status":"open","sticky":false,"template":"","format":"standard","meta":{"jetpack_post_was_ever_published":false,"_jetpack_newsletter_access":"","_jetpack_dont_email_post_to_subs":false,"_jetpack_newsletter_tier_id":0,"_jetpack_memberships_contains_paywalled_content":false,"_jetpack_memberships_contains_paid_content":false,"footnotes":"","jetpack_publicize_message":"","jetpack_publicize_feature_enabled":true,"jetpack_social_post_already_shared":true,"jetpack_social_options":{"image_generator_settings":{"template":"highway","default_image_id":0,"font":"","enabled":false},"version":2}},"categories":[1],"tags":[1494,884,1654,2784,34227,41340,22052,43187],"class_list":["post-206590","post","type-post","status-publish","format-standard","has-post-thumbnail","hentry","category-genel","tag-acti","tag-agaci","tag-cicek","tag-gumushanede","tag-iklimi","tag-sasiran","tag-sonbaharda","tag-visne"],"jetpack_publicize_connections":[],"jetpack_featured_media_url":"https:\/\/i0.wp.com\/www.tvturk.com\/wp-content\/uploads\/2019\/09\/gumushanede-iklimi-sasiran-visne-agaci-sonbaharda-cicek-acti_9fca60b.jpg?fit=1000%2C666","jetpack_sharing_enabled":true,"jetpack_shortlink":"https:\/\/wp.me\/paKIfm-RK6","_links":{"self":[{"href":"http:\/\/www.tvturk.com\/index.php\/wp-json\/wp\/v2\/posts\/206590","targetHints":{"allow":["GET"]}}],"collection":[{"href":"http:\/\/www.tvturk.com\/index.php\/wp-json\/wp\/v2\/posts"}],"about":[{"href":"http:\/\/www.tvturk.com\/index.php\/wp-json\/wp\/v2\/types\/post"}],"author":[{"embeddable":true,"href":"http:\/\/www.tvturk.com\/index.php\/wp-json\/wp\/v2\/users\/1"}],"replies":[{"embeddable":true,"href":"http:\/\/www.tvturk.com\/index.php\/wp-json\/wp\/v2\/comments?post=206590"}],"version-history":[{"count":0,"href":"http:\/\/www.tvturk.com\/index.php\/wp-json\/wp\/v2\/posts\/206590\/revisions"}],"wp:featuredmedia":[{"embeddable":true,"href":"http:\/\/www.tvturk.com\/index.php\/wp-json\/wp\/v2\/media\/206591"}],"wp:attachment":[{"href":"http:\/\/www.tvturk.com\/index.php\/wp-json\/wp\/v2\/media?parent=206590"}],"wp:term":[{"taxonomy":"category","embeddable":true,"href":"http:\/\/www.tvturk.com\/index.php\/wp-json\/wp\/v2\/categories?post=206590"},{"taxonomy":"post_tag","embeddable":true,"href":"http:\/\/www.tvturk.com\/index.php\/wp-json\/wp\/v2\/tags?post=206590"}],"curies":[{"name":"wp","href":"https:\/\/api.w.org\/{rel}","templated":true}]}}