{"id":206604,"date":"2019-09-23T14:32:06","date_gmt":"2019-09-23T11:32:06","guid":{"rendered":"http:\/\/www.tvturk.com\/index.php\/bingolden-diyarbakirdaki-annelere-destek\/"},"modified":"2019-09-23T14:32:06","modified_gmt":"2019-09-23T11:32:06","slug":"bingolden-diyarbakirdaki-annelere-destek","status":"publish","type":"post","link":"http:\/\/www.tvturk.com\/index.php\/bingolden-diyarbakirdaki-annelere-destek\/","title":{"rendered":"Bing\u00f6l\u2019den Diyarbak\u0131r\u2019daki annelere destek"},"content":{"rendered":"<p>Diyarbak\u0131r\u2019da evlatlar\u0131 i\u00e7in HDP \u00f6n\u00fcnde tepkilerini dile getirip n\u00f6bet tutan annelere Bing\u00f6l\u2019den destek geldi.<\/p>\n<p>HDP Diyarbak\u0131r \u0130l Ba\u015fkanl\u0131\u011f\u0131 \u00f6n\u00fcnde evlat n\u00f6beti tutan ailelere, Bing\u00f6l\u2019den destek geldi. Bing\u00f6l Sivil \u0130nisiyatif Platformu taraf\u0131ndan Gen\u00e7 Caddesi saat kulesi \u00f6n\u00fcnde \u2018Annelere destek ter\u00f6re lanet\u2019 bas\u0131n a\u00e7\u0131klamas\u0131 ger\u00e7ekle\u015ftirildi. T\u00fcrk bayraklar\u0131n\u0131n a\u00e7\u0131ld\u0131\u011f\u0131, vatanda\u015flar\u0131n &#8220;Kahrolsun PKK&#8221; slogan\u0131 att\u0131\u011f\u0131 destek a\u00e7\u0131klamas\u0131na \u00e7ok say\u0131da ki\u015fi kat\u0131ld\u0131.<\/p>\n<p>Platformu ad\u0131na konu\u015fan \u015eehit Aileleri ve Gazileri Derne\u011fi (B\u0130\u015eHAK) Naim Tan, &#8220;Anneler i\u00e7in evlatlar\u0131 kutsald\u0131r. Hi\u00e7 bir anne evlad\u0131n\u0131 g\u00f6z g\u00f6re g\u00f6re da\u011fa g\u00f6t\u00fcr\u00fcl\u00fcp ter\u00f6rist yap\u0131lmas\u0131na ve \u00f6ld\u00fcr\u00fclmesine raz\u0131 olmaz, olmamal\u0131d\u0131r. \u00dcstelik bu evlatlar birilerinin istikbali i\u00e7in, birilerinin saltanat s\u00fcrmesi i\u00e7in \u00f6l\u00fcme g\u00f6t\u00fcr\u00fcl\u00fcyorsa hi\u00e7 bir anne, hatta insan olan hi\u00e7 kimse bu duruma sessiz kalamaz, r\u0131za g\u00f6steremez. Diyarbak\u0131r\u2019daki bu annelerin eylemi bir insanl\u0131k n\u00f6betidir. Duru\u015flar\u0131 kutsald\u0131r, m\u00fcbarektir. Bu m\u00fcbarek duru\u015fa siyasi anlam, ideolojik anlam y\u00fcklemek isteyen haindir, al\u00e7akt\u0131r\u201d dedi.<\/p>\n<p>\u201cHDP\u2019nin kapat\u0131lmas\u0131n\u0131 talep ediyoruz\u201d<\/p>\n<p>HDP\u2019nin kapat\u0131lmas\u0131n\u0131 talep ettiklerini belirten Tan, \u201cHDP\u2019li y\u00f6neticilerinin \u00e7ocuklar\u0131 T\u00fcrkiye\u2019nin, Avrupa\u2019n\u0131n en g\u00fczel okullar\u0131nda okuyorlar, l\u00fcks ve \u015fatafat i\u00e7inde bir hayat s\u00fcrd\u00fcr\u00fcyorlar. Bu HDP\u2019liler \u00e7ocuklar\u0131n hayat\u0131 \u00fczerinde siyaset yap\u0131yorlar. Ne kadar \u00e7ocuk \u00f6l\u00fcrse o kadar siyasetteki yerleri garanti oluyor. Bunlar\u0131n hizmet siyaseti gibi bir derdi yok, K\u00fcrt halk\u0131 gibi bir dertleri yok. Bunlar PKK\u2019n\u0131n ma\u015fas\u0131, PKK\u2019n\u0131n piyonu, k\u00fcrtlerin d\u00fc\u015fman\u0131d\u0131rlar. Bu direni\u015f HDP\u2019nin PKK\u2019n\u0131n kimyas\u0131n\u0131 bozmu\u015ftur. Bu direni\u015f sayesinde PKK ter\u00f6r \u00f6rg\u00fct\u00fcne kat\u0131l\u0131m olmayacak, aileler \u00e7ocuklar\u0131n\u0131n da\u011fa g\u00f6nderilmesine izin vermeyecektir. Bu durumda in\u015fallah PKK\u2019n\u0131n bitmesine vesile olacakt\u0131r. Biz bir kez daha Bing\u00f6l\u2019den t\u00fcm yetkililere sesleniyoruz, art\u0131k gen\u00e7lerimizin \u00f6lmemesi i\u00e7in, \u00e7ocuklar\u0131m\u0131z\u0131n zorla ka\u00e7\u0131r\u0131lmamas\u0131 i\u00e7in HDP\u2019nin kapat\u0131lmas\u0131n\u0131 talep ediyoruz\u201d ifadelerini kulland\u0131.<\/p>\n","protected":false},"excerpt":{"rendered":"<p>D\u0130YARBAKIR\u2019DA EVLATLARI \u0130\u00c7\u0130N HDP PART\u0130 B\u0130NASI \u00d6N\u00dcNDE N\u00d6BET TUTAN ANNELERE B\u0130NG\u00d6L\u2019DEN DESTEK A\u00c7IKLAMASI GELD\u0130<\/p>\n","protected":false},"author":1,"featured_media":206605,"comment_status":"closed","ping_status":"open","sticky":false,"template":"","format":"standard","meta":{"jetpack_post_was_ever_published":false,"_jetpack_newsletter_access":"","_jetpack_dont_email_post_to_subs":false,"_jetpack_newsletter_tier_id":0,"_jetpack_memberships_contains_paywalled_content":false,"_jetpack_memberships_contains_paid_content":false,"footnotes":"","jetpack_publicize_message":"","jetpack_publicize_feature_enabled":true,"jetpack_social_post_already_shared":true,"jetpack_social_options":{"image_generator_settings":{"template":"highway","default_image_id":0,"font":"","enabled":false},"version":2}},"categories":[1],"tags":[7406,20766,61,29890],"class_list":["post-206604","post","type-post","status-publish","format-standard","has-post-thumbnail","hentry","category-genel","tag-annelere","tag-bingolden","tag-destek","tag-diyarbakirdaki"],"jetpack_publicize_connections":[],"jetpack_featured_media_url":"https:\/\/i0.wp.com\/www.tvturk.com\/wp-content\/uploads\/2019\/09\/bingolden-diyarbakirdaki-annelere-destek_32c0b13.jpg?fit=1000%2C562","jetpack_sharing_enabled":true,"jetpack_shortlink":"https:\/\/wp.me\/paKIfm-RKk","_links":{"self":[{"href":"http:\/\/www.tvturk.com\/index.php\/wp-json\/wp\/v2\/posts\/206604","targetHints":{"allow":["GET"]}}],"collection":[{"href":"http:\/\/www.tvturk.com\/index.php\/wp-json\/wp\/v2\/posts"}],"about":[{"href":"http:\/\/www.tvturk.com\/index.php\/wp-json\/wp\/v2\/types\/post"}],"author":[{"embeddable":true,"href":"http:\/\/www.tvturk.com\/index.php\/wp-json\/wp\/v2\/users\/1"}],"replies":[{"embeddable":true,"href":"http:\/\/www.tvturk.com\/index.php\/wp-json\/wp\/v2\/comments?post=206604"}],"version-history":[{"count":0,"href":"http:\/\/www.tvturk.com\/index.php\/wp-json\/wp\/v2\/posts\/206604\/revisions"}],"wp:featuredmedia":[{"embeddable":true,"href":"http:\/\/www.tvturk.com\/index.php\/wp-json\/wp\/v2\/media\/206605"}],"wp:attachment":[{"href":"http:\/\/www.tvturk.com\/index.php\/wp-json\/wp\/v2\/media?parent=206604"}],"wp:term":[{"taxonomy":"category","embeddable":true,"href":"http:\/\/www.tvturk.com\/index.php\/wp-json\/wp\/v2\/categories?post=206604"},{"taxonomy":"post_tag","embeddable":true,"href":"http:\/\/www.tvturk.com\/index.php\/wp-json\/wp\/v2\/tags?post=206604"}],"curies":[{"name":"wp","href":"https:\/\/api.w.org\/{rel}","templated":true}]}}