{"id":206680,"date":"2019-09-23T16:16:12","date_gmt":"2019-09-23T13:16:12","guid":{"rendered":"http:\/\/www.tvturk.com\/index.php\/irak-cumhurbaskani-salih-pompeo-ile-gorustu\/"},"modified":"2019-09-23T16:16:12","modified_gmt":"2019-09-23T13:16:12","slug":"irak-cumhurbaskani-salih-pompeo-ile-gorustu","status":"publish","type":"post","link":"http:\/\/www.tvturk.com\/index.php\/irak-cumhurbaskani-salih-pompeo-ile-gorustu\/","title":{"rendered":"Irak Cumhurba\u015fkan\u0131 Salih, Pompeo ile g\u00f6r\u00fc\u015ft\u00fc"},"content":{"rendered":"<p>Birle\u015fmi\u015f Milletler Genel Kurulu toplant\u0131s\u0131na kat\u0131lmak \u00fczere New York\u2019ta bulunan Irak Cumhurba\u015fkan\u0131 Berhem Salih, ABD D\u0131\u015fi\u015fleri Bakan\u0131 Mike Pompeo ile b\u00f6lgedeki siyasi geli\u015fmeleri ele ald\u0131\u011f\u0131 bildirildi.<\/p>\n<p>Irak Cumhurba\u015fkanl\u0131\u011f\u0131 Bas\u0131n Ofisi\u2019nden yap\u0131lan yaz\u0131l\u0131 a\u00e7\u0131klamada, New York\u2019taki BM Genel Kurulu toplant\u0131s\u0131na kat\u0131lan Irak Cumhurba\u015fkan\u0131 Berhem Salih\u2019in, ABD D\u0131\u015fi\u015fleri Bakan\u0131 Mike Pompeo ile bir araya geldi\u011fi belirtilerek, siyasi sahadaki geli\u015fmeler ve ikili ili\u015fkileri ele ald\u0131klar\u0131 kaydedildi.<\/p>\n<p>Irak Cumhurba\u015fkan\u0131 Salih\u2019in b\u00f6lgenin istikrar\u0131 i\u00e7in gerilimi azaltmak ve sorunlar\u0131 diyalog yoluyla \u00e7\u00f6zmeye \u00e7a\u011f\u0131rd\u0131\u011f\u0131 kaydedilen a\u00e7\u0131klama, d\u00fcnya bar\u0131\u015f ve huzuru i\u00e7in ter\u00f6re kar\u015f\u0131 sava\u015f\u0131n s\u00fcrd\u00fcr\u00fclmesi gerekti\u011fini vurgulad\u0131\u011f\u0131 aktar\u0131ld\u0131.<\/p>\n<p>ABD ile \u0130ran aras\u0131ndaki gerilim artarken Irak\u2019ta huzurun sa\u011flanmas\u0131 i\u00e7in iki \u00fclke aras\u0131nda arabuluculuk yapmaya haz\u0131r oldu\u011funu s\u00f6ylemi\u015fti.<\/p>\n","protected":false},"excerpt":{"rendered":"<p>ERHEM SAL\u0130H, ABD DI\u015e\u0130\u015eLER\u0130 BAKANI M\u0130KE POMPEO \u0130LE B\u00d6LGEDEK\u0130 S\u0130YAS\u0130 GEL\u0130\u015eMELER\u0130 ELE ALDI\u011eI B\u0130LD\u0130R\u0130LD\u0130.<\/p>\n","protected":false},"author":1,"featured_media":206681,"comment_status":"closed","ping_status":"open","sticky":false,"template":"","format":"standard","meta":{"jetpack_post_was_ever_published":false,"_jetpack_newsletter_access":"","_jetpack_dont_email_post_to_subs":false,"_jetpack_newsletter_tier_id":0,"_jetpack_memberships_contains_paywalled_content":false,"_jetpack_memberships_contains_paid_content":false,"footnotes":"","jetpack_publicize_message":"","jetpack_publicize_feature_enabled":true,"jetpack_social_post_already_shared":true,"jetpack_social_options":{"image_generator_settings":{"template":"highway","default_image_id":0,"font":"","enabled":false},"version":2}},"categories":[10],"tags":[503,316,192,1248,11054,8860],"class_list":["post-206680","post","type-post","status-publish","format-standard","has-post-thumbnail","hentry","category-dunya","tag-cumhurbaskani","tag-gorustu","tag-ile","tag-irak","tag-pompeo","tag-salih"],"jetpack_publicize_connections":[],"jetpack_featured_media_url":"https:\/\/i0.wp.com\/www.tvturk.com\/wp-content\/uploads\/2019\/09\/irak-cumhurbaskani-salih-pompeo-ile-gorustu_ead94f5.jpg?fit=1000%2C666","jetpack_sharing_enabled":true,"jetpack_shortlink":"https:\/\/wp.me\/paKIfm-RLy","_links":{"self":[{"href":"http:\/\/www.tvturk.com\/index.php\/wp-json\/wp\/v2\/posts\/206680","targetHints":{"allow":["GET"]}}],"collection":[{"href":"http:\/\/www.tvturk.com\/index.php\/wp-json\/wp\/v2\/posts"}],"about":[{"href":"http:\/\/www.tvturk.com\/index.php\/wp-json\/wp\/v2\/types\/post"}],"author":[{"embeddable":true,"href":"http:\/\/www.tvturk.com\/index.php\/wp-json\/wp\/v2\/users\/1"}],"replies":[{"embeddable":true,"href":"http:\/\/www.tvturk.com\/index.php\/wp-json\/wp\/v2\/comments?post=206680"}],"version-history":[{"count":0,"href":"http:\/\/www.tvturk.com\/index.php\/wp-json\/wp\/v2\/posts\/206680\/revisions"}],"wp:featuredmedia":[{"embeddable":true,"href":"http:\/\/www.tvturk.com\/index.php\/wp-json\/wp\/v2\/media\/206681"}],"wp:attachment":[{"href":"http:\/\/www.tvturk.com\/index.php\/wp-json\/wp\/v2\/media?parent=206680"}],"wp:term":[{"taxonomy":"category","embeddable":true,"href":"http:\/\/www.tvturk.com\/index.php\/wp-json\/wp\/v2\/categories?post=206680"},{"taxonomy":"post_tag","embeddable":true,"href":"http:\/\/www.tvturk.com\/index.php\/wp-json\/wp\/v2\/tags?post=206680"}],"curies":[{"name":"wp","href":"https:\/\/api.w.org\/{rel}","templated":true}]}}