{"id":206682,"date":"2019-09-23T16:16:26","date_gmt":"2019-09-23T13:16:26","guid":{"rendered":"http:\/\/www.tvturk.com\/index.php\/global-marka-olma-yolunda-hizla-ilerliyoruz\/"},"modified":"2019-09-23T16:16:26","modified_gmt":"2019-09-23T13:16:26","slug":"global-marka-olma-yolunda-hizla-ilerliyoruz","status":"publish","type":"post","link":"http:\/\/www.tvturk.com\/index.php\/global-marka-olma-yolunda-hizla-ilerliyoruz\/","title":{"rendered":"\u201cGlobal marka olma yolunda h\u0131zla ilerliyoruz\u201d"},"content":{"rendered":"<p>DeFacto Pazarlama Direkt\u00f6r\u00fc Ahmet Ya\u011fl\u0131c\u0131o\u011flu,  \u201cGlobal pazardaki rekabet alan\u0131na \u00e7\u0131karken, m\u00fc\u015fterilere ula\u015f\u0131labilir olman\u0131z, do\u011fru fiyatland\u0131rma ve yerel ihtiyaca uygun \u00fcr\u00fcn yelpazeniz ve markan\u0131z\u0131 anlatt\u0131\u011f\u0131n\u0131z do\u011fru bir hikayeniz olmas\u0131 gerekiyor. Global marka olma yolunda h\u0131zla ilerliyoruz\u201d dedi.<\/p>\n<p>DeFacto Pazarlama Direkt\u00f6r\u00fc Ahmet Ya\u011fl\u0131c\u0131o\u011flu \u0130zmir\u2019de d\u00fczenlenen 6. Ege Marka Y\u00f6netimi Zirvesi\u2019nde bir sunum ger\u00e7ekle\u015ftirdi. \u2018Global Markalar Yaratmak\u2019 ba\u015fl\u0131kl\u0131 sunumunda Ya\u011fl\u0131c\u0131o\u011flu, DeFacto\u2019nun 30 \u00fclkede s\u00fcrd\u00fcrd\u00fc\u011f\u00fc global pazarlama yolculu\u011funu kat\u0131l\u0131mc\u0131lara anlatt\u0131.<\/p>\n<p>Ahmet Ya\u011fl\u0131c\u0131o\u011flu, ba\u015fl\u0131kl\u0131 sunumunda, markalar\u0131n yerelden globale giderken g\u00f6z ard\u0131 etmemesi gereken unsurlar\u0131 anlatt\u0131. Ya\u011fl\u0131c\u0131o\u011flu, \u201c\u00dclkeler aras\u0131ndaki s\u0131n\u0131rlar\u0131n kalkt\u0131\u011f\u0131, globalle\u015fen ve dijitalle\u015fen d\u00fcnyada markalar\u0131n arkas\u0131nda durdu\u011fu cesur pazarlama stratejilerinin olmas\u0131 gerekiyor. Global pazardaki rekabet alan\u0131na \u00e7\u0131karken, m\u00fc\u015fterilere ula\u015f\u0131labilir olman\u0131z, do\u011fru fiyatland\u0131rma ve yerel ihtiyaca uygun \u00fcr\u00fcn yelpazeniz ve markan\u0131z\u0131 anlatt\u0131\u011f\u0131n\u0131z do\u011fru bir hikayeniz olmas\u0131 gerekiyor\u201d a\u00e7\u0131klamas\u0131nda bulundu.<\/p>\n<p>\u015eirketin de\u011fi\u015fen d\u00fcnyan\u0131n trendlerine ayak uyduran, h\u0131zl\u0131, rekabet\u00e7i, yenilik\u00e7i bir marka olmak i\u00e7in tek durakl\u0131 al\u0131\u015fveri\u015f noktas\u0131 stratejisi do\u011frultusunda hareket etti\u011finin bilgisini veren Ya\u011fl\u0131c\u0131o\u011flu, her ya\u015f grubundan m\u00fc\u015fterinin t\u00fcm giyim, aksesuar ve kozmetik ihtiyac\u0131n\u0131 ayn\u0131 anda tek bir ma\u011fazadan, defacto.com.tr\u2019den ve di\u011fer t\u00fcm digital kanallar \u00fczerinden ger\u00e7ekle\u015ftirme imkan\u0131 buldu\u011funun alt\u0131n\u0131 \u00e7izdi. Ya\u011fl\u0131c\u0131o\u011flu, DeFacto\u2019nun faaliyet g\u00f6sterdi\u011fi 30 \u00fclkede her \u00fclkenin k\u00fclt\u00fcrel \u00f6zelliklerine g\u00f6re yerelle\u015fmi\u015f pazarlama ve ileti\u015fim \u00e7al\u0131\u015fmalar\u0131 y\u00fcr\u00fctt\u00fc\u011f\u00fcn\u00fc belirterek, \u201cTV, A\u00e7\u0131khava ve Digital platformlar ba\u015fta olmak \u00fczere \u00fclkelerimizde en etkili yerel ileti\u015fim kanallar\u0131n\u0131 kullan\u0131yor, yerel \u00fcnl\u00fcler ve sosyal medya influencerlar\u0131 ile yo\u011fun bir \u015fekilde i\u015f birli\u011fi y\u00fcr\u00fct\u00fcyor, yerelle\u015fme ad\u0131na t\u00fcm sosyal medya hesaplar\u0131m\u0131zda \u00fclkenin kendi dilinde yay\u0131n yap\u0131yoruz. Bu \u015fekilde m\u00fc\u015fterilerimize kendi \u00fclkesinde lokal bir marka ileti\u015fimi y\u00f6netiyoruz\u201d dedi.<\/p>\n","protected":false},"excerpt":{"rendered":"<p>AHMET YA\u011eLICIO\u011eLU<\/p>\n","protected":false},"author":1,"featured_media":206683,"comment_status":"closed","ping_status":"open","sticky":false,"template":"","format":"standard","meta":{"jetpack_post_was_ever_published":false,"_jetpack_newsletter_access":"","_jetpack_dont_email_post_to_subs":false,"_jetpack_newsletter_tier_id":0,"_jetpack_memberships_contains_paywalled_content":false,"_jetpack_memberships_contains_paid_content":false,"footnotes":"","jetpack_publicize_message":"","jetpack_publicize_feature_enabled":true,"jetpack_social_post_already_shared":true,"jetpack_social_options":{"image_generator_settings":{"template":"highway","default_image_id":0,"font":"","enabled":false},"version":2}},"categories":[19],"tags":[2170,14586,5015,3997,6336,1464],"class_list":["post-206682","post","type-post","status-publish","format-standard","has-post-thumbnail","hentry","category-ekonomi","tag-global","tag-hizla","tag-ilerliyoruz","tag-marka","tag-olma","tag-yolunda"],"jetpack_publicize_connections":[],"jetpack_featured_media_url":"https:\/\/i0.wp.com\/www.tvturk.com\/wp-content\/uploads\/2019\/09\/global-marka-olma-yolunda-hizla-ilerliyoruz_eb15875.jpg?fit=1000%2C750","jetpack_sharing_enabled":true,"jetpack_shortlink":"https:\/\/wp.me\/paKIfm-RLA","_links":{"self":[{"href":"http:\/\/www.tvturk.com\/index.php\/wp-json\/wp\/v2\/posts\/206682","targetHints":{"allow":["GET"]}}],"collection":[{"href":"http:\/\/www.tvturk.com\/index.php\/wp-json\/wp\/v2\/posts"}],"about":[{"href":"http:\/\/www.tvturk.com\/index.php\/wp-json\/wp\/v2\/types\/post"}],"author":[{"embeddable":true,"href":"http:\/\/www.tvturk.com\/index.php\/wp-json\/wp\/v2\/users\/1"}],"replies":[{"embeddable":true,"href":"http:\/\/www.tvturk.com\/index.php\/wp-json\/wp\/v2\/comments?post=206682"}],"version-history":[{"count":0,"href":"http:\/\/www.tvturk.com\/index.php\/wp-json\/wp\/v2\/posts\/206682\/revisions"}],"wp:featuredmedia":[{"embeddable":true,"href":"http:\/\/www.tvturk.com\/index.php\/wp-json\/wp\/v2\/media\/206683"}],"wp:attachment":[{"href":"http:\/\/www.tvturk.com\/index.php\/wp-json\/wp\/v2\/media?parent=206682"}],"wp:term":[{"taxonomy":"category","embeddable":true,"href":"http:\/\/www.tvturk.com\/index.php\/wp-json\/wp\/v2\/categories?post=206682"},{"taxonomy":"post_tag","embeddable":true,"href":"http:\/\/www.tvturk.com\/index.php\/wp-json\/wp\/v2\/tags?post=206682"}],"curies":[{"name":"wp","href":"https:\/\/api.w.org\/{rel}","templated":true}]}}