{"id":206690,"date":"2019-09-23T16:36:35","date_gmt":"2019-09-23T13:36:35","guid":{"rendered":"http:\/\/www.tvturk.com\/index.php\/fetoyu-20-yil-once-raporlastiran-aksacli-emniyet-muduru-veda-etti\/"},"modified":"2019-09-23T16:36:35","modified_gmt":"2019-09-23T13:36:35","slug":"fetoyu-20-yil-once-raporlastiran-aksacli-emniyet-muduru-veda-etti","status":"publish","type":"post","link":"http:\/\/www.tvturk.com\/index.php\/fetoyu-20-yil-once-raporlastiran-aksacli-emniyet-muduru-veda-etti\/","title":{"rendered":"FET\u00d6\u2019y\u00fc 20 y\u0131l \u00f6nce raporla\u015ft\u0131ran \u2019Aksa\u00e7l\u0131\u2019 emniyet m\u00fcd\u00fcr\u00fc veda etti"},"content":{"rendered":"<p>Emniyet Genel M\u00fcd\u00fcrl\u00fc\u011f\u00fc Ka\u00e7ak\u00e7\u0131l\u0131k ve Organize Su\u00e7larla M\u00fccadele (KOM) Daire Ba\u015fkan\u0131 olarak atanan ve \u2019Aksa\u00e7l\u0131\u2019 lakab\u0131 ile tan\u0131nan Emniyet M\u00fcd\u00fcr\u00fc Mahmut \u00c7orumlu, veda etti.<\/p>\n<p>Fethullah\u00e7\u0131 Ter\u00f6r \u00d6rg\u00fct\u00fc\/Paralel Devlet Yap\u0131lanmas\u0131n\u0131 (FET\u00d6\/PDY) 20 y\u0131l \u00f6nce resmi olarak raporla\u015ft\u0131ran K\u0131r\u0131kkale \u0130l Emniyet M\u00fcd\u00fcr\u00fc Mahmut \u00c7orumlu, 20 Eyl\u00fcl Cuma g\u00fcn\u00fc Resmi Gazete\u2019de yay\u0131mlanan Cumhurba\u015fkanl\u0131\u011f\u0131 Atama Kararnamesi ile Emniyet Genel M\u00fcd\u00fcrl\u00fc\u011f\u00fc Ka\u00e7ak\u00e7\u0131l\u0131k ve Organize Su\u00e7larla M\u00fccadele (KOM) Daire Ba\u015fkanl\u0131\u011f\u0131na atanmas\u0131n\u0131n ard\u0131ndan veda mesaj\u0131 yay\u0131mlad\u0131.<\/p>\n<p>\u00c7orumlu, veda mesaj\u0131nda; &#8220;Say\u0131n Cumhurba\u015fkan\u0131m\u0131z Recep Tayyip Erdo\u011fan, Say\u0131n \u0130\u00e7i\u015fleri Bakan\u0131m\u0131z S\u00fcleyman Soylu ve Say\u0131n Emniyet Genel M\u00fcd\u00fcr\u00fcm\u00fcz Mehmet Akta\u015f\u2019\u0131n takdir ve tensipleri ile Ka\u00e7ak\u00e7\u0131l\u0131k ve Organize Su\u00e7larla M\u00fccadele (KOM) Daire Ba\u015fkan\u0131 20 Eyl\u00fcl 2019 tarihinde atanm\u0131\u015f bulunmaktay\u0131m. Ba\u015fta Cumhurba\u015fkan\u0131m\u0131z olmak \u00fczere bu \u00f6nemli g\u00f6reve \u015fahs\u0131m\u0131 uygun g\u00f6rd\u00fckleri i\u00e7in devlet b\u00fcy\u00fcklerimin t\u00fcm\u00fcne te\u015fekk\u00fcr bir bor\u00e7 bilirim. \u015eerefli polislik mesle\u011fime girdi\u011fim g\u00fcnden bu yana bu g\u00fczel vatan\u0131m\u0131n hemen her yerinde, yurt d\u0131\u015f\u0131 misyonlarda \u00fclkemden ve milletimden ald\u0131\u011f\u0131m gurur ve vakarla g\u00f6rev yapt\u0131m. Y\u00f6neticili\u011fimin her kademesinde tek \u00f6nceli\u011fim g\u00fczel vatan\u0131m\u0131n ve g\u00fczide milletimin menfaatleri olmu\u015ftur. Bu vesile ile atand\u0131\u011f\u0131m yerin g\u00f6rev ve sorumluluklar\u0131 ba\u011flam\u0131nda, T\u00fcrkiye Cumhuriyeti Devleti\u2019nin ve vatan\u0131n b\u00f6l\u00fcnmez b\u00fct\u00fcnl\u00fc\u011f\u00fcne kast eden her t\u00fcrl\u00fc i\u00e7 ve d\u0131\u015f g\u00fcd\u00fcml\u00fc su\u00e7 organizasyonlar\u0131na kar\u015f\u0131 ilke ile 7\/24 saat esasl\u0131 m\u00fccadele edece\u011fimi bildirmek isterim. \u0130lk kez il emniyet m\u00fcd\u00fcrl\u00fc\u011f\u00fc vazifesini yapt\u0131\u011f\u0131m yi\u011fit Anadolu\u2019nun yi\u011fit \u015fehri K\u0131r\u0131kkalelilere de hasbi ve kalbi \u015f\u00fckranlar\u0131m\u0131 sunar\u0131m&#8221; dedi.<\/p>\n","protected":false},"excerpt":{"rendered":"<p>EMN\u0130YET GENEL M\u00dcD\u00dcRL\u00dc\u011e\u00dc KA\u00c7AK\u00c7ILIK VE ORGAN\u0130ZE SU\u00c7LARLA M\u00dcCADELE (KOM) DA\u0130RE BA\u015eKANI OLARAK ATANAN VE &#8216;AKSA\u00c7LI&#8217; LAKABI \u0130LE TANINAN EMN\u0130YET M\u00dcD\u00dcR\u00dc MAHMUT \u00c7ORUMLU, VEDA ETT\u0130.<\/p>\n","protected":false},"author":1,"featured_media":206691,"comment_status":"closed","ping_status":"open","sticky":false,"template":"","format":"standard","meta":{"jetpack_post_was_ever_published":false,"_jetpack_newsletter_access":"","_jetpack_dont_email_post_to_subs":false,"_jetpack_newsletter_tier_id":0,"_jetpack_memberships_contains_paywalled_content":false,"_jetpack_memberships_contains_paid_content":false,"footnotes":"","jetpack_publicize_message":"","jetpack_publicize_feature_enabled":true,"jetpack_social_post_already_shared":true,"jetpack_social_options":{"image_generator_settings":{"template":"highway","default_image_id":0,"font":"","enabled":false},"version":2}},"categories":[1],"tags":[51801,253,207,9264,254,232,52199,4421,231],"class_list":["post-206690","post","type-post","status-publish","format-standard","has-post-thumbnail","hentry","category-genel","tag-aksacli","tag-emniyet","tag-etti","tag-fetoyu","tag-muduru","tag-once","tag-raporlastiran","tag-veda","tag-yil"],"jetpack_publicize_connections":[],"jetpack_featured_media_url":"https:\/\/i0.wp.com\/www.tvturk.com\/wp-content\/uploads\/2019\/09\/fetoyu-20-yil-once-raporlastiran-aksacli-emniyet-muduru-veda-etti_28a67d9.jpg?fit=1000%2C562","jetpack_sharing_enabled":true,"jetpack_shortlink":"https:\/\/wp.me\/paKIfm-RLI","_links":{"self":[{"href":"http:\/\/www.tvturk.com\/index.php\/wp-json\/wp\/v2\/posts\/206690","targetHints":{"allow":["GET"]}}],"collection":[{"href":"http:\/\/www.tvturk.com\/index.php\/wp-json\/wp\/v2\/posts"}],"about":[{"href":"http:\/\/www.tvturk.com\/index.php\/wp-json\/wp\/v2\/types\/post"}],"author":[{"embeddable":true,"href":"http:\/\/www.tvturk.com\/index.php\/wp-json\/wp\/v2\/users\/1"}],"replies":[{"embeddable":true,"href":"http:\/\/www.tvturk.com\/index.php\/wp-json\/wp\/v2\/comments?post=206690"}],"version-history":[{"count":0,"href":"http:\/\/www.tvturk.com\/index.php\/wp-json\/wp\/v2\/posts\/206690\/revisions"}],"wp:featuredmedia":[{"embeddable":true,"href":"http:\/\/www.tvturk.com\/index.php\/wp-json\/wp\/v2\/media\/206691"}],"wp:attachment":[{"href":"http:\/\/www.tvturk.com\/index.php\/wp-json\/wp\/v2\/media?parent=206690"}],"wp:term":[{"taxonomy":"category","embeddable":true,"href":"http:\/\/www.tvturk.com\/index.php\/wp-json\/wp\/v2\/categories?post=206690"},{"taxonomy":"post_tag","embeddable":true,"href":"http:\/\/www.tvturk.com\/index.php\/wp-json\/wp\/v2\/tags?post=206690"}],"curies":[{"name":"wp","href":"https:\/\/api.w.org\/{rel}","templated":true}]}}