{"id":206704,"date":"2019-09-23T17:02:11","date_gmt":"2019-09-23T14:02:11","guid":{"rendered":"http:\/\/www.tvturk.com\/index.php\/sinirda-ikinci-kara-devriyesi-hazirligi\/"},"modified":"2019-09-23T17:02:11","modified_gmt":"2019-09-23T14:02:11","slug":"sinirda-ikinci-kara-devriyesi-hazirligi","status":"publish","type":"post","link":"http:\/\/www.tvturk.com\/index.php\/sinirda-ikinci-kara-devriyesi-hazirligi\/","title":{"rendered":"S\u0131n\u0131rda ikinci kara devriyesi haz\u0131rl\u0131\u011f\u0131"},"content":{"rendered":"<p>PKK\/YPG ter\u00f6r \u00f6rg\u00fct\u00fcn\u00fcn kontrol\u00fcndeki Suriye\u2019nin kuzeyinde olu\u015fturulmas\u0131 planlanan G\u00fcvenli B\u00f6lge \u00e7al\u0131\u015fmalar\u0131 kapsam\u0131nda ABD ile T\u00fcrkiye aras\u0131nda ger\u00e7ekle\u015ftirilen kara devriyelerinin ikincisine kat\u0131lacak ara\u00e7lar bak\u0131mdan ge\u00e7irildi. Y\u0131kanan ara\u00e7lara T\u00fcrk bayraklar\u0131 as\u0131larak devriyeye haz\u0131r hale getirildi.<\/p>\n<p>ABD ile T\u00fcrkiye\u2019nin Suriye\u2019nin kuzeyinde olu\u015fturmay\u0131 planlad\u0131\u011f\u0131 G\u00fcvenli B\u00f6lge \u00e7al\u0131\u015fmalar\u0131 devam ediyor. \u00c7al\u0131\u015fmalar kapsam\u0131nda 8 Eyl\u00fclde ilk kara devriyesi icra edildi. \u0130lk kara devriyesinin ard\u0131ndan bu g\u00fcn ikinci devriye haz\u0131rl\u0131klar\u0131 ba\u015flad\u0131. Devriyeye kat\u0131lacak z\u0131rhl\u0131lar, bak\u0131mdan ge\u00e7irildi. Y\u0131kanan ara\u00e7lara T\u00fcrk Bayraklar\u0131 as\u0131larak devriyeye haz\u0131r hale getirildi. T\u00fcrkiye ile ABD\u2019nin ikinci kara devriyesini yar\u0131n ger\u00e7ekle\u015ftirmesi bekleniyor.<\/p>\n","protected":false},"excerpt":{"rendered":"<p>SINIRDA \u0130K\u0130NC\u0130 KARA DEVR\u0130YES\u0130 HAZIRLI\u011eI<\/p>\n","protected":false},"author":1,"featured_media":206705,"comment_status":"closed","ping_status":"open","sticky":false,"template":"","format":"standard","meta":{"jetpack_post_was_ever_published":false,"_jetpack_newsletter_access":"","_jetpack_dont_email_post_to_subs":false,"_jetpack_newsletter_tier_id":0,"_jetpack_memberships_contains_paywalled_content":false,"_jetpack_memberships_contains_paid_content":false,"footnotes":"","jetpack_publicize_message":"","jetpack_publicize_feature_enabled":true,"jetpack_social_post_already_shared":true,"jetpack_social_options":{"image_generator_settings":{"template":"highway","default_image_id":0,"font":"","enabled":false},"version":2}},"categories":[1],"tags":[52203,5655,2087,2053,2774],"class_list":["post-206704","post","type-post","status-publish","format-standard","has-post-thumbnail","hentry","category-genel","tag-devriyesi","tag-hazirligi","tag-ikinci","tag-kara","tag-sinirda"],"jetpack_publicize_connections":[],"jetpack_featured_media_url":"https:\/\/i0.wp.com\/www.tvturk.com\/wp-content\/uploads\/2019\/09\/sinirda-ikinci-kara-devriyesi-hazirligi_955b308.jpg?fit=1000%2C664","jetpack_sharing_enabled":true,"jetpack_shortlink":"https:\/\/wp.me\/paKIfm-RLW","_links":{"self":[{"href":"http:\/\/www.tvturk.com\/index.php\/wp-json\/wp\/v2\/posts\/206704","targetHints":{"allow":["GET"]}}],"collection":[{"href":"http:\/\/www.tvturk.com\/index.php\/wp-json\/wp\/v2\/posts"}],"about":[{"href":"http:\/\/www.tvturk.com\/index.php\/wp-json\/wp\/v2\/types\/post"}],"author":[{"embeddable":true,"href":"http:\/\/www.tvturk.com\/index.php\/wp-json\/wp\/v2\/users\/1"}],"replies":[{"embeddable":true,"href":"http:\/\/www.tvturk.com\/index.php\/wp-json\/wp\/v2\/comments?post=206704"}],"version-history":[{"count":0,"href":"http:\/\/www.tvturk.com\/index.php\/wp-json\/wp\/v2\/posts\/206704\/revisions"}],"wp:featuredmedia":[{"embeddable":true,"href":"http:\/\/www.tvturk.com\/index.php\/wp-json\/wp\/v2\/media\/206705"}],"wp:attachment":[{"href":"http:\/\/www.tvturk.com\/index.php\/wp-json\/wp\/v2\/media?parent=206704"}],"wp:term":[{"taxonomy":"category","embeddable":true,"href":"http:\/\/www.tvturk.com\/index.php\/wp-json\/wp\/v2\/categories?post=206704"},{"taxonomy":"post_tag","embeddable":true,"href":"http:\/\/www.tvturk.com\/index.php\/wp-json\/wp\/v2\/tags?post=206704"}],"curies":[{"name":"wp","href":"https:\/\/api.w.org\/{rel}","templated":true}]}}