{"id":206726,"date":"2019-09-23T18:02:11","date_gmt":"2019-09-23T15:02:11","guid":{"rendered":"http:\/\/www.tvturk.com\/index.php\/uluslararasi-kutadgu-bilig-kurultayi-ve-87nci-dil-bayrami-kutlanacak\/"},"modified":"2019-09-23T18:02:11","modified_gmt":"2019-09-23T15:02:11","slug":"uluslararasi-kutadgu-bilig-kurultayi-ve-87nci-dil-bayrami-kutlanacak","status":"publish","type":"post","link":"http:\/\/www.tvturk.com\/index.php\/uluslararasi-kutadgu-bilig-kurultayi-ve-87nci-dil-bayrami-kutlanacak\/","title":{"rendered":"Uluslararas\u0131 Kutadgu Bilig Kurultay\u0131 ve 87\u2019nci Dil Bayram\u0131 kutlanacak"},"content":{"rendered":"<p>\u0130slamiyet d\u00f6nemi T\u00fcrk edebiyat\u0131n\u0131n ve Karahanl\u0131 T\u00fcrk\u00e7esi\u2019nin ilk b\u00fcy\u00fck eseri olan Kutadgu Bilig\u2019in Yusuf Has Hacip taraf\u0131ndan yaz\u0131l\u0131\u015f\u0131n\u0131n 950\u2019nci y\u0131l d\u00f6n\u00fcm\u00fc, \u201c2019 UNESCO Anma ve Kutlama Y\u0131l D\u00f6n\u00fcmleri\u201d aras\u0131na al\u0131nd\u0131.<\/p>\n<p>\u201c2019 UNESCO Anma ve Kutlama Y\u0131l D\u00f6n\u00fcmleri\u201d kapsam\u0131na; Uluslararas\u0131 Kutadgu Bilig Kurultay\u0131 ve 87\u2019nci Dil Bayram\u0131 Kutlamas\u0131 \u0130slamiyet d\u00f6nemi T\u00fcrk edebiyat\u0131n\u0131n ve Karahanl\u0131 T\u00fcrk\u00e7esi\u2019nin ilk b\u00fcy\u00fck eseri olan Kutadgu Bilig\u2019in Yusuf Has Hacip taraf\u0131ndan yaz\u0131l\u0131\u015f\u0131n\u0131n 950\u2019nci y\u0131l d\u00f6n\u00fcm\u00fc al\u0131nd\u0131. Bu vesileyle Atat\u00fcrk, K\u00fclt\u00fcr, Dil ve Tarih Y\u00fcksek Kurumuna ba\u011fl\u0131 T\u00fcrk Dil Kurumu taraf\u0131ndan 26-28 Eyl\u00fcl tarihlerinde Ankara Ba\u015fkent \u00d6\u011fretmenevinde Uluslararas\u0131 Kutadgu Bilig Kurultay\u0131 d\u00fczenlenecek. Kurultay\u2019\u0131n a\u00e7\u0131l\u0131\u015f g\u00fcn\u00fc, Dil Bayram\u0131\u2019n\u0131n 87\u2019nci y\u0131l d\u00f6n\u00fcm\u00fcne denk getirildi. B\u00f6ylece Kurultay\u2019\u0131n a\u00e7\u0131l\u0131\u015f t\u00f6reninde 87\u2019nci Dil Bayram\u0131 kutlamas\u0131 da yap\u0131lacak. Kurultay\u2019da Yusuf Has Hacip ve eseri Kutadgu Bilig ana konusu etraf\u0131nda ba\u015fta dil olmak \u00fczere edebiyat, tarih, k\u00fclt\u00fcr ve di\u011fer ilgili alanlarda T\u00fcrkiye d\u00e2hil 15 \u00fclkeden 133 bildiri sunulacak.<\/p>\n<p>Kurultay\u2019\u0131n a\u00e7\u0131l\u0131\u015f t\u00f6reninde T\u00fcrk Dil Kurumunun ev sahipli\u011finde UNESCO T\u00fcrkiye Mill\u00ee Komisyonu, Uluslararas\u0131 T\u00fcrk Akademisi ve T\u00dcRKSOY da yer alacak. B\u00f6ylece T\u00fcrk k\u00fclt\u00fcr\u00fc \u00fczerine \u00e7al\u0131\u015fan uluslararas\u0131 kurulu\u015flar ile i\u015f birli\u011fi kurulacakt\u0131r. Ayr\u0131ca Azerbaycan Milletvekili Prof. Dr. \u0130sa Habibbeyli de protokol konu\u015fmalar\u0131nda yer alarak Kutadgu Bilig\u2019in ortak k\u00fclt\u00fcr miras\u0131m\u0131z a\u00e7\u0131s\u0131ndan \u00f6nemini vurgulayacak. Protokol konu\u015fmalar\u0131ndan sonra program \u0130rfan G\u00fcrdal\u2019\u0131n T\u00fcrk Dil Kurumu i\u00e7in haz\u0131rlad\u0131\u011f\u0131 \u201cT\u00fcrk\u00e7enin Tu\u011flar\u0131\u201d adl\u0131 alb\u00fcm\u00fcnden seslendirece\u011fi eserler ile devam edecek, ard\u0131ndan T\u00fcrk\u00e7e\u2019nin emektarlar\u0131ndan Prof. Dr. Zeynep Korkmaz\u2019\u0131n a\u00e7\u0131l\u0131\u015f konferans\u0131 ile hem 87\u2019nci Dil Bayram\u0131 kutlanacak hem de Kutadgu Bilig\u2019in T\u00fcrk dili tarihindeki yeri ele al\u0131nacak. Korkmaz\u2019\u0131n konferans\u0131n\u0131 T\u00dcRKSOY\u2019un \u2018T\u00fcrk D\u00fcnyas\u0131 Karma Resim Sergisi\u2019nin a\u00e7\u0131l\u0131\u015f\u0131 takip edecek.<\/p>\n<p>Kurultay\u2019da Ord. Prof. Dr. Re\u015fit Rahmeti Arat ad\u0131na torunu Osman Bango\u011flu\u2019na ve ayr\u0131ca Prof. Dr. Zeynep KORKMAZ ile \u0130rfan G\u00dcRDAL\u2019a \u201cT\u00fcrk Diline Hizmet \u00d6d\u00fcl\u00fc\u201d verilecek.<\/p>\n<p>\u00dc\u00e7 g\u00fcn s\u00fcrecek olan Kurultay\u2019\u0131n kapan\u0131\u015f oturumu 28 Eyl\u00fcl Cumartesi g\u00fcn\u00fc yap\u0131lacak.<\/p>\n","protected":false},"excerpt":{"rendered":"<p>\u0130SLAM\u0130YET D\u00d6NEM\u0130 T\u00dcRK EDEB\u0130YATININ VE KARAHANLI T\u00dcRK\u00c7ES\u0130\u2019N\u0130N \u0130LK B\u00dcY\u00dcK ESER\u0130 OLAN KUTADGU B\u0130L\u0130G\u2019\u0130N YUSUF HAS HAC\u0130P TARAFINDAN YAZILI\u015eININ 950\u2019NC\u0130 YIL D\u00d6N\u00dcM\u00dc, \u201c2019 UNESCO ANMA VE KUTLAMA YIL D\u00d6N\u00dcMLER\u0130\u201d ARASINA ALINDI.<\/p>\n","protected":false},"author":1,"featured_media":206727,"comment_status":"closed","ping_status":"open","sticky":false,"template":"","format":"standard","meta":{"jetpack_post_was_ever_published":false,"_jetpack_newsletter_access":"","_jetpack_dont_email_post_to_subs":false,"_jetpack_newsletter_tier_id":0,"_jetpack_memberships_contains_paywalled_content":false,"_jetpack_memberships_contains_paid_content":false,"footnotes":"","jetpack_publicize_message":"","jetpack_publicize_feature_enabled":true,"jetpack_social_post_already_shared":true,"jetpack_social_options":{"image_generator_settings":{"template":"highway","default_image_id":0,"font":"","enabled":false},"version":2}},"categories":[1],"tags":[4839,51511,6193,16507,6546,2879,16506,22007],"class_list":["post-206726","post","type-post","status-publish","format-standard","has-post-thumbnail","hentry","category-genel","tag-uluslararasi","tag-87nci","tag-bayrami","tag-bilig","tag-dil","tag-kurultayi","tag-kutadgu","tag-kutlanacak"],"jetpack_publicize_connections":[],"jetpack_featured_media_url":"https:\/\/i0.wp.com\/www.tvturk.com\/wp-content\/uploads\/2019\/09\/uluslararasi-kutadgu-bilig-kurultayi-ve-87nci-dil-bayrami-kutlanacak_65a721e.jpg?fit=1000%2C666","jetpack_sharing_enabled":true,"jetpack_shortlink":"https:\/\/wp.me\/paKIfm-RMi","_links":{"self":[{"href":"http:\/\/www.tvturk.com\/index.php\/wp-json\/wp\/v2\/posts\/206726","targetHints":{"allow":["GET"]}}],"collection":[{"href":"http:\/\/www.tvturk.com\/index.php\/wp-json\/wp\/v2\/posts"}],"about":[{"href":"http:\/\/www.tvturk.com\/index.php\/wp-json\/wp\/v2\/types\/post"}],"author":[{"embeddable":true,"href":"http:\/\/www.tvturk.com\/index.php\/wp-json\/wp\/v2\/users\/1"}],"replies":[{"embeddable":true,"href":"http:\/\/www.tvturk.com\/index.php\/wp-json\/wp\/v2\/comments?post=206726"}],"version-history":[{"count":0,"href":"http:\/\/www.tvturk.com\/index.php\/wp-json\/wp\/v2\/posts\/206726\/revisions"}],"wp:featuredmedia":[{"embeddable":true,"href":"http:\/\/www.tvturk.com\/index.php\/wp-json\/wp\/v2\/media\/206727"}],"wp:attachment":[{"href":"http:\/\/www.tvturk.com\/index.php\/wp-json\/wp\/v2\/media?parent=206726"}],"wp:term":[{"taxonomy":"category","embeddable":true,"href":"http:\/\/www.tvturk.com\/index.php\/wp-json\/wp\/v2\/categories?post=206726"},{"taxonomy":"post_tag","embeddable":true,"href":"http:\/\/www.tvturk.com\/index.php\/wp-json\/wp\/v2\/tags?post=206726"}],"curies":[{"name":"wp","href":"https:\/\/api.w.org\/{rel}","templated":true}]}}