{"id":20674,"date":"2019-02-11T11:27:04","date_gmt":"2019-02-11T08:27:04","guid":{"rendered":"http:\/\/www.tvturk.com\/index.php\/trabzon-tanitim-gunleri-sona-erdi\/"},"modified":"2019-02-11T11:27:07","modified_gmt":"2019-02-11T08:27:07","slug":"trabzon-tanitim-gunleri-sona-erdi","status":"publish","type":"post","link":"http:\/\/www.tvturk.com\/index.php\/trabzon-tanitim-gunleri-sona-erdi\/","title":{"rendered":"Trabzon Tan\u0131t\u0131m G\u00fcnleri sona erdi"},"content":{"rendered":"<p>KOCAEL\u0130 (\u0130HA) \u2013 B\u00fcy\u00fck\u015fehir Belediyesi taraf\u0131ndan Anadolu Kocaeli\u2019de konseptiyle d\u00fczenlenen Trabzon Tan\u0131t\u0131m G\u00fcnleri, sona erdi.<\/p>\n<p>B\u00fcy\u00fck\u015fehir Belediyesi ve Kocaeli Trabzonlular Derne\u011fi i\u015fbirli\u011fi ile Uluslararas\u0131 Fuar Merkezi\u2019nde 7-10 \u015eubat tarihleri aras\u0131nda d\u00fczenlenen Trabzon Tan\u0131t\u0131m G\u00fcnleri, sona erdi. Adeta k\u00fc\u00e7\u00fck bir Trabzon\u2019un olu\u015fturuldu\u011fu program\u0131n son g\u00fcn\u00fcnde Kocaeli\u2019nin d\u00f6rt bir yan\u0131ndan vatanda\u015flar Trabzon an\u0131t\u0131m g\u00fcnlerine ak\u0131n etti. B\u00fcy\u00fck\u015fehir Belediyesi\u2019nin Anadolu Kocaeli\u2019de konseptiyle hayata ge\u00e7irdi\u011fi tan\u0131t\u0131m g\u00fcnlerinin yeni y\u0131ldaki ilk etkinli\u011fi Trabzon ili ile devam etti. Bu y\u0131l ikincisinin d\u00fczenlendi\u011fi Trabzon Tan\u0131t\u0131m G\u00fcnleri\u2019nin son g\u00fcn\u00fcnde Kocaelili vatanda\u015flar etkinli\u011fe yo\u011fun ilgi g\u00f6sterdi.<\/p>\n<p>Trabzon Tan\u0131t\u0131m g\u00fcnlerinde pe\u015ftamal, dolayl\u0131k, s\u00fcrmene b\u0131\u00e7a\u011f\u0131, m\u0131s\u0131r ekme\u011fi, \u00e7ay, tereya\u011f\u0131, peynir gibi bir\u00e7ok y\u00f6resel ve k\u00fclt\u00fcrel \u00fcr\u00fcnler sergilendi. Y\u00f6resel \u00fcr\u00fcnlerin tan\u0131t\u0131ld\u0131\u011f\u0131, k\u00fclt\u00fcrel \u00f6\u011felerin sergilendi\u011fi stantlarda Trabzon\u2019a ait her \u015fey vatanda\u015flara sunuldu. Kocaeli\u2019den ve \u00e7evre illerden gelen Trabzonlu vatanda\u015flar, tan\u0131t\u0131m g\u00fcnleri ile memleketlerine gitmi\u015f gibi olduklar\u0131n\u0131 ifade etti. Kocaelili vatanda\u015flar ise Trabzon\u2019u her y\u00f6n\u00fcyle tan\u0131ma f\u0131rsat\u0131 buldu<\/p>\n<p>Trabzon tan\u0131t\u0131m g\u00fcnleri etkinli\u011finde hain ter\u00f6r sald\u0131r\u0131s\u0131nda \u015fehit olan Eren B\u00fclb\u00fcl unutulmad\u0131. Kocaeli Trabzonlular Derne\u011fi stand\u0131nda \u201cEren i\u00e7in bir s\u00f6z b\u0131rak\u201d etkinli\u011fi yap\u0131ld\u0131. Fuara kat\u0131lan vatanda\u015flar a\u00e7\u0131lan pankarta \u015eehit Eren B\u00fclb\u00fcl i\u00e7in bir s\u00f6z b\u0131rakt\u0131. Trabzon Tan\u0131t\u0131m G\u00fcnleri etkinli\u011finde Kocaeli B\u00fcy\u00fck\u015fehir Belediyesi stand\u0131 da a\u00e7\u0131ld\u0131. 4 g\u00fcn boyunca standa Kocaeli\u2019nin k\u00fclt\u00fcrel yerleri gelen vatanda\u015flara tan\u0131t\u0131ld\u0131. Kocaeli\u2019nin tan\u0131t\u0131m\u0131 i\u00e7in haz\u0131rlanan kitap ve bro\u015f\u00fcrler vatanda\u015flara \u00fccretsiz olarak da\u011f\u0131t\u0131ld\u0131. Ayr\u0131ca fuarda pi\u015fmaniye \u00e7ekimi ger\u00e7ekle\u015ftirildi. Kocaeli\u2019nin \u00f6nemli bir lezzeti olan Mancarl\u0131 Pide vatanda\u015flara ikram edildi.<div class=\"tiled-gallery type-rectangular tiled-gallery-unresized\" data-original-width=\"500\" data-carousel-extra='null' itemscope itemtype=\"http:\/\/schema.org\/ImageGallery\" > <div class=\"gallery-row\" style=\"width: 500px; height: 218px;\" data-original-width=\"500\" data-original-height=\"218\" > <div class=\"gallery-group images-1\" style=\"width: 325px; height: 218px;\" data-original-width=\"325\" data-original-height=\"218\" > <div class=\"tiled-gallery-item tiled-gallery-item-large\" itemprop=\"associatedMedia\" itemscope itemtype=\"http:\/\/schema.org\/ImageObject\"> <a href=\"http:\/\/www.tvturk.com\/index.php\/trabzon-tanitim-gunleri-sona-erdi\/trabzon-tanitim-gunleri-sona-erdi-3\/\" border=\"0\" itemprop=\"url\"> <meta itemprop=\"width\" content=\"321\"> <meta itemprop=\"height\" content=\"214\"> <img decoding=\"async\" class=\"\" data-attachment-id=\"20676\" data-orig-file=\"http:\/\/www.tvturk.com\/wp-content\/uploads\/2019\/02\/trabzon-tanitim-gunleri-sona-erdi_3ccf70b.jpg\" data-orig-size=\"1000,666\" data-comments-opened=\"\" data-image-meta=\"{&quot;aperture&quot;:&quot;0&quot;,&quot;credit&quot;:&quot;IHA&quot;,&quot;camera&quot;:&quot;&quot;,&quot;caption&quot;:&quot;B\\u00dcY\\u00dcK\\u015eEH\\u0130R BELED\\u0130YES\\u0130 TARAFINDAN ANADOLU KOCAEL\\u0130\\u2019DE KONSEPT\\u0130YLE D\\u00dcZENLENEN TRABZON TANITIM G\\u00dcNLER\\u0130, SONA ERD\\u0130. (K\\u00dcBRA TOP\\u00c7UO\\u011eLU\\\/KOCAEL\\u0130-\\u0130HA)&quot;,&quot;created_timestamp&quot;:&quot;0&quot;,&quot;copyright&quot;:&quot;\\u0130HLAS HABER AJANSI, www.iha.com.tr&quot;,&quot;focal_length&quot;:&quot;0&quot;,&quot;iso&quot;:&quot;0&quot;,&quot;shutter_speed&quot;:&quot;0&quot;,&quot;title&quot;:&quot;TRABZON TANITIM G\\u00dcNLER\\u0130 SONA ERD\\u0130&quot;,&quot;orientation&quot;:&quot;0&quot;}\" data-image-title=\"Trabzon Tan\u0131t\u0131m G\u00fcnleri sona erdi\" data-image-description=\"&lt;p&gt;Trabzon Tan\u0131t\u0131m G\u00fcnleri sona erdi&lt;\/p&gt; \" data-medium-file=\"https:\/\/i0.wp.com\/www.tvturk.com\/wp-content\/uploads\/2019\/02\/trabzon-tanitim-gunleri-sona-erdi_3ccf70b.jpg?fit=300%2C200\" data-large-file=\"https:\/\/i0.wp.com\/www.tvturk.com\/wp-content\/uploads\/2019\/02\/trabzon-tanitim-gunleri-sona-erdi_3ccf70b.jpg?fit=1000%2C666\" src=\"https:\/\/i0.wp.com\/www.tvturk.com\/wp-content\/uploads\/2019\/02\/trabzon-tanitim-gunleri-sona-erdi_3ccf70b.jpg?w=321&#038;h=214\" srcset=\"https:\/\/i0.wp.com\/www.tvturk.com\/wp-content\/uploads\/2019\/02\/trabzon-tanitim-gunleri-sona-erdi_3ccf70b.jpg?w=1000 1000w, https:\/\/i0.wp.com\/www.tvturk.com\/wp-content\/uploads\/2019\/02\/trabzon-tanitim-gunleri-sona-erdi_3ccf70b.jpg?resize=150%2C100 150w, https:\/\/i0.wp.com\/www.tvturk.com\/wp-content\/uploads\/2019\/02\/trabzon-tanitim-gunleri-sona-erdi_3ccf70b.jpg?resize=300%2C200 300w, https:\/\/i0.wp.com\/www.tvturk.com\/wp-content\/uploads\/2019\/02\/trabzon-tanitim-gunleri-sona-erdi_3ccf70b.jpg?resize=768%2C511 768w, https:\/\/i0.wp.com\/www.tvturk.com\/wp-content\/uploads\/2019\/02\/trabzon-tanitim-gunleri-sona-erdi_3ccf70b.jpg?resize=170%2C113 170w, https:\/\/i0.wp.com\/www.tvturk.com\/wp-content\/uploads\/2019\/02\/trabzon-tanitim-gunleri-sona-erdi_3ccf70b.jpg?resize=120%2C80 120w\" width=\"321\" height=\"214\" loading=\"lazy\" data-original-width=\"321\" data-original-height=\"214\" itemprop=\"http:\/\/schema.org\/image\" title=\"Trabzon Tan\u0131t\u0131m G\u00fcnleri sona erdi\" alt=\"Trabzon Tan\u0131t\u0131m G\u00fcnleri sona erdi\" style=\"width: 321px; height: 214px;\" \/> <\/a> <\/div> <\/div> <!-- close group --> <div class=\"gallery-group images-2\" style=\"width: 175px; height: 218px;\" data-original-width=\"175\" data-original-height=\"218\" > <div class=\"tiled-gallery-item tiled-gallery-item-small\" itemprop=\"associatedMedia\" itemscope itemtype=\"http:\/\/schema.org\/ImageObject\"> <a href=\"http:\/\/www.tvturk.com\/index.php\/trabzon-tanitim-gunleri-sona-erdi\/trabzon-tanitim-gunleri-sona-erdi-4\/\" border=\"0\" itemprop=\"url\"> <meta itemprop=\"width\" content=\"171\"> <meta itemprop=\"height\" content=\"114\"> <img decoding=\"async\" class=\"\" data-attachment-id=\"20677\" data-orig-file=\"http:\/\/www.tvturk.com\/wp-content\/uploads\/2019\/02\/trabzon-tanitim-gunleri-sona-erdi_4ba287f.jpg\" data-orig-size=\"1000,666\" data-comments-opened=\"\" data-image-meta=\"{&quot;aperture&quot;:&quot;0&quot;,&quot;credit&quot;:&quot;IHA&quot;,&quot;camera&quot;:&quot;&quot;,&quot;caption&quot;:&quot;B\\u00dcY\\u00dcK\\u015eEH\\u0130R BELED\\u0130YES\\u0130 TARAFINDAN ANADOLU KOCAEL\\u0130\\u2019DE KONSEPT\\u0130YLE D\\u00dcZENLENEN TRABZON TANITIM G\\u00dcNLER\\u0130, SONA ERD\\u0130. (K\\u00dcBRA TOP\\u00c7UO\\u011eLU\\\/KOCAEL\\u0130-\\u0130HA)&quot;,&quot;created_timestamp&quot;:&quot;0&quot;,&quot;copyright&quot;:&quot;\\u0130HLAS HABER AJANSI, www.iha.com.tr&quot;,&quot;focal_length&quot;:&quot;0&quot;,&quot;iso&quot;:&quot;0&quot;,&quot;shutter_speed&quot;:&quot;0&quot;,&quot;title&quot;:&quot;TRABZON TANITIM G\\u00dcNLER\\u0130 SONA ERD\\u0130&quot;,&quot;orientation&quot;:&quot;0&quot;}\" data-image-title=\"Trabzon Tan\u0131t\u0131m G\u00fcnleri sona erdi\" data-image-description=\"&lt;p&gt;Trabzon Tan\u0131t\u0131m G\u00fcnleri sona erdi&lt;\/p&gt; \" data-medium-file=\"https:\/\/i0.wp.com\/www.tvturk.com\/wp-content\/uploads\/2019\/02\/trabzon-tanitim-gunleri-sona-erdi_4ba287f.jpg?fit=300%2C200\" data-large-file=\"https:\/\/i0.wp.com\/www.tvturk.com\/wp-content\/uploads\/2019\/02\/trabzon-tanitim-gunleri-sona-erdi_4ba287f.jpg?fit=1000%2C666\" src=\"https:\/\/i0.wp.com\/www.tvturk.com\/wp-content\/uploads\/2019\/02\/trabzon-tanitim-gunleri-sona-erdi_4ba287f.jpg?w=171&#038;h=114\" srcset=\"https:\/\/i0.wp.com\/www.tvturk.com\/wp-content\/uploads\/2019\/02\/trabzon-tanitim-gunleri-sona-erdi_4ba287f.jpg?w=1000 1000w, https:\/\/i0.wp.com\/www.tvturk.com\/wp-content\/uploads\/2019\/02\/trabzon-tanitim-gunleri-sona-erdi_4ba287f.jpg?resize=150%2C100 150w, https:\/\/i0.wp.com\/www.tvturk.com\/wp-content\/uploads\/2019\/02\/trabzon-tanitim-gunleri-sona-erdi_4ba287f.jpg?resize=300%2C200 300w, https:\/\/i0.wp.com\/www.tvturk.com\/wp-content\/uploads\/2019\/02\/trabzon-tanitim-gunleri-sona-erdi_4ba287f.jpg?resize=768%2C511 768w, https:\/\/i0.wp.com\/www.tvturk.com\/wp-content\/uploads\/2019\/02\/trabzon-tanitim-gunleri-sona-erdi_4ba287f.jpg?resize=170%2C113 170w, https:\/\/i0.wp.com\/www.tvturk.com\/wp-content\/uploads\/2019\/02\/trabzon-tanitim-gunleri-sona-erdi_4ba287f.jpg?resize=120%2C80 120w\" width=\"171\" height=\"114\" loading=\"lazy\" data-original-width=\"171\" data-original-height=\"114\" itemprop=\"http:\/\/schema.org\/image\" title=\"Trabzon Tan\u0131t\u0131m G\u00fcnleri sona erdi\" alt=\"Trabzon Tan\u0131t\u0131m G\u00fcnleri sona erdi\" style=\"width: 171px; height: 114px;\" \/> <\/a> <\/div> <div class=\"tiled-gallery-item tiled-gallery-item-small\" itemprop=\"associatedMedia\" itemscope itemtype=\"http:\/\/schema.org\/ImageObject\"> <a href=\"http:\/\/www.tvturk.com\/index.php\/trabzon-tanitim-gunleri-sona-erdi\/trabzon-tanitim-gunleri-sona-erdi-5\/\" border=\"0\" itemprop=\"url\"> <meta itemprop=\"width\" content=\"171\"> <meta itemprop=\"height\" content=\"96\"> <img decoding=\"async\" class=\"\" data-attachment-id=\"20678\" data-orig-file=\"http:\/\/www.tvturk.com\/wp-content\/uploads\/2019\/02\/trabzon-tanitim-gunleri-sona-erdi_cea8526.jpg\" data-orig-size=\"1000,562\" data-comments-opened=\"\" data-image-meta=\"{&quot;aperture&quot;:&quot;0&quot;,&quot;credit&quot;:&quot;IHA&quot;,&quot;camera&quot;:&quot;&quot;,&quot;caption&quot;:&quot;B\\u00dcY\\u00dcK\\u015eEH\\u0130R BELED\\u0130YES\\u0130 TARAFINDAN ANADOLU KOCAEL\\u0130\\u2019DE KONSEPT\\u0130YLE D\\u00dcZENLENEN TRABZON TANITIM G\\u00dcNLER\\u0130, SONA ERD\\u0130. (K\\u00dcBRA TOP\\u00c7UO\\u011eLU\\\/KOCAEL\\u0130-\\u0130HA)&quot;,&quot;created_timestamp&quot;:&quot;0&quot;,&quot;copyright&quot;:&quot;\\u0130HLAS HABER AJANSI, www.iha.com.tr&quot;,&quot;focal_length&quot;:&quot;0&quot;,&quot;iso&quot;:&quot;0&quot;,&quot;shutter_speed&quot;:&quot;0&quot;,&quot;title&quot;:&quot;TRABZON TANITIM G\\u00dcNLER\\u0130 SONA ERD\\u0130&quot;,&quot;orientation&quot;:&quot;0&quot;}\" data-image-title=\"Trabzon Tan\u0131t\u0131m G\u00fcnleri sona erdi\" data-image-description=\"&lt;p&gt;Trabzon Tan\u0131t\u0131m G\u00fcnleri sona erdi&lt;\/p&gt; \" data-medium-file=\"https:\/\/i0.wp.com\/www.tvturk.com\/wp-content\/uploads\/2019\/02\/trabzon-tanitim-gunleri-sona-erdi_cea8526.jpg?fit=300%2C169\" data-large-file=\"https:\/\/i0.wp.com\/www.tvturk.com\/wp-content\/uploads\/2019\/02\/trabzon-tanitim-gunleri-sona-erdi_cea8526.jpg?fit=1000%2C562\" src=\"https:\/\/i0.wp.com\/www.tvturk.com\/wp-content\/uploads\/2019\/02\/trabzon-tanitim-gunleri-sona-erdi_cea8526.jpg?w=171&#038;h=96\" srcset=\"https:\/\/i0.wp.com\/www.tvturk.com\/wp-content\/uploads\/2019\/02\/trabzon-tanitim-gunleri-sona-erdi_cea8526.jpg?w=1000 1000w, https:\/\/i0.wp.com\/www.tvturk.com\/wp-content\/uploads\/2019\/02\/trabzon-tanitim-gunleri-sona-erdi_cea8526.jpg?resize=150%2C84 150w, https:\/\/i0.wp.com\/www.tvturk.com\/wp-content\/uploads\/2019\/02\/trabzon-tanitim-gunleri-sona-erdi_cea8526.jpg?resize=300%2C169 300w, https:\/\/i0.wp.com\/www.tvturk.com\/wp-content\/uploads\/2019\/02\/trabzon-tanitim-gunleri-sona-erdi_cea8526.jpg?resize=768%2C432 768w, https:\/\/i0.wp.com\/www.tvturk.com\/wp-content\/uploads\/2019\/02\/trabzon-tanitim-gunleri-sona-erdi_cea8526.jpg?resize=200%2C113 200w\" width=\"171\" height=\"96\" loading=\"lazy\" data-original-width=\"171\" data-original-height=\"96\" itemprop=\"http:\/\/schema.org\/image\" title=\"Trabzon Tan\u0131t\u0131m G\u00fcnleri sona erdi\" alt=\"Trabzon Tan\u0131t\u0131m G\u00fcnleri sona erdi\" style=\"width: 171px; height: 96px;\" \/> <\/a> <\/div> <\/div> <!-- close group --> <\/div> <!-- close row --> <\/div><\/p>\n","protected":false},"excerpt":{"rendered":"<p>B\u00dcY\u00dcK\u015eEH\u0130R BELED\u0130YES\u0130 TARAFINDAN ANADOLU KOCAEL\u0130\u2019DE KONSEPT\u0130YLE D\u00dcZENLENEN TRABZON TANITIM G\u00dcNLER\u0130, SONA ERD\u0130.<\/p>\n","protected":false},"author":1,"featured_media":20675,"comment_status":"closed","ping_status":"open","sticky":false,"template":"","format":"standard","meta":{"jetpack_post_was_ever_published":false,"_jetpack_newsletter_access":"","_jetpack_dont_email_post_to_subs":false,"_jetpack_newsletter_tier_id":0,"_jetpack_memberships_contains_paywalled_content":false,"_jetpack_memberships_contains_paid_content":false,"footnotes":"","jetpack_publicize_message":"","jetpack_publicize_feature_enabled":true,"jetpack_social_post_already_shared":false,"jetpack_social_options":{"image_generator_settings":{"template":"highway","default_image_id":0,"font":"","enabled":false},"version":2}},"categories":[656],"tags":[4605,793,64,792,2221],"class_list":["post-20674","post","type-post","status-publish","format-standard","has-post-thumbnail","hentry","category-kultur-sanat","tag-trabzon","tag-erdi","tag-gunleri","tag-sona","tag-tanitim"],"jetpack_publicize_connections":[],"jetpack_featured_media_url":"https:\/\/i0.wp.com\/www.tvturk.com\/wp-content\/uploads\/2019\/02\/trabzon-tanitim-gunleri-sona-erdi_6f114c2.jpg?fit=1000%2C666","jetpack_sharing_enabled":true,"jetpack_shortlink":"https:\/\/wp.me\/paKIfm-5ns","_links":{"self":[{"href":"http:\/\/www.tvturk.com\/index.php\/wp-json\/wp\/v2\/posts\/20674","targetHints":{"allow":["GET"]}}],"collection":[{"href":"http:\/\/www.tvturk.com\/index.php\/wp-json\/wp\/v2\/posts"}],"about":[{"href":"http:\/\/www.tvturk.com\/index.php\/wp-json\/wp\/v2\/types\/post"}],"author":[{"embeddable":true,"href":"http:\/\/www.tvturk.com\/index.php\/wp-json\/wp\/v2\/users\/1"}],"replies":[{"embeddable":true,"href":"http:\/\/www.tvturk.com\/index.php\/wp-json\/wp\/v2\/comments?post=20674"}],"version-history":[{"count":1,"href":"http:\/\/www.tvturk.com\/index.php\/wp-json\/wp\/v2\/posts\/20674\/revisions"}],"predecessor-version":[{"id":20679,"href":"http:\/\/www.tvturk.com\/index.php\/wp-json\/wp\/v2\/posts\/20674\/revisions\/20679"}],"wp:featuredmedia":[{"embeddable":true,"href":"http:\/\/www.tvturk.com\/index.php\/wp-json\/wp\/v2\/media\/20675"}],"wp:attachment":[{"href":"http:\/\/www.tvturk.com\/index.php\/wp-json\/wp\/v2\/media?parent=20674"}],"wp:term":[{"taxonomy":"category","embeddable":true,"href":"http:\/\/www.tvturk.com\/index.php\/wp-json\/wp\/v2\/categories?post=20674"},{"taxonomy":"post_tag","embeddable":true,"href":"http:\/\/www.tvturk.com\/index.php\/wp-json\/wp\/v2\/tags?post=20674"}],"curies":[{"name":"wp","href":"https:\/\/api.w.org\/{rel}","templated":true}]}}