{"id":206750,"date":"2019-09-23T19:46:13","date_gmt":"2019-09-23T16:46:13","guid":{"rendered":"http:\/\/www.tvturk.com\/index.php\/bm-genel-sekreteri-guterres-dunya-urpertici-bir-ciglik-atiyor\/"},"modified":"2019-09-23T19:46:13","modified_gmt":"2019-09-23T16:46:13","slug":"bm-genel-sekreteri-guterres-dunya-urpertici-bir-ciglik-atiyor","status":"publish","type":"post","link":"http:\/\/www.tvturk.com\/index.php\/bm-genel-sekreteri-guterres-dunya-urpertici-bir-ciglik-atiyor\/","title":{"rendered":"BM Genel Sekreteri Guterres: \u201cD\u00fcnya \u00fcrpertici bir \u00e7\u0131\u011fl\u0131k at\u0131yor\u201d"},"content":{"rendered":"<p>Birle\u015fmi\u015f Milletler (BM) Genel Sekreteri Antonio Guterres, ba\u015fkanl\u0131k etti\u011fi \u0130klim De\u011fi\u015fikli\u011fi Zirvesi\u2019ni, \u201cD\u00fcnya \u00fcrpertici bir \u00e7\u0131\u011fl\u0131k at\u0131yor. Dur\u201d s\u00f6zleri ile a\u00e7t\u0131.<\/p>\n<p>ABD\u2019nin New York \u015fehrinde d\u00fczenlenen Birle\u015fmi\u015f Milletler (BM) 74. Genel Kurulu\u2019nun ilk g\u00fcn\u00fc BM Genel Sekreteri Antonio Guterres\u2019in ba\u015fkanl\u0131k etti\u011fi \u0130klim De\u011fi\u015fikli\u011fi Zirvesi\u2019nin a\u00e7\u0131l\u0131\u015f konu\u015fmas\u0131yla ba\u015flad\u0131. D\u00fcnya liderlerine seslenen Guterres, \u201c2050 y\u0131l\u0131na kadar m\u00fczakere etme zaman\u0131 de\u011fil, karbon sal\u0131n\u0131m\u0131n\u0131 2050\u2019ye kadar s\u0131f\u0131ra indirmek i\u00e7in harekete ge\u00e7me zaman\u0131\u201d ifadelerini kulland\u0131. \u201cD\u00fcnya \u00fcrpertici bir \u00e7\u0131\u011fl\u0131k at\u0131yor. Dur\u201d diyen Guterres, d\u00fcnyan\u0131n daha tehlikeli seviyelere ula\u015fmas\u0131n\u0131 \u00f6nlemek i\u00e7in daha fazlas\u0131n\u0131 yapacaklar\u0131n\u0131 s\u00f6yledi.<\/p>\n<p>BM, zirve \u00f6ncesi 66 \u00fclkenin iklim de\u011fi\u015fikli\u011fiyle m\u00fccadele kapsam\u0131nda karbon sal\u0131n\u0131m\u0131n\u0131 2050\u2019ye kadar s\u0131f\u0131ra indirme taahh\u00fcd\u00fcnde bulundu\u011funu duyurmu\u015ftu. Zirvede Finlandiya ve Almanya on y\u0131l i\u00e7inde k\u00f6m\u00fcr\u00fc yasaklama s\u00f6z\u00fc verdi.<\/p>\n<p>Trump kat\u0131ld\u0131, dinledi, gitti<\/p>\n<p>Zirveye kat\u0131lmamas\u0131 beklenen ABD Ba\u015fkan\u0131 Donald Trump ise herkesi \u015fa\u015f\u0131rtt\u0131. \u0130klim Zirvesi\u2019nin yap\u0131ld\u0131\u011f\u0131 Genel Kurul salonuna gelen ve k\u0131sa s\u00fcre konu\u015fmalar\u0131 dinleyen Trump, hi\u00e7bir \u015fey s\u00f6ylemeden salondan ayr\u0131ld\u0131.<\/p>\n","protected":false},"excerpt":{"rendered":"<p>B\u0130RLE\u015eM\u0130\u015e M\u0130LLETLER (BM) GENEL SEKRETER\u0130 ANTON\u0130O GUTERRES, BA\u015eKANLIK ETT\u0130\u011e\u0130 \u0130KL\u0130M DE\u011e\u0130\u015e\u0130KL\u0130\u011e\u0130 Z\u0130RVES\u0130&#8217;N\u0130, \u201cD\u00dcNYA \u00dcRPERT\u0130C\u0130 B\u0130R \u00c7I\u011eLIK ATIYOR. DUR\u201d S\u00d6ZLER\u0130 \u0130LE A\u00c7TI.<\/p>\n","protected":false},"author":1,"featured_media":206751,"comment_status":"closed","ping_status":"open","sticky":false,"template":"","format":"standard","meta":{"jetpack_post_was_ever_published":false,"_jetpack_newsletter_access":"","_jetpack_dont_email_post_to_subs":false,"_jetpack_newsletter_tier_id":0,"_jetpack_memberships_contains_paywalled_content":false,"_jetpack_memberships_contains_paid_content":false,"footnotes":"","jetpack_publicize_message":"","jetpack_publicize_feature_enabled":true,"jetpack_social_post_already_shared":true,"jetpack_social_options":{"image_generator_settings":{"template":"highway","default_image_id":0,"font":"","enabled":false},"version":2}},"categories":[10],"tags":[19040,349,1383,125,869,19079,870,52210],"class_list":["post-206750","post","type-post","status-publish","format-standard","has-post-thumbnail","hentry","category-dunya","tag-ciglik","tag-dunya","tag-atiyor","tag-bir","tag-genel","tag-guterres","tag-sekreteri","tag-urpertici"],"jetpack_publicize_connections":[],"jetpack_featured_media_url":"https:\/\/i0.wp.com\/www.tvturk.com\/wp-content\/uploads\/2019\/09\/bm-genel-sekreteri-guterres-dunya-urpertici-bir-ciglik-atiyor_14e7ea6.jpg?fit=1000%2C608","jetpack_sharing_enabled":true,"jetpack_shortlink":"https:\/\/wp.me\/paKIfm-RMG","_links":{"self":[{"href":"http:\/\/www.tvturk.com\/index.php\/wp-json\/wp\/v2\/posts\/206750","targetHints":{"allow":["GET"]}}],"collection":[{"href":"http:\/\/www.tvturk.com\/index.php\/wp-json\/wp\/v2\/posts"}],"about":[{"href":"http:\/\/www.tvturk.com\/index.php\/wp-json\/wp\/v2\/types\/post"}],"author":[{"embeddable":true,"href":"http:\/\/www.tvturk.com\/index.php\/wp-json\/wp\/v2\/users\/1"}],"replies":[{"embeddable":true,"href":"http:\/\/www.tvturk.com\/index.php\/wp-json\/wp\/v2\/comments?post=206750"}],"version-history":[{"count":0,"href":"http:\/\/www.tvturk.com\/index.php\/wp-json\/wp\/v2\/posts\/206750\/revisions"}],"wp:featuredmedia":[{"embeddable":true,"href":"http:\/\/www.tvturk.com\/index.php\/wp-json\/wp\/v2\/media\/206751"}],"wp:attachment":[{"href":"http:\/\/www.tvturk.com\/index.php\/wp-json\/wp\/v2\/media?parent=206750"}],"wp:term":[{"taxonomy":"category","embeddable":true,"href":"http:\/\/www.tvturk.com\/index.php\/wp-json\/wp\/v2\/categories?post=206750"},{"taxonomy":"post_tag","embeddable":true,"href":"http:\/\/www.tvturk.com\/index.php\/wp-json\/wp\/v2\/tags?post=206750"}],"curies":[{"name":"wp","href":"https:\/\/api.w.org\/{rel}","templated":true}]}}