{"id":206756,"date":"2019-09-23T20:16:22","date_gmt":"2019-09-23T17:16:22","guid":{"rendered":"http:\/\/www.tvturk.com\/index.php\/merkel-2050-yilina-kadarki-iklim-degisikligi-hedeflerini-acikladi\/"},"modified":"2019-09-23T20:16:22","modified_gmt":"2019-09-23T17:16:22","slug":"merkel-2050-yilina-kadarki-iklim-degisikligi-hedeflerini-acikladi","status":"publish","type":"post","link":"http:\/\/www.tvturk.com\/index.php\/merkel-2050-yilina-kadarki-iklim-degisikligi-hedeflerini-acikladi\/","title":{"rendered":"Merkel 2050 y\u0131l\u0131na kadarki iklim de\u011fi\u015fikli\u011fi hedeflerini a\u00e7\u0131klad\u0131"},"content":{"rendered":"<p>Birle\u015fmi\u015f Milletler (BM) 74. Genel Kurulu kapsam\u0131nda d\u00fczenlenen \u0130klim De\u011fi\u015fikli\u011fi Zirvesi\u2019ne kat\u0131lan Almanya Ba\u015fbakan\u0131 Angela Merkel, 66 \u00fclke, 10 b\u00f6lge, 102 \u015fehir ve 93 \u015firketin 2050 y\u0131l\u0131na kadar karbon-n\u00f6tr bir d\u00fcnya kurulmas\u0131 hedeflerinin Almanya\u2019n\u0131n da iklim konusunda \u00f6nceli\u011fi oldu\u011funu s\u00f6yledi.<\/p>\n<p>ABD\u2019nin New York kentinde BM 74. Genel Kurulu kapsam\u0131nda d\u00fczenlenen \u0130klim De\u011fi\u015fikli\u011fi Zirvesi\u2019ne kat\u0131lan  Almanya Ba\u015fbakan\u0131 Angela Merkel, &#8220;Ya\u011fmur Ormanlar\u0131 Birli\u011fi&#8221;  ve \u201cormans\u0131zla\u015fma ve orman bozulmas\u0131ndan kaynaklanan emisyonlar\u0131n azalt\u0131lmas\u0131\u201d konusunda Almanya\u2019n\u0131n bu birli\u011fe 337 milyon euroluk destek verdi\u011fini s\u00f6yledi. Merkel, Amazon ormanlar\u0131n\u0131n korunmas\u0131n\u0131n yan\u0131 s\u0131ra Afrika\u2019daki Kongo Havzas\u0131\u2019n\u0131n Amazon b\u00f6lgesi kadar \u00f6nemli oldu\u011funu ve Orta Afrika Orman Giri\u015fimi\u2019ni desteklediklerini ifade etti. Merkel, maddi yard\u0131mda bulunman\u0131n yeterli olmad\u0131\u011f\u0131n\u0131 belirterek, yerli halk\u0131n da uluslararas\u0131 bu \u00e7abalara katk\u0131 vermesi gerekti\u011fi vurgulad\u0131. Merkel, D\u00fcnya Bankas\u0131n\u0131n \u00f6nderli\u011finde \u00e7evrenin korunmas\u0131 i\u00e7in kurulan uluslararas\u0131 ortakl\u0131k program\u0131na da Almanya\u2019n\u0131n 200 milyon euro ile katk\u0131 verece\u011fini ifade etti. Merkel, &#8220;Hayatta kalabilmek i\u00e7in d\u00fcnyadaki ya\u011fmur ormanlar\u0131 i\u00e7in hareket etmeliyiz. Bir Alman atas\u00f6z\u00fcnde \u015f\u00f6yle bir terim var; iyi bir i\u015f yap\u0131l\u0131rsa de\u011fer kazan\u0131r. Konu\u015fmayla de\u011fer kazanmaz. \u015eimdi s\u00f6z s\u00f6yleme zaman\u0131 de\u011fil harekete ge\u00e7me zaman\u0131d\u0131r&#8221; dedi.<\/p>\n<p>Sera gazlar\u0131 ve karbon emisyonlar\u0131n\u0131n azalt\u0131lmas\u0131 konusunda ortak \u00e7al\u0131\u015fmalar i\u00e7erisinde Almanya\u2019n\u0131n da oldu\u011funu, bu kararl\u0131l\u0131\u011f\u0131 devam ettireceklerini belirten Merkel, \u00e7evre konusunda verilecek m\u00fccadele ile ba\u015far\u0131l\u0131 olabileceklerini s\u00f6yledi.<\/p>\n","protected":false},"excerpt":{"rendered":"<p>B\u0130RLE\u015eM\u0130\u015e M\u0130LLETLER (BM) 74. GENEL KURULU KAPSAMINDA D\u00dcZENLENEN \u0130KL\u0130M DE\u011e\u0130\u015e\u0130KL\u0130\u011e\u0130 Z\u0130RVES\u0130&#8217;NE KATILAN ALMANYA BA\u015eBAKANI ANGELA MERKEL, 66 \u00dcLKE, 10 B\u00d6LGE, 102 \u015eEH\u0130R VE 93 \u015e\u0130RKET\u0130N 2050 YILINA KADAR KARBON-N\u00d6TR B\u0130R D\u00dcNYA KURULMASI HEDEFLER\u0130N\u0130N ALMANYA&#8217;NIN DA \u0130KL\u0130M KONUSUNDA \u00d6NCEL\u0130\u011e\u0130 OLDU\u011eUNU S\u00d6YLED\u0130.<\/p>\n","protected":false},"author":1,"featured_media":206757,"comment_status":"closed","ping_status":"open","sticky":false,"template":"","format":"standard","meta":{"jetpack_post_was_ever_published":false,"_jetpack_newsletter_access":"","_jetpack_dont_email_post_to_subs":false,"_jetpack_newsletter_tier_id":0,"_jetpack_memberships_contains_paywalled_content":false,"_jetpack_memberships_contains_paid_content":false,"footnotes":"","jetpack_publicize_message":"","jetpack_publicize_feature_enabled":true,"jetpack_social_post_already_shared":true,"jetpack_social_options":{"image_generator_settings":{"template":"highway","default_image_id":0,"font":"","enabled":false},"version":2}},"categories":[10],"tags":[27718,3699,1775,9800,6633,52212,14460,7195],"class_list":["post-206756","post","type-post","status-publish","format-standard","has-post-thumbnail","hentry","category-dunya","tag-27718","tag-acikladi","tag-degisikligi","tag-hedeflerini","tag-iklim","tag-kadarki","tag-merkel","tag-yilina"],"jetpack_publicize_connections":[],"jetpack_featured_media_url":"https:\/\/i0.wp.com\/www.tvturk.com\/wp-content\/uploads\/2019\/09\/merkel-2050-yilina-kadarki-iklim-degisikligi-hedeflerini-acikladi_1335487.jpg?fit=1000%2C736","jetpack_sharing_enabled":true,"jetpack_shortlink":"https:\/\/wp.me\/paKIfm-RMM","_links":{"self":[{"href":"http:\/\/www.tvturk.com\/index.php\/wp-json\/wp\/v2\/posts\/206756","targetHints":{"allow":["GET"]}}],"collection":[{"href":"http:\/\/www.tvturk.com\/index.php\/wp-json\/wp\/v2\/posts"}],"about":[{"href":"http:\/\/www.tvturk.com\/index.php\/wp-json\/wp\/v2\/types\/post"}],"author":[{"embeddable":true,"href":"http:\/\/www.tvturk.com\/index.php\/wp-json\/wp\/v2\/users\/1"}],"replies":[{"embeddable":true,"href":"http:\/\/www.tvturk.com\/index.php\/wp-json\/wp\/v2\/comments?post=206756"}],"version-history":[{"count":0,"href":"http:\/\/www.tvturk.com\/index.php\/wp-json\/wp\/v2\/posts\/206756\/revisions"}],"wp:featuredmedia":[{"embeddable":true,"href":"http:\/\/www.tvturk.com\/index.php\/wp-json\/wp\/v2\/media\/206757"}],"wp:attachment":[{"href":"http:\/\/www.tvturk.com\/index.php\/wp-json\/wp\/v2\/media?parent=206756"}],"wp:term":[{"taxonomy":"category","embeddable":true,"href":"http:\/\/www.tvturk.com\/index.php\/wp-json\/wp\/v2\/categories?post=206756"},{"taxonomy":"post_tag","embeddable":true,"href":"http:\/\/www.tvturk.com\/index.php\/wp-json\/wp\/v2\/tags?post=206756"}],"curies":[{"name":"wp","href":"https:\/\/api.w.org\/{rel}","templated":true}]}}