{"id":206876,"date":"2019-09-24T10:02:22","date_gmt":"2019-09-24T07:02:22","guid":{"rendered":"http:\/\/www.tvturk.com\/index.php\/rodiyi-ikinci-kez-caldilar\/"},"modified":"2019-09-24T10:02:22","modified_gmt":"2019-09-24T07:02:22","slug":"rodiyi-ikinci-kez-caldilar","status":"publish","type":"post","link":"http:\/\/www.tvturk.com\/index.php\/rodiyi-ikinci-kez-caldilar\/","title":{"rendered":"&#8220;Rodi&#8221;yi ikinci kez \u00e7ald\u0131lar"},"content":{"rendered":"<p>Hatay\u2019\u0131n Samanda\u011f il\u00e7esinde &#8220;Rodi&#8221; adl\u0131 k\u00f6pek 5 ayda ikinci kez \u00e7al\u0131nd\u0131. K\u00f6pe\u011finin geri getirilmesini isteyen Zarif Y\u00fcksek, &#8220;\u00c7ok \u00fcz\u00fcld\u00fcm, gece yatmad\u0131m, uykular\u0131m ka\u00e7t\u0131&#8221; dedi.<\/p>\n<p>Al\u0131nan bilgiye g\u00f6re, 1 hafta \u00f6nce \u015e\u00fckr\u00fc Kanatl\u0131 Mahallesi\u2019nde Y\u00fcksek ailesinin evin bah\u00e7esindeki av k\u00f6pe\u011fi kimsenin olmad\u0131\u011f\u0131 bir s\u0131rada \u00e7al\u0131nd\u0131.<\/p>\n<p>Eve geldi\u011fi zaman k\u00f6pe\u011finin kul\u00fcbesinde olmad\u0131\u011f\u0131n\u0131 fark eden 56 ya\u015f\u0131ndaki Zarif Y\u00fcksek, b\u00fcy\u00fck bir \u00fcz\u00fcnt\u00fc ya\u015fad\u0131. &#8220;Rodi&#8221; adl\u0131 k\u00f6pe\u011finin 3 ayl\u0131kken de \u00e7al\u0131nd\u0131\u011f\u0131n\u0131 belirten Y\u00fcksek, &#8220;\u00c7al\u0131nd\u0131\u011f\u0131 zaman kahverengi boya ile boyam\u0131\u015flard\u0131 as\u0131l rengi beyaz ve benekli kahverengiydi. \u0130ki ki\u015fi bize geri getirip onlara ba\u015fka ki\u015filerin 100 liraya satt\u0131\u011f\u0131n\u0131 s\u00f6yledi. Aradan birka\u00e7 ay ge\u00e7ti yine k\u00f6pe\u011fimi \u00e7ald\u0131lar. \u015eu an 7 ayl\u0131k oldu \u00e7ocuk gibi besledim kimli\u011fi var. L\u00fctfen geri getirsinler ne istiyorlar k\u00f6pe\u011fimden&#8221; dedi.<\/p>\n<p>K\u00f6pe\u011finin \u00e7al\u0131nmas\u0131na \u00e7ok \u00fcz\u00fcld\u00fc\u011f\u00fcn\u00fc ifade eden Y\u00fcksek, &#8220;Gece yatmad\u0131m, uykular\u0131m ka\u00e7t\u0131. Dilsiz hayvanlardan ne istiyorlar? Biz ailece \u00e7ok \u00fcz\u00fcld\u00fck. E\u011fitimli bir k\u00f6pek bir saatli\u011fine kom\u015fuya gittim, geri geldim, k\u00f6pek yok ortada. Etrafa bakt\u0131m hi\u00e7bir yerde bulamad\u0131m. Her zaman sitenin i\u00e7erisinde dola\u015f\u0131p gezerdi. Tekrar geri gelirdi, bu sefer gelmedi. Biz kar\u0131ncay\u0131 bile incitmemeye \u00f6zen g\u00f6steriyoruz \u00e7ok \u00fczg\u00fcn\u00fcm&#8221; diye konu\u015ftu.<\/p>\n","protected":false},"excerpt":{"rendered":"<p>HATAY\u2019IN SAMANDA\u011e \u0130L\u00c7ES\u0130NDE &#8220;ROD\u0130&#8221; ADLI K\u00d6PEK 5 AYDA \u0130K\u0130NC\u0130 KEZ \u00c7ALINDI. K\u00d6PE\u011e\u0130N\u0130N GER\u0130 GET\u0130R\u0130LMES\u0130N\u0130 \u0130STEYEN ZAR\u0130F Y\u00dcKSEK, &#8220;\u00c7OK \u00dcZ\u00dcLD\u00dcM, GECE YATMADIM, UYKULARIM KA\u00c7TI&#8221; DED\u0130.<\/p>\n","protected":false},"author":1,"featured_media":206877,"comment_status":"closed","ping_status":"open","sticky":false,"template":"","format":"standard","meta":{"jetpack_post_was_ever_published":false,"_jetpack_newsletter_access":"","_jetpack_dont_email_post_to_subs":false,"_jetpack_newsletter_tier_id":0,"_jetpack_memberships_contains_paywalled_content":false,"_jetpack_memberships_contains_paid_content":false,"footnotes":"","jetpack_publicize_message":"","jetpack_publicize_feature_enabled":true,"jetpack_social_post_already_shared":true,"jetpack_social_options":{"image_generator_settings":{"template":"highway","default_image_id":0,"font":"","enabled":false},"version":2}},"categories":[1],"tags":[52241,1508,2087,1497],"class_list":["post-206876","post","type-post","status-publish","format-standard","has-post-thumbnail","hentry","category-genel","tag-rodiyi","tag-caldilar","tag-ikinci","tag-kez"],"jetpack_publicize_connections":[],"jetpack_featured_media_url":"https:\/\/i0.wp.com\/www.tvturk.com\/wp-content\/uploads\/2019\/09\/rodiyi-ikinci-kez-caldilar_e18e31c.jpg?fit=1000%2C633","jetpack_sharing_enabled":true,"jetpack_shortlink":"https:\/\/wp.me\/paKIfm-ROI","_links":{"self":[{"href":"http:\/\/www.tvturk.com\/index.php\/wp-json\/wp\/v2\/posts\/206876","targetHints":{"allow":["GET"]}}],"collection":[{"href":"http:\/\/www.tvturk.com\/index.php\/wp-json\/wp\/v2\/posts"}],"about":[{"href":"http:\/\/www.tvturk.com\/index.php\/wp-json\/wp\/v2\/types\/post"}],"author":[{"embeddable":true,"href":"http:\/\/www.tvturk.com\/index.php\/wp-json\/wp\/v2\/users\/1"}],"replies":[{"embeddable":true,"href":"http:\/\/www.tvturk.com\/index.php\/wp-json\/wp\/v2\/comments?post=206876"}],"version-history":[{"count":0,"href":"http:\/\/www.tvturk.com\/index.php\/wp-json\/wp\/v2\/posts\/206876\/revisions"}],"wp:featuredmedia":[{"embeddable":true,"href":"http:\/\/www.tvturk.com\/index.php\/wp-json\/wp\/v2\/media\/206877"}],"wp:attachment":[{"href":"http:\/\/www.tvturk.com\/index.php\/wp-json\/wp\/v2\/media?parent=206876"}],"wp:term":[{"taxonomy":"category","embeddable":true,"href":"http:\/\/www.tvturk.com\/index.php\/wp-json\/wp\/v2\/categories?post=206876"},{"taxonomy":"post_tag","embeddable":true,"href":"http:\/\/www.tvturk.com\/index.php\/wp-json\/wp\/v2\/tags?post=206876"}],"curies":[{"name":"wp","href":"https:\/\/api.w.org\/{rel}","templated":true}]}}