{"id":207001,"date":"2019-09-24T12:16:54","date_gmt":"2019-09-24T09:16:54","guid":{"rendered":"http:\/\/www.tvturk.com\/index.php\/ozel-baskentin-kavun-merkezinden-kotu-haber\/"},"modified":"2019-09-24T12:16:54","modified_gmt":"2019-09-24T09:16:54","slug":"ozel-baskentin-kavun-merkezinden-kotu-haber","status":"publish","type":"post","link":"http:\/\/www.tvturk.com\/index.php\/ozel-baskentin-kavun-merkezinden-kotu-haber\/","title":{"rendered":"(\u00d6ZEL) Ba\u015fkentin kavun merkezinden k\u00f6t\u00fc haber"},"content":{"rendered":"<p>Kendine has kokusu ve lezzetiyle \u00fcn\u00fc T\u00fcrkiye\u2019ye yay\u0131lan  Kahramankazan kavunu, bu y\u0131l hastal\u0131k ve mevsim ko\u015fullar\u0131ndan etkilendi. Rekoltenin d\u00fc\u015f\u00fck olmas\u0131yla zor durumda kalan \u00e7ift\u00e7ilerin y\u00fcz\u00fcn\u00fc Belediye Ba\u015fkan\u0131 Serhat O\u011fuz g\u00fcld\u00fcrd\u00fc. \u00c7ift\u00e7ilere destek olmak amac\u0131yla 38 r\u00f6mork kavunu sat\u0131n alan Ba\u015fkan O\u011fuz ve \u00e7ift\u00e7iler aras\u0131nda ya\u015fanan s\u0131k\u0131 pazarl\u0131k ise renkli g\u00f6r\u00fcnt\u00fcler olu\u015fturdu.<\/p>\n<p>Kahramankazan\u2019\u0131n me\u015fhur lezzeti kavun, bu y\u0131l mevsim ko\u015fullar\u0131ndan ve hastal\u0131ktan etkilendi. Kavun \u00fcretiminde rekoltenin d\u00fc\u015f\u00fck olmas\u0131 \u00e7ift\u00e7iyi zor durumda b\u0131rakt\u0131. Her y\u0131l geleneksel olarak kurulan kavun pazar\u0131nda bu y\u0131l da renkli anlar ya\u015fand\u0131. Ba\u015far\u0131l\u0131 \u00e7ift\u00e7ilerin \u00f6d\u00fcllendirildi\u011fi kavun pazar\u0131nda Kahramankazan Belediye Ba\u015fkan\u0131 Serhat O\u011fuz, \u00e7ift\u00e7iye destek olmak amac\u0131yla kavunlar\u0131 sat\u0131n al\u0131rken, \u00e7ift\u00e7iler ve Ba\u015fkan O\u011fuz aras\u0131nda ya\u015fanan s\u0131k\u0131 pazarl\u0131k renkli anlara sahne oldu.<\/p>\n<p>Kavun denildi\u011finde akla gelen ilk yerlerden birisi olan Kahramankazan\u2019da bu y\u0131l kavun hasad\u0131nda istenen rekolte elde edilemedi. Mevsim ko\u015fullar\u0131ndan ve hastal\u0131ktan etkilenen kavun, \u00e7ift\u00e7iyi zor durumda b\u0131rakt\u0131. Kahramankazan Belediye Ba\u015fkan\u0131 Serhat O\u011fuz, Kahramankazan\u2019\u0131n me\u015fhur lezzeti kavun i\u00e7in kollar\u0131 s\u0131vad\u0131. \u0130\u015fe kavun \u00fcreten \u00e7ift\u00e7ilerin kay\u0131t alt\u0131na al\u0131nmas\u0131yla ba\u015flayan Ba\u015fkan O\u011fuz, \u00fcretimde istenen rekolteyi yakalamak i\u00e7in \u00e7al\u0131\u015fma ba\u015flatt\u0131. Kavun \u00fcretimi yapmak isteyen \u00e7ift\u00e7iler, e\u011fitimlerle ve tohum yard\u0131m\u0131yla desteklenirken Kazan Kavununa can suyu olacak proje ile bu me\u015fhur lezzetin yeniden y\u00fcksek rekoltede \u00fcretilmesi ama\u00e7lan\u0131yor.<\/p>\n<p>&#8220;Bu kavunumuz y\u00f6remizin kral\u0131&#8221;<\/p>\n<p>Kahramankazan kavununun lezzeti ve tad\u0131yla di\u011ferlerinden ayr\u0131ld\u0131\u011f\u0131n\u0131 ifade eden \u00c7ift\u00e7i Davut Ta\u015fkoparan, &#8220;Kazan kavununun \u00f6zelli\u011fi s\u0131ca\u011fa ve so\u011fu\u011fa dayan\u0131kl\u0131 olmas\u0131. Uzun s\u00fcre kalabilir bozulmadan. Kas\u0131m ay\u0131nda aktarmas\u0131n\u0131 yapar\u0131z, ekeriz. \u00c7aba yapar\u0131z, ila\u00e7lamas\u0131 yap\u0131l\u0131r. D\u00f6rt sefer \u0131zgara \u00e7ekilir. Bir hastal\u0131k olmazsa Eyl\u00fcl ay\u0131nda hasat ederiz. Kazan\u2019\u0131n d\u00fcz olan mahalleleri \u00fcr\u00fcn alamad\u0131 bu y\u0131l. Bu kavunumuz y\u00f6remizin kral\u0131. Sembol\u00fcm\u00fcz bizim. Kilosunu 3 liradan ald\u0131 ba\u015fkan\u0131m\u0131z.  Ba\u015fkan\u0131m\u0131z kavunlar\u0131m\u0131z\u0131n hepsi ald\u0131. Hastal\u0131\u011fa \u00e7ok m\u00fcdahale ediliyor ondan kaynakland\u0131\u011f\u0131n\u0131 d\u00fc\u015f\u00fcn\u00fcyorum. Y\u00fcksek kesimlerde \u00e7ok hastal\u0131k olmuyor. Bilin\u00e7siz ila\u00e7laman\u0131n etkisinin verimde \u00e7ok etkisi oldu\u011funu d\u00fc\u015f\u00fcn\u00fcyorum. Hastal\u0131kl\u0131 kavunlar\u0131 tarlada b\u0131rak\u0131yoruz. Vatanda\u015fa veremezsiniz. Kazan Kavununu gerekli ko\u015fullarda saklarsan\u0131z Ocak\u2019ta bile t\u00fcketirsiniz\u201d dedi.<\/p>\n<p>&#8220;\u0130l\u00e7emizde ekilen kavun miktar\u0131 artacak&#8221;<\/p>\n<p>Kahramankazan\u2019\u0131n me\u015fhur lezzetlerinin tan\u0131t\u0131m\u0131na katk\u0131 sa\u011flayacak bir festival haz\u0131rl\u0131\u011f\u0131nda olduklar\u0131n\u0131 belirten Ba\u015fkan O\u011fuz, festival kapsam\u0131nda il\u00e7enin \u00e7ok y\u00f6nl\u00fc tan\u0131t\u0131laca\u011f\u0131n\u0131 duyurdu. O\u011fuz,&#8221;Kahramankazan\u2019\u0131m\u0131z s\u00fcrekli geli\u015fen bir sanayi kenti ama \u00f6z\u00fcm\u00fcz toprak. \u00c7ift\u00e7ilerimiz i\u00e7in \u00e7al\u0131\u015fmalar yapt\u0131k. G\u00f6reve gelir gelmez \u00e7ift\u00e7ilerimize 1 milyon fide da\u011f\u0131tt\u0131k. Bir k\u0131sm\u0131n\u0131 biz bir k\u0131sm\u0131n\u0131 \u00e7ift\u00e7ilerimiz kar\u015f\u0131lad\u0131. \u00d6n\u00fcm\u00fczdeki y\u0131l nasip olursa bu say\u0131y\u0131 yukar\u0131lara ta\u015f\u0131yaca\u011f\u0131z. Kahramankazan kavununun pazara sunulmas\u0131 vard\u0131 ge\u00e7ti\u011fimiz g\u00fcnlerde. Hepimizin \u00fcz\u00fcld\u00fc\u011f\u00fc bir \u015fey var. \u00e7ok sevdi\u011fimiz, \u00f6zellikleri itibar\u0131yla di\u011fer kavunlardan \u00f6ne \u00e7\u0131kan Kazan Kavununun ekilme alanlar\u0131n\u0131 geni\u015fletmemiz gerekiyor.  Bu ama\u00e7la  pazara getirilen 38 r\u00f6morkun  tamam\u0131n\u0131 belediye olarak sat\u0131n ald\u0131k. Amac\u0131m\u0131z \u00e7ift\u00e7imizin  desteklenmesiydi.  \u00c7ift\u00e7imize siz kavun yeti\u015ftirirseniz; \u00f6n\u00fcm\u00fczdeki sene kavun, kavurma ve et festivali d\u00fczenleriz dedik. Onlarda s\u00f6z verdiler. Nasip olursa il\u00e7emizde ekilen kavun miktar\u0131 artacak. Eyl\u00fcl  ay\u0131n\u0131n ortalar\u0131na do\u011fru kavun , kavurma ve et festivalini ger\u00e7ekle\u015ftirece\u011fiz.  \u00c7ift\u00e7i her \u015feyden \u00f6nce ald\u0131\u011f\u0131 \u00fcr\u00fcn\u00fc satabilirse yeniden \u00fcr\u00fcn yeti\u015ftiriyor. \u00dcr\u00fcn pazara geldi\u011finde hemen m\u00fc\u015fteri ile bulu\u015fsun istiyoruz. \u0130klim ku\u015faklar\u0131 de\u011fi\u015fiyor. \u0130l\u00e7e Tar\u0131m\u0131n bir \u00e7al\u0131\u015fmas\u0131 var. Zaman\u0131nda yap\u0131lan ila\u00e7lama ile hastal\u0131klar\u0131n \u00f6n\u00fcne ge\u00e7meyi ama\u00e7l\u0131yoruz. \u00d6n\u00fcm\u00fczdeki sene verim artacak in\u015fallah 2010 y\u0131l\u0131 i\u00e7in Kahramankazan\u2019da kimlerin ne kadar alanda kavun ekece\u011finin listesini tutmaya ba\u015flad\u0131k. \u00c7ift\u00e7ilerimizin ilgisi de gayet g\u00fczel&#8221; diye konu\u015ftu.<\/p>\n","protected":false},"excerpt":{"rendered":"<p>KAHRAMANKAZAN KAVUNUNUN LEZZET\u0130 VE TADIYLA D\u0130\u011eERLER\u0130NDEN AYRILDI\u011eINI \u0130FADE EDEN \u00c7\u0130FT\u00c7\u0130 DAVUT TA\u015eKOPARAN, &#8220;KAZAN KAVUNUNUN \u00d6ZELL\u0130\u011e\u0130 SICA\u011eA VE SO\u011eU\u011eA DAYANIKLI OLMASI. UZUN S\u00dcRE KALAB\u0130L\u0130R BOZULMADAN. KAZAN KAVUNUNU GEREKL\u0130 KO\u015eULLARDA SAKLARSANIZ OCAK\u2019TA B\u0130LE T\u00dcKET\u0130RS\u0130N\u0130Z\u201d DED\u0130.<\/p>\n","protected":false},"author":1,"featured_media":207002,"comment_status":"closed","ping_status":"open","sticky":false,"template":"","format":"standard","meta":{"jetpack_post_was_ever_published":false,"_jetpack_newsletter_access":"","_jetpack_dont_email_post_to_subs":false,"_jetpack_newsletter_tier_id":0,"_jetpack_memberships_contains_paywalled_content":false,"_jetpack_memberships_contains_paid_content":false,"footnotes":"","jetpack_publicize_message":"","jetpack_publicize_feature_enabled":true,"jetpack_social_post_already_shared":true,"jetpack_social_options":{"image_generator_settings":{"template":"highway","default_image_id":0,"font":"","enabled":false},"version":2}},"categories":[1],"tags":[8562,1073,21153,1545,29985,12517],"class_list":["post-207001","post","type-post","status-publish","format-standard","has-post-thumbnail","hentry","category-genel","tag-kotu","tag-ozel","tag-baskentin","tag-haber","tag-kavun","tag-merkezinden"],"jetpack_publicize_connections":[],"jetpack_featured_media_url":"https:\/\/i0.wp.com\/www.tvturk.com\/wp-content\/uploads\/2019\/09\/ozel-baskentin-kavun-merkezinden-kotu-haber_7ab848b.jpg?fit=1000%2C666","jetpack_sharing_enabled":true,"jetpack_shortlink":"https:\/\/wp.me\/paKIfm-RQJ","_links":{"self":[{"href":"http:\/\/www.tvturk.com\/index.php\/wp-json\/wp\/v2\/posts\/207001","targetHints":{"allow":["GET"]}}],"collection":[{"href":"http:\/\/www.tvturk.com\/index.php\/wp-json\/wp\/v2\/posts"}],"about":[{"href":"http:\/\/www.tvturk.com\/index.php\/wp-json\/wp\/v2\/types\/post"}],"author":[{"embeddable":true,"href":"http:\/\/www.tvturk.com\/index.php\/wp-json\/wp\/v2\/users\/1"}],"replies":[{"embeddable":true,"href":"http:\/\/www.tvturk.com\/index.php\/wp-json\/wp\/v2\/comments?post=207001"}],"version-history":[{"count":0,"href":"http:\/\/www.tvturk.com\/index.php\/wp-json\/wp\/v2\/posts\/207001\/revisions"}],"wp:featuredmedia":[{"embeddable":true,"href":"http:\/\/www.tvturk.com\/index.php\/wp-json\/wp\/v2\/media\/207002"}],"wp:attachment":[{"href":"http:\/\/www.tvturk.com\/index.php\/wp-json\/wp\/v2\/media?parent=207001"}],"wp:term":[{"taxonomy":"category","embeddable":true,"href":"http:\/\/www.tvturk.com\/index.php\/wp-json\/wp\/v2\/categories?post=207001"},{"taxonomy":"post_tag","embeddable":true,"href":"http:\/\/www.tvturk.com\/index.php\/wp-json\/wp\/v2\/tags?post=207001"}],"curies":[{"name":"wp","href":"https:\/\/api.w.org\/{rel}","templated":true}]}}