{"id":207003,"date":"2019-09-24T12:17:02","date_gmt":"2019-09-24T09:17:02","guid":{"rendered":"http:\/\/www.tvturk.com\/index.php\/itfaiyeden-karga-operasyonu\/"},"modified":"2019-09-24T12:17:02","modified_gmt":"2019-09-24T09:17:02","slug":"itfaiyeden-karga-operasyonu","status":"publish","type":"post","link":"http:\/\/www.tvturk.com\/index.php\/itfaiyeden-karga-operasyonu\/","title":{"rendered":"\u0130tfaiyeden karga operasyonu"},"content":{"rendered":"<p>\u00c7anakkale\u2019nin G\u00f6k\u00e7eada il\u00e7esinde bir evin \u00e7at\u0131s\u0131nda s\u0131k\u0131\u015fan karga itfaiye ekiplerinin operasyonuyla kurtar\u0131ld\u0131.<\/p>\n<p>G\u00f6k\u00e7eada\u2019da bir evin \u00e7at\u0131s\u0131na aya\u011f\u0131 s\u0131k\u0131\u015fan karga, itfaiye ekiplerinin ba\u015far\u0131l\u0131 operasyonu sonucu kurtar\u0131ld\u0131. Daha sonra belediye veterinerine teslim edilen kargan\u0131n bak\u0131m\u0131 yap\u0131ld\u0131. M\u00fc\u015fahede alt\u0131nda tutulan karga, iyile\u015ftikten sonra sal\u0131nacak.<\/p>\n","protected":false},"excerpt":{"rendered":"<p>\u00c7ANAKKALE\u2019N\u0130N G\u00d6K\u00c7EADA \u0130L\u00c7ES\u0130NDE B\u0130R EV\u0130N \u00c7ATISINDA SIKI\u015eAN KARGA, \u0130TFA\u0130YE EK\u0130PLER\u0130N\u0130N BA\u015eARILI OPERASYONUYLA KURTARILDI.<\/p>\n","protected":false},"author":1,"featured_media":207004,"comment_status":"closed","ping_status":"open","sticky":false,"template":"","format":"standard","meta":{"jetpack_post_was_ever_published":false,"_jetpack_newsletter_access":"","_jetpack_dont_email_post_to_subs":false,"_jetpack_newsletter_tier_id":0,"_jetpack_memberships_contains_paywalled_content":false,"_jetpack_memberships_contains_paid_content":false,"footnotes":"","jetpack_publicize_message":"","jetpack_publicize_feature_enabled":true,"jetpack_social_post_already_shared":true,"jetpack_social_options":{"image_generator_settings":{"template":"highway","default_image_id":0,"font":"","enabled":false},"version":2}},"categories":[1],"tags":[36710,14921,1157],"class_list":["post-207003","post","type-post","status-publish","format-standard","has-post-thumbnail","hentry","category-genel","tag-itfaiyeden","tag-karga","tag-operasyonu"],"jetpack_publicize_connections":[],"jetpack_featured_media_url":"https:\/\/i0.wp.com\/www.tvturk.com\/wp-content\/uploads\/2019\/09\/itfaiyeden-karga-operasyonu_bd43d9c.jpg?fit=960%2C720","jetpack_sharing_enabled":true,"jetpack_shortlink":"https:\/\/wp.me\/paKIfm-RQL","_links":{"self":[{"href":"http:\/\/www.tvturk.com\/index.php\/wp-json\/wp\/v2\/posts\/207003","targetHints":{"allow":["GET"]}}],"collection":[{"href":"http:\/\/www.tvturk.com\/index.php\/wp-json\/wp\/v2\/posts"}],"about":[{"href":"http:\/\/www.tvturk.com\/index.php\/wp-json\/wp\/v2\/types\/post"}],"author":[{"embeddable":true,"href":"http:\/\/www.tvturk.com\/index.php\/wp-json\/wp\/v2\/users\/1"}],"replies":[{"embeddable":true,"href":"http:\/\/www.tvturk.com\/index.php\/wp-json\/wp\/v2\/comments?post=207003"}],"version-history":[{"count":0,"href":"http:\/\/www.tvturk.com\/index.php\/wp-json\/wp\/v2\/posts\/207003\/revisions"}],"wp:featuredmedia":[{"embeddable":true,"href":"http:\/\/www.tvturk.com\/index.php\/wp-json\/wp\/v2\/media\/207004"}],"wp:attachment":[{"href":"http:\/\/www.tvturk.com\/index.php\/wp-json\/wp\/v2\/media?parent=207003"}],"wp:term":[{"taxonomy":"category","embeddable":true,"href":"http:\/\/www.tvturk.com\/index.php\/wp-json\/wp\/v2\/categories?post=207003"},{"taxonomy":"post_tag","embeddable":true,"href":"http:\/\/www.tvturk.com\/index.php\/wp-json\/wp\/v2\/tags?post=207003"}],"curies":[{"name":"wp","href":"https:\/\/api.w.org\/{rel}","templated":true}]}}