{"id":207005,"date":"2019-09-24T12:17:09","date_gmt":"2019-09-24T09:17:09","guid":{"rendered":"http:\/\/www.tvturk.com\/index.php\/guatr-cesmesine-turkiyenin-her-yerinden-ziyaretci-akini\/"},"modified":"2019-09-24T12:17:09","modified_gmt":"2019-09-24T09:17:09","slug":"guatr-cesmesine-turkiyenin-her-yerinden-ziyaretci-akini","status":"publish","type":"post","link":"http:\/\/www.tvturk.com\/index.php\/guatr-cesmesine-turkiyenin-her-yerinden-ziyaretci-akini\/","title":{"rendered":"Guatr \u00c7e\u015fmesi\u2019ne T\u00fcrkiye\u2019nin her yerinden ziyaret\u00e7i ak\u0131n\u0131"},"content":{"rendered":"<p>Afyonkarahisar\u2019\u0131n \u0130hsaniye il\u00e7esine ba\u011fl\u0131 D\u00f6\u011fer Kasabas\u0131\u2019nda, Frig Vadisi Yol istikametinde bulunan ve guatr hastal\u0131\u011f\u0131na iyi geldi\u011fi iddia edilen \u00e7e\u015fmede vatanda\u015flar \u015fifa ar\u0131yor.<\/p>\n<p>\u0130hsaniye\u2019nin D\u00f6\u011fer Kabas\u0131\u2019nda bulunan \u2019Guatr \u00c7e\u015fmesi\u2019, T\u00fcrkiye\u2019nin d\u00f6rt bir taraf\u0131ndan gelen vatanda\u015flar taraf\u0131ndan ilgi g\u00f6r\u00fcyor. Suyun guatr hastal\u0131\u011f\u0131na iyi geldi\u011fini duyan vatanda\u015flar \u015fifa aramak i\u00e7in burada adeta kuyruk olu\u015fturuyor. Vatanda\u015flar su \u015fi\u015feleri ve bidonlar\u0131na buradan su doldurarak rahats\u0131zl\u0131klar\u0131na \u00e7are ar\u0131yor. Baz\u0131 vatanda\u015flar\u0131n bu \u00e7e\u015fmeden rutin olarak su i\u00e7tikleri ve guatr rahats\u0131zl\u0131klar\u0131n\u0131n iyile\u015fti\u011fi iddia ediliyor.<\/p>\n<p>&#8220;Buray\u0131 dolum merkezi olarak hayata ge\u00e7irece\u011fiz&#8221;<\/p>\n<p>D\u00f6\u011fer Belediye Ba\u015fkan\u0131 Mehmet Demirel konu ile ilgili, &#8220;Bu \u00e7e\u015fme \u00e7ok eski bir tarihe sahip \u00e7e\u015fme. Buras\u0131 \u2019Zor Ali\u2019 taraf\u0131ndan Ali isimli bir vatanda\u015f taraf\u0131ndan yap\u0131lm\u0131\u015f guatr \u00e7e\u015fmesi. Bu \u00e7e\u015fmenin suyunun guatra iyi geldi\u011fi s\u00f6yleniyor. Bu \u00e7e\u015fmenin suyu de\u011fi\u015fik illerden Diyarbak\u0131r halk\u0131na kargoyla g\u00f6nderiliyor. De\u011fi\u015fik illerden vatanda\u015flar geliyor suyunu al\u0131yor. Edindi\u011fimiz bilgilere g\u00f6re de ger\u00e7ekten bu \u00e7e\u015fmenin guatra iyi geldi\u011fini, bir vatanda\u015f\u0131m\u0131z\u0131n bu \u00e7e\u015fmeden bu suyu kulland\u0131ktan sonra tedaviye gitti\u011fini, guatr diye bir \u015fey kalmad\u0131\u011f\u0131 belirtiliyor. Buna bizzat ben kendim \u015fahidim. \u0130n\u015fallah bu \u00e7e\u015fmenin suyunu biz tahlile g\u00f6nderece\u011fiz. Bu tahlil sonucunda olumlu bir rapor gelmesi halinde buray\u0131 dolum merkezi olarak hayata ge\u00e7irece\u011fiz. Bu \u00e7e\u015fme tarih olarak \u00e7ok eski. Yakla\u015f\u0131k 100 y\u0131la yak\u0131n bir tarihe sahip\u2019\u2019 ifadelerine yer verdi.<\/p>\n<p>Ailesindeki baz\u0131 bireylerde guatr rahats\u0131zl\u0131\u011f\u0131 oldu\u011funu dile getiren Veli \u00c7al\u0131\u015f\u0131r, &#8220;Benim de kayn\u0131m ve e\u015fim rahats\u0131z, rutin ayda bir buraya geliyoruz. Devaml\u0131 bu suyu t\u00fcketiyorlar yani. Bu suyun \u00e7ok faydal\u0131 oldu\u011funu s\u00f6ylediler. Eskiden bu k\u00f6yde kendi ya\u015flar\u0131nda birisi varm\u0131\u015f zehirli guatr\u0131 varm\u0131\u015f. Bu suyu kulland\u0131ktan sonra bir \u015feyi kalmam\u0131,\u015f guatr\u0131 olanlara tavsiye ederim. Eski\u015fehir\u2019den falan bu suya geldik\u00e7e \u00e7e\u015fitli insanlarla d\u0131\u015far\u0131dan gelenlerle kar\u015f\u0131la\u015f\u0131yoruz. Arkada\u015f Afyon\u2019dan \u015fifa ama\u00e7l\u0131 gelmi\u015f&#8221; dedi.<\/p>\n<p>Arif Y\u0131lmaz ise &#8220;Afyonkarahisar\u2019a devaml\u0131 buradan \u015fifal\u0131 suyu g\u00f6t\u00fcr\u00fcyoruz. Guatra, nod\u00fcle \u00e7evremdeki arkada\u015flarda \u00e7ok iyi geldi\u011fini, nod\u00fcl\u00fcn k\u00fc\u00e7\u00fcld\u00fc\u011f\u00fcn\u00fc duyuyoruz, s\u00f6yl\u00fcyorlar. Hatta bir arkada\u015f nod\u00fcl kanseri oldu ve Diyarbak\u0131r\u2019da bir profes\u00f6r\u00fcn yani bilim adam\u0131n\u0131n tavsiyesi \u00fczerine bile g\u00f6nderdik&#8221; ifadelerini kulland\u0131.<\/p>\n","protected":false},"excerpt":{"rendered":"<p>AFYONKARAH\u0130SAR&#8217;IN \u0130HSAN\u0130YE \u0130L\u00c7ES\u0130NE BA\u011eLI D\u00d6\u011eER KASABASI&#8217;NDA, FR\u0130G VAD\u0130S\u0130 YOL \u0130ST\u0130KAMET\u0130NDE BULUNAN GUATR \u00c7E\u015eMES\u0130NDE VATANDA\u015eLAR \u015e\u0130FA ARIYOR.<\/p>\n","protected":false},"author":1,"featured_media":207006,"comment_status":"closed","ping_status":"open","sticky":false,"template":"","format":"standard","meta":{"jetpack_post_was_ever_published":false,"_jetpack_newsletter_access":"","_jetpack_dont_email_post_to_subs":false,"_jetpack_newsletter_tier_id":0,"_jetpack_memberships_contains_paywalled_content":false,"_jetpack_memberships_contains_paid_content":false,"footnotes":"","jetpack_publicize_message":"","jetpack_publicize_feature_enabled":true,"jetpack_social_post_already_shared":true,"jetpack_social_options":{"image_generator_settings":{"template":"highway","default_image_id":0,"font":"","enabled":false},"version":2}},"categories":[1],"tags":[8365,41400,52274,73,177,4872,6267],"class_list":["post-207005","post","type-post","status-publish","format-standard","has-post-thumbnail","hentry","category-genel","tag-akini","tag-cesmesine","tag-guatr","tag-her","tag-turkiyenin","tag-yerinden","tag-ziyaretci"],"jetpack_publicize_connections":[],"jetpack_featured_media_url":"https:\/\/i0.wp.com\/www.tvturk.com\/wp-content\/uploads\/2019\/09\/guatr-cesmesine-turkiyenin-her-yerinden-ziyaretci-akini_3cd30b7.jpg?fit=1000%2C666","jetpack_sharing_enabled":true,"jetpack_shortlink":"https:\/\/wp.me\/paKIfm-RQN","_links":{"self":[{"href":"http:\/\/www.tvturk.com\/index.php\/wp-json\/wp\/v2\/posts\/207005","targetHints":{"allow":["GET"]}}],"collection":[{"href":"http:\/\/www.tvturk.com\/index.php\/wp-json\/wp\/v2\/posts"}],"about":[{"href":"http:\/\/www.tvturk.com\/index.php\/wp-json\/wp\/v2\/types\/post"}],"author":[{"embeddable":true,"href":"http:\/\/www.tvturk.com\/index.php\/wp-json\/wp\/v2\/users\/1"}],"replies":[{"embeddable":true,"href":"http:\/\/www.tvturk.com\/index.php\/wp-json\/wp\/v2\/comments?post=207005"}],"version-history":[{"count":0,"href":"http:\/\/www.tvturk.com\/index.php\/wp-json\/wp\/v2\/posts\/207005\/revisions"}],"wp:featuredmedia":[{"embeddable":true,"href":"http:\/\/www.tvturk.com\/index.php\/wp-json\/wp\/v2\/media\/207006"}],"wp:attachment":[{"href":"http:\/\/www.tvturk.com\/index.php\/wp-json\/wp\/v2\/media?parent=207005"}],"wp:term":[{"taxonomy":"category","embeddable":true,"href":"http:\/\/www.tvturk.com\/index.php\/wp-json\/wp\/v2\/categories?post=207005"},{"taxonomy":"post_tag","embeddable":true,"href":"http:\/\/www.tvturk.com\/index.php\/wp-json\/wp\/v2\/tags?post=207005"}],"curies":[{"name":"wp","href":"https:\/\/api.w.org\/{rel}","templated":true}]}}