{"id":207009,"date":"2019-09-24T12:17:41","date_gmt":"2019-09-24T09:17:41","guid":{"rendered":"http:\/\/www.tvturk.com\/index.php\/menemende-ramazan-kursunlu-donemi-bitti\/"},"modified":"2019-09-24T12:17:41","modified_gmt":"2019-09-24T09:17:41","slug":"menemende-ramazan-kursunlu-donemi-bitti","status":"publish","type":"post","link":"http:\/\/www.tvturk.com\/index.php\/menemende-ramazan-kursunlu-donemi-bitti\/","title":{"rendered":"Menemen\u2019de Ramazan Kur\u015funlu d\u00f6nemi bitti"},"content":{"rendered":"<p>TFF 1. Lig ekiplerinden Menemenspor\u2019da Teknik Direkt\u00f6r Ramazan Kur\u015funlu, g\u00f6revinden istifa etti.<\/p>\n<p>Sezona Giresunspor galibiyetiyle ba\u015flad\u0131ktan sonra oynad\u0131\u011f\u0131 4 kar\u015f\u0131la\u015fmadan galibiyet \u00e7\u0131karmayan Menemenspor\u2019da Teknik Direkt\u00f6r Ramazan Kur\u015funlu g\u00f6revinden istifa etti. Ayr\u0131l\u0131k haberini duyuran gen\u00e7 teknik adam, &#8220;B\u00fcy\u00fck bir onur ile g\u00f6rev yapt\u0131\u011f\u0131m Menemenspor Kul\u00fcb\u00fc\u2019n\u00fcn Teknik Direkt\u00f6rl\u00fck g\u00f6revimden istifa ediyorum. G\u00f6reve geldi\u011fimiz ilk g\u00fcnden itibaren ya\u015fad\u0131\u011f\u0131m\u0131z olumlu, olumsuz olaylarda her zaman yan\u0131m\u0131zda olan y\u00f6netim kuruluna te\u015fekk\u00fcr ederim. Bundan sonraki m\u00fcsabakalarda ba\u015fta sporcu karde\u015flerim olmak \u00fczere t\u00fcm kul\u00fcp personeline ba\u015far\u0131lar dilerim&#8221; dedi.<\/p>\n<p>\u0130zmir ekibi, Kur\u015funlu idaresinde \u00e7\u0131kt\u0131\u011f\u0131 5 kar\u015f\u0131la\u015fmada 1 galibiyet, 1 beraberlik ve 3 yenilgi ald\u0131. Sar\u0131-lacivertliler rakip a\u011flar\u0131 3 kez havaland\u0131r\u0131rken kalesinde 9 gol g\u00f6rd\u00fc.<\/p>\n","protected":false},"excerpt":{"rendered":"<p>TFF 1. L\u0130G EK\u0130PLER\u0130NDEN MENEMENSPOR\u2019DA TEKN\u0130K D\u0130REKT\u00d6R RAMAZAN KUR\u015eUNLU G\u00d6REV\u0130NDEN \u0130ST\u0130FA ETT\u0130.<\/p>\n","protected":false},"author":1,"featured_media":207010,"comment_status":"closed","ping_status":"open","sticky":false,"template":"","format":"standard","meta":{"jetpack_post_was_ever_published":false,"_jetpack_newsletter_access":"","_jetpack_dont_email_post_to_subs":false,"_jetpack_newsletter_tier_id":0,"_jetpack_memberships_contains_paywalled_content":false,"_jetpack_memberships_contains_paid_content":false,"footnotes":"","jetpack_publicize_message":"","jetpack_publicize_feature_enabled":true,"jetpack_social_post_already_shared":true,"jetpack_social_options":{"image_generator_settings":{"template":"highway","default_image_id":0,"font":"","enabled":false},"version":2}},"categories":[657],"tags":[3991,2088,12570,23958,28330],"class_list":["post-207009","post","type-post","status-publish","format-standard","has-post-thumbnail","hentry","category-spor","tag-bitti","tag-donemi","tag-kursunlu","tag-menemende","tag-ramazan"],"jetpack_publicize_connections":[],"jetpack_featured_media_url":"https:\/\/i0.wp.com\/www.tvturk.com\/wp-content\/uploads\/2019\/09\/menemende-ramazan-kursunlu-donemi-bitti_e1164a8.jpg?fit=1000%2C666","jetpack_sharing_enabled":true,"jetpack_shortlink":"https:\/\/wp.me\/paKIfm-RQR","_links":{"self":[{"href":"http:\/\/www.tvturk.com\/index.php\/wp-json\/wp\/v2\/posts\/207009","targetHints":{"allow":["GET"]}}],"collection":[{"href":"http:\/\/www.tvturk.com\/index.php\/wp-json\/wp\/v2\/posts"}],"about":[{"href":"http:\/\/www.tvturk.com\/index.php\/wp-json\/wp\/v2\/types\/post"}],"author":[{"embeddable":true,"href":"http:\/\/www.tvturk.com\/index.php\/wp-json\/wp\/v2\/users\/1"}],"replies":[{"embeddable":true,"href":"http:\/\/www.tvturk.com\/index.php\/wp-json\/wp\/v2\/comments?post=207009"}],"version-history":[{"count":0,"href":"http:\/\/www.tvturk.com\/index.php\/wp-json\/wp\/v2\/posts\/207009\/revisions"}],"wp:featuredmedia":[{"embeddable":true,"href":"http:\/\/www.tvturk.com\/index.php\/wp-json\/wp\/v2\/media\/207010"}],"wp:attachment":[{"href":"http:\/\/www.tvturk.com\/index.php\/wp-json\/wp\/v2\/media?parent=207009"}],"wp:term":[{"taxonomy":"category","embeddable":true,"href":"http:\/\/www.tvturk.com\/index.php\/wp-json\/wp\/v2\/categories?post=207009"},{"taxonomy":"post_tag","embeddable":true,"href":"http:\/\/www.tvturk.com\/index.php\/wp-json\/wp\/v2\/tags?post=207009"}],"curies":[{"name":"wp","href":"https:\/\/api.w.org\/{rel}","templated":true}]}}