{"id":207015,"date":"2019-09-24T12:32:14","date_gmt":"2019-09-24T09:32:14","guid":{"rendered":"http:\/\/www.tvturk.com\/index.php\/turu-tehlike-altinda-olan-vasak-koruma-altina-alindi\/"},"modified":"2019-09-24T12:32:14","modified_gmt":"2019-09-24T09:32:14","slug":"turu-tehlike-altinda-olan-vasak-koruma-altina-alindi","status":"publish","type":"post","link":"http:\/\/www.tvturk.com\/index.php\/turu-tehlike-altinda-olan-vasak-koruma-altina-alindi\/","title":{"rendered":"T\u00fcr\u00fc tehlike alt\u0131nda olan va\u015fak koruma alt\u0131na al\u0131nd\u0131"},"content":{"rendered":"<p>DEN\u0130ZL\u0130 (\u0130HA) \u2013 Denizli\u2019nin Tavas il\u00e7esinde vatanda\u015flar taraf\u0131ndan bulunan yaral\u0131 va\u015fak koruma alt\u0131na al\u0131nd\u0131.<\/p>\n<p>Denizli\u2019nin Tavas il\u00e7esine ba\u011fl\u0131 Sar\u0131abat Mahallesi\u2019nde vatanda\u015flar taraf\u0131ndan yaral\u0131 olarak bulunan va\u015fak Denizli B\u00fcy\u00fck\u015fehir Belediyesine ait, Sokak Hayvanlar\u0131 Bar\u0131nma, Rehabilitasyon Merkezi ve Do\u011fal Ya\u015fam Park\u0131na getirildi. Yaral\u0131 va\u015fak, ilk tedavisinin ard\u0131ndan Afyonkarahisar\u2019a sevk edildi.<\/p>\n<p>Arka bacaklar\u0131 tutmuyor<\/p>\n<p>Sokak Hayvanlar\u0131 Bar\u0131nma, Rehabilitasyon Merkezi veterinerleri taraf\u0131ndan yap\u0131lan kontrol\u00fcnde arka bacaklar\u0131n\u0131n tutmad\u0131\u011f\u0131 belirlenen va\u015fak koruma alt\u0131na al\u0131narak ilk m\u00fcdahalesi yap\u0131ld\u0131. Anadolu\u2019da ender g\u00f6r\u00fclen bir t\u00fcr olan ve nesli t\u00fckenme tehlikesi alt\u0131nda bulunan va\u015fak ilk tedavisinin ard\u0131ndan Afyon Kocatepe \u00dcniversitesi Veterinerlik Fak\u00fcltesi\u2019ne sevk edildi.<\/p>\n<p>Anadolu\u2019da ender g\u00f6r\u00fclen bir t\u00fcr<\/p>\n<p>Denizli B\u00fcy\u00fck\u015fehir Belediyesi Sokak Hayvanlar\u0131 Bar\u0131nma, Rehabilitasyon Merkezi ve Do\u011fal Ya\u015fam Park\u0131 veterinerlerinden Elvan Alkaya, va\u015fa\u011f\u0131n, Anadolu\u2019da ender g\u00f6r\u00fclen ve koruma alt\u0131nda olan bir t\u00fcr oldu\u011funu belirterek, yapt\u0131klar\u0131 kontrolde hayvan\u0131n s\u0131rt b\u00f6lgesinden travmaya maruz kalm\u0131\u015f olabilece\u011fini, bu nedenle ise arka bacaklar\u0131n\u0131n tutmad\u0131\u011f\u0131n\u0131 belirlediklerini s\u00f6yledi. Alkaya, yaral\u0131 bir \u015fekilde va\u015fa\u011f\u0131 bularak kendilere ihbar eden vatanda\u015flara te\u015fekk\u00fcr etti.<\/p>\n<p>T\u00fcm canl\u0131lar bize emanet<\/p>\n<p>Denizli B\u00fcy\u00fck\u015fehir Belediye Ba\u015fkan\u0131 Osman Zolan ise, sokak hayvanlar\u0131na sahip \u00e7\u0131karak onlara daha uygun \u015fartlarda ya\u015fama imkan\u0131n\u0131 sa\u011flama ad\u0131na Sokak Hayvanlar\u0131 Bar\u0131nma, Rehabilitasyon Merkezi ve Do\u011fal Ya\u015fam Park\u0131 projesini hayata ge\u00e7irdiklerini s\u00f6yledi. Sokak hayvanlar\u0131na modern \u015fartlarda hizmet veren tesisin zaman zaman vah\u015fi do\u011faya da \u015fefkat elini uzatt\u0131\u011f\u0131na dikkati \u00e7eken Ba\u015fkan Osman Zolan, &#8220;Y\u00fcce mevlan\u0131n yaratt\u0131\u011f\u0131 t\u00fcm canl\u0131lar\u0131n bize emanet oldu\u011fu bilinciyle hizmet vermeye devam ediyoruz. \u0130n\u015fallah yaral\u0131 va\u015fak k\u0131sa zamanda sa\u011fl\u0131\u011f\u0131na kavu\u015fup yeniden vah\u015fi do\u011faya d\u00f6ner&#8221; diye konu\u015ftu.<\/p>\n","protected":false},"excerpt":{"rendered":"<p>DEN\u0130ZL\u0130\u2019N\u0130N TAVAS \u0130L\u00c7ES\u0130NDE VATANDA\u015eLAR TARAFINDAN BULUNAN YARALI VA\u015eAK KORUMA ALTINA ALINDI.<\/p>\n","protected":false},"author":1,"featured_media":207016,"comment_status":"closed","ping_status":"open","sticky":false,"template":"","format":"standard","meta":{"jetpack_post_was_ever_published":false,"_jetpack_newsletter_access":"","_jetpack_dont_email_post_to_subs":false,"_jetpack_newsletter_tier_id":0,"_jetpack_memberships_contains_paywalled_content":false,"_jetpack_memberships_contains_paid_content":false,"footnotes":"","jetpack_publicize_message":"","jetpack_publicize_feature_enabled":true,"jetpack_social_post_already_shared":true,"jetpack_social_options":{"image_generator_settings":{"template":"highway","default_image_id":0,"font":"","enabled":false},"version":2}},"categories":[1],"tags":[1014,1186,3114,1185,572,8131,1419,15285],"class_list":["post-207015","post","type-post","status-publish","format-standard","has-post-thumbnail","hentry","category-genel","tag-alindi","tag-altina","tag-altinda","tag-koruma","tag-olan","tag-tehlike","tag-turu","tag-vasak"],"jetpack_publicize_connections":[],"jetpack_featured_media_url":"https:\/\/i0.wp.com\/www.tvturk.com\/wp-content\/uploads\/2019\/09\/turu-tehlike-altinda-olan-vasak-koruma-altina-alindi_70efcfa.jpg?fit=1000%2C666","jetpack_sharing_enabled":true,"jetpack_shortlink":"https:\/\/wp.me\/paKIfm-RQX","_links":{"self":[{"href":"http:\/\/www.tvturk.com\/index.php\/wp-json\/wp\/v2\/posts\/207015","targetHints":{"allow":["GET"]}}],"collection":[{"href":"http:\/\/www.tvturk.com\/index.php\/wp-json\/wp\/v2\/posts"}],"about":[{"href":"http:\/\/www.tvturk.com\/index.php\/wp-json\/wp\/v2\/types\/post"}],"author":[{"embeddable":true,"href":"http:\/\/www.tvturk.com\/index.php\/wp-json\/wp\/v2\/users\/1"}],"replies":[{"embeddable":true,"href":"http:\/\/www.tvturk.com\/index.php\/wp-json\/wp\/v2\/comments?post=207015"}],"version-history":[{"count":0,"href":"http:\/\/www.tvturk.com\/index.php\/wp-json\/wp\/v2\/posts\/207015\/revisions"}],"wp:featuredmedia":[{"embeddable":true,"href":"http:\/\/www.tvturk.com\/index.php\/wp-json\/wp\/v2\/media\/207016"}],"wp:attachment":[{"href":"http:\/\/www.tvturk.com\/index.php\/wp-json\/wp\/v2\/media?parent=207015"}],"wp:term":[{"taxonomy":"category","embeddable":true,"href":"http:\/\/www.tvturk.com\/index.php\/wp-json\/wp\/v2\/categories?post=207015"},{"taxonomy":"post_tag","embeddable":true,"href":"http:\/\/www.tvturk.com\/index.php\/wp-json\/wp\/v2\/tags?post=207015"}],"curies":[{"name":"wp","href":"https:\/\/api.w.org\/{rel}","templated":true}]}}