{"id":207017,"date":"2019-09-24T12:32:24","date_gmt":"2019-09-24T09:32:24","guid":{"rendered":"http:\/\/www.tvturk.com\/index.php\/yok-baskani-sarac-uluslararasi-ogrenci-sayimiz-172-bine-ulasti\/"},"modified":"2019-09-24T12:32:24","modified_gmt":"2019-09-24T09:32:24","slug":"yok-baskani-sarac-uluslararasi-ogrenci-sayimiz-172-bine-ulasti","status":"publish","type":"post","link":"http:\/\/www.tvturk.com\/index.php\/yok-baskani-sarac-uluslararasi-ogrenci-sayimiz-172-bine-ulasti\/","title":{"rendered":"Y\u00d6K Ba\u015fkan\u0131 Sara\u00e7: \u201cUluslararas\u0131 \u00f6\u011frenci say\u0131m\u0131z 172 bine ula\u015ft\u0131\u201d"},"content":{"rendered":"<p>Y\u00d6K Ba\u015fkan\u0131 M. A. Yekta Sara\u00e7, \u201c2014 senesinde uluslararas\u0131 \u00f6\u011frenci say\u0131m\u0131z 48 binlerde iken bu say\u0131y\u0131 ilk defa a\u00e7\u0131kl\u0131yoruz, 172 bine ula\u015ft\u0131. Bu say\u0131da bir s\u0131\u00e7rama ya\u015fad\u0131k. Uluslararas\u0131 \u00f6\u011frenci say\u0131m\u0131zdaki art\u0131\u015f son y\u0131llardaki Avrupa\u2019daki uluslararas\u0131 \u00f6\u011frenci say\u0131s\u0131 art\u0131\u015f oranlar\u0131n\u0131n en iyisi ve bizim i\u00e7in gurur vericidir. Bu sonu\u00e7 \u00fclkemizin uluslararas\u0131 alandaki g\u00f6r\u00fcn\u00fcrl\u00fc\u011f\u00fcne de katk\u0131 sa\u011flamaktad\u0131r\u201d dedi.<\/p>\n<p>Y\u00fcksek\u00f6\u011fretim Kurulu (Y\u00d6K) konferans salonunda, Y\u00fcksek\u00f6\u011fretimin uluslararas\u0131la\u015fmas\u0131 ba\u011flam\u0131nda f\u0131rsatlar\u0131n ve tehditlerin kapsaml\u0131 ve geni\u015f kat\u0131l\u0131ml\u0131 bir platformda ele al\u0131nmas\u0131 amac\u0131yla \u201cT\u00fcrk Y\u00fcksek\u00f6\u011fretiminin Uluslararas\u0131la\u015fmas\u0131: F\u0131rsatlar ve Tehditler \u00c7al\u0131\u015ftay\u0131\u201d d\u00fczenlendi.<\/p>\n<p>Y\u00d6K Ba\u015fkan\u0131 M. A. Yekta Sara\u00e7\u2019\u0131n a\u00e7\u0131l\u0131\u015f konu\u015fmas\u0131yla ba\u015flayan \u00e7al\u0131\u015ftayda; y\u00fcksek\u00f6\u011fretim sisteminin, yurt d\u0131\u015f\u0131nda tan\u0131t\u0131lmas\u0131na ve \u00fcniversitelere eri\u015fimin kolayla\u015ft\u0131rmas\u0131na y\u00f6nelik T\u00fcrk\u00e7e, \u0130ngilizce ve Arap\u00e7a dillerinde yeniden haz\u0131rlanan ve hayata ge\u00e7irilen \u201cStudy in Turkey\u201d internet sayfas\u0131n\u0131n da tan\u0131t\u0131m\u0131 yap\u0131ld\u0131.<\/p>\n<p>Y\u00d6K Ba\u015fkan\u0131 Sara\u00e7, T\u00fcrkiye\u2019nin \u00f6\u011frenci say\u0131s\u0131 bak\u0131m\u0131ndan Avrupa\u2019da y\u00fcksek \u00f6\u011fretim alan\u0131nda \u00f6nde gelen \u00fclkelerden oldu\u011funu belirterek, \u201c\u00dclkemizde y\u00fcksek\u00f6\u011fretime eri\u015fim ve y\u00fcksek\u00f6\u011fretim alan\u0131ndaki okulla\u015fma oran\u0131n\u0131n art\u0131r\u0131lmas\u0131 2000\u2019li y\u0131llar \u00f6ncesinde \u00e7\u00f6z\u00fcmlenmesi gereken en \u00f6ncelikli konu iken son y\u0131llarda ya\u015fanan niceliksel b\u00fcy\u00fcme ile ba\u015fta y\u00fcksek\u00f6\u011fretime eri\u015fim olmak \u00fczere bir\u00e7ok alanda \u00f6nemli ilerlemeler kaydedilmi\u015ftir. Bug\u00fcn itibari ile 8 milyona yak\u0131n \u00f6\u011frenci, 82 bini \u00f6\u011fretim \u00fcyesi olmak \u00fczere 168 bini a\u015fk\u0131n \u00f6\u011fretim eleman\u0131,  129\u2019u devlet, 73\u2019\u00fc vak\u0131f \u00fcniversitesi ve 5\u2019i vak\u0131f meslek y\u00fcksekokulu olmak \u00fczere toplam 207 y\u00fcksek\u00f6\u011fretim kurumu T\u00fcrkiye y\u00fcksek\u00f6\u011fretim alan\u0131n\u0131 olu\u015fturmaktad\u0131r. T\u00fcrkiye, \u00f6\u011frenci say\u0131s\u0131 bak\u0131m\u0131ndan Avrupa Y\u00fcksek\u00f6\u011fretim Alan\u0131n\u0131n \u00f6nde gelen \u00fclkesi durumundad\u0131r\u201d ifadelerini kulland\u0131.<\/p>\n<p>\u201cAna gayemiz gelece\u011fe g\u00fc\u00e7l\u00fc nesiller yeti\u015ftirmek\u201d<\/p>\n<p>Sara\u00e7, T\u00fcrkiye\u2019nin ihtiya\u00e7 duydu\u011fu alanlarda geli\u015fimini sa\u011flamak i\u00e7in her y\u0131l T\u00fcrkiye\u2019nin bilim hayat\u0131ndaki 100 \u00f6ncelikli alan belirlendi\u011fini s\u00f6yledi. Belirlenen alanlarda \u00e7al\u0131\u015fmak \u00fczere yakla\u015f\u0131k 4 bin doktora \u00f6\u011frencisinin bursland\u0131r\u0131ld\u0131\u011f\u0131n\u0131 da s\u00f6zlerine ekleyen Sara\u00e7, \u201cAkademide ve end\u00fcstride \u00fclkemizin gelece\u011finin de\u011feri olan nitelikli insan kayna\u011f\u0131n\u0131n yeti\u015ftirilmesine, b\u00fcy\u00fck \u00f6nem atfetmekteyiz. Bu kapsamda ustun arast\u0131rma kabiliyetine sahip doktoral\u0131 insan kaynag\u0131n\u0131 artt\u0131rmak ve ayn\u0131 zamanda disiplinler aras\u0131 i\u015fbirliklerini g\u00fc\u00e7lendirmek amac\u0131yla, y\u00fcksek\u00f6\u011fretim sistemimizdeki yap\u0131sal de\u011fi\u015fime \u00f6nemli katk\u0131lar sunacak Y\u00d6K 100\/2000 Doktora Bursu projesini hayata ge\u00e7irdik. \u00dclkemizin ihtiya\u00e7 duydu\u011fu alanlarda, her y\u0131l T\u00fcrkiye\u2019nin bilim hayat\u0131n\u0131n 100 \u00f6ncelikli alan\u0131 belirlenmekte ve her \u00e7a\u011fr\u0131da bu liste g\u00fcncellenmektedir. Yakla\u015f\u0131k 4 bin doktora \u00f6\u011frencisi bu program dahilinde bursland\u0131r\u0131ld\u0131. Bu proje gurur duydu\u011fumuz bir T\u00fcrkiye projesidir. Ana gayemiz gelece\u011fe g\u00fc\u00e7l\u00fc nesiller yeti\u015ftirmektir. Ba\u015far\u0131y\u0131 \u00f6nceleyen ve destekleyen \u00e7ok say\u0131da ba\u015fkaca Y\u00d6K burslar\u0131m\u0131z da devam ediyor\u201d \u015feklinde konu\u015ftu.<\/p>\n<p>\u201cUluslararas\u0131 \u00f6\u011frenci say\u0131m\u0131z 172 bine ula\u015ft\u0131\u201d<\/p>\n<p>\u00c7al\u0131\u015ftay kapsam\u0131nda; Hedef Odakl\u0131 Uluslararas\u0131la\u015fma ba\u011flam\u0131nda T\u00fcrk Y\u00fcksek\u00f6\u011fretiminin uluslararas\u0131la\u015fmas\u0131nda kar\u015f\u0131 kar\u015f\u0131ya oldu\u011fu f\u0131rsatlar\u0131n ve tehditlerin kapsaml\u0131 ve geni\u015f kat\u0131l\u0131ml\u0131 bir platformda ele al\u0131nmas\u0131ndan duydu\u011fu mutlulu\u011fu dile getiren Sara\u00e7, uluslararas\u0131 \u00f6\u011frenci say\u0131s\u0131n\u0131n son g\u00fcncel rakamlara g\u00f6re 172 bine ula\u015ft\u0131\u011f\u0131n\u0131 belirtti. Sara\u00e7, \u201c2014 senesinde uluslararas\u0131 \u00f6\u011frenci say\u0131m\u0131z 48 binlerde iken bu say\u0131y\u0131 ilk defa a\u00e7\u0131kl\u0131yoruz, 172 bine ula\u015ft\u0131. Bu say\u0131da bir s\u0131\u00e7rama ya\u015fad\u0131k. Uluslararas\u0131 \u00f6\u011frenci say\u0131m\u0131zdaki art\u0131\u015f son y\u0131llardaki Avrupa\u2019daki uluslararas\u0131 \u00f6\u011frenci say\u0131s\u0131 art\u0131\u015f oranlar\u0131n\u0131n en iyisi ve bizim i\u00e7in gurur vericidir. Bu sonu\u00e7 \u00fclkemizin uluslararas\u0131 alandaki g\u00f6r\u00fcn\u00fcrl\u00fc\u011f\u00fcne de katk\u0131 sa\u011flamaktad\u0131r. Uluslararas\u0131 \u00f6\u011frencilere y\u00f6nelik y\u00fcksek\u00f6\u011fretim politikalar\u0131 geli\u015ftirilirken insani boyutta da politikalar geli\u015ftirmekteyiz. Y\u00fcksek\u00f6\u011fretim Kurulu Ba\u015fkanl\u0131\u011f\u0131 olarak m\u00fclteci akademisyen ve \u00f6\u011frencilerin bizim e\u011fitim ve \u00f6\u011fretim sistemimize entegre olabilmeleri i\u00e7in \u00e7al\u0131\u015fmalar ba\u015flatt\u0131k. Ba\u015flatt\u0131\u011f\u0131m\u0131z bu \u00e7al\u0131\u015fmalar kapsam\u0131nda \u015fimdiye kadar 500 civar\u0131nda g\u00f6\u00e7men bilim insan\u0131na y\u00fcksek\u00f6\u011fretim sistemimizde \u00e7al\u0131\u015fma alan\u0131 a\u00e7\u0131lm\u0131\u015f ve bu bilim insanlar\u0131 \u00fcniversitelerimize yerle\u015ftirildi. Onlar\u0131n varl\u0131\u011f\u0131 \u00fcniversitelerimize, y\u00fcksek\u00f6\u011fretimin uluslararas\u0131la\u015fmas\u0131na ve uluslararas\u0131 \u00f6\u011frenci ak\u0131\u015f\u0131na katk\u0131 sa\u011flad\u0131\u201d diye konu\u015ftu.<\/p>\n<p>\u201cSon 5 y\u0131lda imzalanan mutabakat say\u0131s\u0131 32 y\u0131lda imzalanan\u0131n iki kat\u0131n\u0131 a\u015ft\u0131\u201d<\/p>\n<p>T\u00fcrkiye\u2019deki y\u00fcksek\u00f6\u011fretim kurumlar\u0131n\u0131n yurt d\u0131\u015f\u0131ndan \u00f6\u011frenci kabul k\u0131s\u0131t\u0131n\u0131n kald\u0131r\u0131ld\u0131\u011f\u0131n\u0131 s\u00f6yleyen Sara\u00e7, \u201cNitelikli yabanc\u0131 uyruklu \u00f6\u011fretim elemanlar\u0131n\u0131 \u00fclkemize \u00e7ekebilmek i\u00e7in yeni politika belgesini de \u00f6n\u00fcm\u00fczdeki g\u00fcnlerde a\u00e7\u0131klayaca\u011f\u0131z. Y\u00d6K\u2019\u00fcn kurulu\u015fu olan 1982 y\u0131l\u0131ndan 2014 y\u0131l\u0131na kadar ge\u00e7en 32 y\u0131lda 15 \u00fclke ile y\u00fcksek\u00f6\u011fretim alan\u0131nda i\u015fbirli\u011fine y\u00f6nelik mutabakat zapt\u0131 imzalanm\u0131\u015fken, son be\u015f y\u0131lda bu y\u00f6nde imzalam\u0131\u015f oldu\u011fumuz mutabakat zapt\u0131 say\u0131s\u0131 35\u2019e ula\u015fm\u0131\u015ft\u0131r. Bir ba\u015fka ifade ile son be\u015f y\u0131lda imzalanan mutabakat say\u0131s\u0131 32 y\u0131lda imzalanan\u0131n iki kat\u0131n\u0131 a\u015fm\u0131\u015ft\u0131r. Bu mutabakat zab\u0131tlar\u0131 sembolik faaliyetler de\u011fildir; \u00fclkemize gelen \u00f6\u011frencilerin ve tan\u0131nan \u00fcniversitelerimizin say\u0131s\u0131n\u0131n artmas\u0131nda en \u00f6nemli fakt\u00f6rd\u00fcr. Kom\u015fu \u00fclkelerde az say\u0131da tan\u0131nan \u00fcniversitelerimizin tan\u0131n\u0131rl\u0131\u011f\u0131n\u0131 giri\u015fimlerimizle s\u00fcrekli art\u0131r\u0131yoruz. Afrika ve Balkan a\u00e7\u0131l\u0131mlar\u0131m\u0131z da \u00f6nemli sonu\u00e7lar do\u011furuyor. Di\u011fer taraftan ortak programlar\u0131n say\u0131s\u0131nda da \u00f6nemli art\u0131\u015flar ya\u015fand\u0131\u201d dedi.<\/p>\n<p>\u201c5 \u00fczerinden 5 tam puan\u201d<\/p>\n<p>May\u0131s 2018 tarihlerinde Fransa\u2019da d\u00fczenlenen Avrupa Y\u00fcksek\u00f6\u011fretim Alan\u0131 Bakanlar Zirvesinde T\u00fcrkiye, derece sistemlerinin geli\u015ftirilmesi ana ba\u015fl\u0131\u011f\u0131 alt\u0131nda yer alan \u201cYeterlilikler \u00c7er\u00e7evesi\u201d, \u201cAvrupa Kredi Transfer Sistemi\u201d ve \u201cDiploma Eki\u201d konular\u0131nda 5 \u00fczerinden 5 tam puan ald\u0131\u011f\u0131n\u0131 s\u00f6yleyen Sara\u00e7, Avrupa Y\u00fcksek\u00f6\u011fretim Alan\u0131 (AYA) 2018 y\u0131l\u0131 \u00fclke karnemizde ciddi bir iyile\u015fme sa\u011fland\u0131\u011f\u0131n\u0131n da alt\u0131n\u0131 \u00e7izdi. Sara\u00e7, \u201cT\u00fcrkiye, Bologna s\u00fcrecinin belirledi\u011fi kazan\u0131mlar anlam\u0131nda pek \u00e7ok Avrupa \u00fclkesinin \u00f6n\u00fcnde oldu\u011funu bir kez daha g\u00f6stermi\u015ftir. T\u00fcrkiye\u2019nin Bologna S\u00fcreci\u2019ne dahil olmas\u0131yla birlikte uluslararas\u0131la\u015fman\u0131n bir di\u011fer \u00f6nemli unsuru olan akademik tan\u0131nma, T\u00fcrk y\u00fcksek\u00f6\u011fretiminde \u00f6ncelikli bir s\u0131raya oturtulmu\u015ftur. Erasmus ve Erasmus plus program\u0131 arac\u0131l\u0131\u011f\u0131yla 2004 y\u0131l\u0131ndan bu yana 55 bini a\u015fk\u0131n \u00f6\u011frenci e\u011fitim i\u00e7in \u00fclkemize gelmi\u015f, 160 bini a\u015fk\u0131n \u00f6\u011frencimiz ise \u00fclkemizden Avrupa Birli\u011fi\u2019ne \u00fcye farkl\u0131 \u00fclkelere giderek e\u011fitimlerine bir veya iki d\u00f6nem yurt d\u0131\u015f\u0131nda devam etmi\u015flerdir. Mevlana De\u011fi\u015fim Program\u0131m\u0131z vas\u0131tas\u0131yla T\u00fcrk y\u00fcksek\u00f6\u011fretim kurumlar\u0131 ile Avrupa Y\u00fcksek\u00f6\u011fretim Alan\u0131 d\u0131\u015f\u0131ndaki \u00fclkelerin y\u00fcksek\u00f6\u011fretim kurumlar\u0131 aras\u0131nda \u00f6\u011frenci ve \u00f6\u011fretim eleman\u0131 de\u011fi\u015fimi ger\u00e7ekle\u015ftirilmektedir. Toplamda 3 bin 313\u2019\u00fc gelen olmak \u00fczere 5 bin 884 \u00f6\u011frenci ve 1 bin 540\u2019\u0131 gelen olmak \u00fczere toplam 2 bin 637 \u00f6\u011fretim eleman\u0131 olmak \u00fczere toplamda 8 bin 521 \u00f6\u011frenci ve \u00f6\u011fretim eleman\u0131 de\u011fi\u015fimi ger\u00e7ekle\u015ftirilmi\u015ftir. Mevlana De\u011fi\u015fim Program\u0131nda yeni bir format geli\u015ftirerek, \u00fcniversitelerimizin yabanc\u0131 \u00fcniversitelerle proje odakl\u0131 i\u015fbirliklerini destekleme yoluna gittik. Proje tabanl\u0131 Uluslararas\u0131 De\u011fi\u015fim Program\u0131 ile ilk defa \u00f6ncelikli alanlarda \u00fcniversitelerimizin yurt d\u0131\u015f\u0131ndaki \u00fcniversitelerle proje odakl\u0131 i\u015fbirlikleri desteklenmeye ba\u015flad\u0131. 36 \u00fclkenin \u00fcniversiteleri ile \u00fcniversitelerimiz aras\u0131nda y\u00fcr\u00fct\u00fclen 94 ortak bilimsel projeye, bu program kapsam\u0131nda \u00f6\u011frenci ve akademik personel de\u011fi\u015fimi i\u00e7in destek sa\u011flanm\u0131\u015ft\u0131r\u201d ifadelerini kulland\u0131.<\/p>\n<p>\u201c\u00dclkemize gelen uluslararas\u0131 \u00f6\u011frencilere ilgili \u00fclkenin ihtiya\u00e7 duyulan alanlar\u0131nda e\u011fitim veriyoruz\u201d<\/p>\n<p>\u00d6zg\u00fcn burs projeleri ile; Ruanda, Pakistan, Kosova, Makedonya, Arnavutluk, Banglade\u015f, Filipinler, Ukrayna, Gambiya, Filistin, Etiyopya, Sudan, Uganda gibi hedef \u00fclkelerin bakanl\u0131klar\u0131 ile koordineli \u00e7al\u0131\u015f\u0131ld\u0131\u011f\u0131n\u0131 vurgulayan Sara\u00e7, \u201c\u00dclkemize gelen uluslararas\u0131 \u00f6\u011frencilere ilgili \u00fclkenin ihtiya\u00e7 duyulan alanlar\u0131nda e\u011fitim veriyoruz. Bu \u00f6\u011frenciler e\u011fitimlerini tamamlad\u0131ktan sonra kendi \u00fclkelerine d\u00f6nmekte ve devlette g\u00f6rev yapmaktad\u0131rlar. Pakistan T\u00fcrkiye \u00c7a\u011fr\u0131l\u0131 Proje Tabanl\u0131 Uluslararas\u0131 De\u011fi\u015fim Program\u0131: Bu burs program\u0131nda 2017 y\u0131l\u0131nda ba\u015flatt\u0131k. Bu burs program\u0131 y\u00fcksek\u00f6\u011fretimin uluslararas\u0131la\u015fmas\u0131na katk\u0131da bulunan bir T\u00fcrk ve Pakistan i\u015fbirli\u011fi giri\u015fimidir. \u015eimdiye kadar 15 T\u00fcrk devlet \u00fcniversitesinden toplam 24 proje onaylanm\u0131\u015ft\u0131r. Toplamda 139 \u00f6\u011frenci ve \u00f6\u011fretim eleman\u0131 bursland\u0131r\u0131lm\u0131\u015f, \u00f6\u011fretim eleman\u0131 ve \u00f6\u011frenci de\u011fi\u015fimi ger\u00e7ekle\u015fmi\u015ftir. Bir di\u011fer burs program\u0131m\u0131z da Y\u00d6K-T\u00fcrkoloji Bursudur. Yurt d\u0131\u015f\u0131ndaki \u00fcniversitelerin T\u00fcrkoloji b\u00f6l\u00fcmlerini g\u00fc\u00e7lendirmesi ve bu b\u00f6l\u00fcmlere ilgiyi art\u0131rmas\u0131 ve T\u00fcrkiye\u2019nin uluslararas\u0131 alanda g\u00f6r\u00fcn\u00fcrl\u00fc\u011f\u00fcne katk\u0131 sa\u011flamas\u0131 maksad\u0131yla ba\u015flat\u0131lm\u0131\u015ft\u0131r. Bir di\u011fer projemiz Study in Turkey projesi. Bu proje ile \u00fcniversitelerimizin yurt d\u0131\u015f\u0131nda tan\u0131t\u0131m\u0131nda farkl\u0131 bir y\u00f6ntem izliyoruz; dijital bir platformda \u00fcniversitelerimiz kap\u0131lar\u0131n\u0131 d\u00fcnyadaki payda\u015flar\u0131na a\u00e7m\u0131\u015f bulunmaktad\u0131r. Bu proje T\u00fcrkiye\u2019de \u00f6\u011frenim g\u00f6rmeyi d\u00fc\u015f\u00fcnen uluslararas\u0131 \u00f6\u011frencilerin do\u011fru bilgilendirilmesi ve y\u00f6nlendirilmesi hususunda \u00f6nem arz etmektedir\u201d \u015feklinde konu\u015ftu.<\/p>\n<p>D\u00fczenlenen \u2018T\u00fcrk Y\u00fcksek\u00f6\u011fretiminin Uluslararas\u0131la\u015fmas\u0131: F\u0131rsatlar ve Tehditler \u00c7al\u0131\u015ftay\u0131\u2019na Y\u00d6K Ba\u015fkan\u0131 M. A. Yekta Sara\u00e7\u2019\u0131n yan\u0131 s\u0131ra; G\u00f6\u00e7 \u0130daresi Genel M\u00fcd\u00fcr\u00fc Abdullah Ayaz, T\u00fcrkiye Ulusal Ajans Ba\u015fkan\u0131 \u0130lker Astarc\u0131, Yunus Emre Enstit\u00fcs\u00fc Ba\u015fkan\u0131 \u015eeref Ate\u015f, Y\u00fcksek\u00f6\u011fretim Kurulu Ba\u015fkan Vekili Rahmi Er, \u0130stanbul Ayd\u0131n \u00dcniversitesi Rekt\u00f6r\u00fc Yadigar \u0130zmirli, Ortado\u011fu Teknik \u00dcniversitesi Rekt\u00f6r\u00fc M. Ver\u015fan K\u00f6k, Marmara \u00dcniversitesi Rekt\u00f6r\u00fc Erol \u00d6zvar, Karab\u00fck \u00dcniversitesi Rekt\u00f6r\u00fc Refik Polat, Ankara \u00dcniversitesi Rekt\u00f6r\u00fc Erkan \u0130bi\u015f, \u0130stanbul \u00dcniversitesi Rekt\u00f6r\u00fc Mahmut Ak, Bilkent \u00dcniversitesi Rekt\u00f6r\u00fc Abdullah Atalar, Ondokuz May\u0131s \u00dcniversitesi Rekt\u00f6r\u00fc Sait Bilgi\u00e7, Sel\u00e7uk \u00dcniversitesi Rekt\u00f6r\u00fc Mustafa \u015eahin kat\u0131ld\u0131. Yurt d\u0131\u015f\u0131 T\u00fcrkler ve Akraba Topluluklar Ba\u015fkan\u0131 Abdullah Eren, Amerika Birle\u015fik Devletleri\u2019nde oldu\u011fu i\u00e7in programa kat\u0131lamad\u0131.<\/p>\n","protected":false},"excerpt":{"rendered":"<p>Y\u00d6K BA\u015eKANI M. A. YEKTA SARA\u00c7, \u201c2014 SENES\u0130NDE ULUSLARARASI \u00d6\u011eRENC\u0130 SAYIMIZ 48 B\u0130NLERDE \u0130KEN BU SAYIYI \u0130LK DEFA A\u00c7IKLIYORUZ, 172 B\u0130NE ULA\u015eTI. BU SAYIDA B\u0130R SI\u00c7RAMA YA\u015eADIK. ULUSLARARASI \u00d6\u011eRENC\u0130 SAYIMIZDAK\u0130 ARTI\u015e SON YILLARDAK\u0130 AVRUPA\u2019DAK\u0130 ULUSLARARASI \u00d6\u011eRENC\u0130 SAYISI ARTI\u015e ORANLARININ EN \u0130Y\u0130S\u0130 VE B\u0130Z\u0130M \u0130\u00c7\u0130N GURUR VER\u0130C\u0130D\u0130R. BU SONU\u00c7 \u00dcLKEM\u0130Z\u0130N ULUSLARARASI ALANDAK\u0130 G\u00d6R\u00dcN\u00dcRL\u00dc\u011e\u00dcNE DE KATKI SA\u011eLAMAKTADIR\u201d DED\u0130.<\/p>\n","protected":false},"author":1,"featured_media":207018,"comment_status":"closed","ping_status":"open","sticky":false,"template":"","format":"standard","meta":{"jetpack_post_was_ever_published":false,"_jetpack_newsletter_access":"","_jetpack_dont_email_post_to_subs":false,"_jetpack_newsletter_tier_id":0,"_jetpack_memberships_contains_paywalled_content":false,"_jetpack_memberships_contains_paid_content":false,"footnotes":"","jetpack_publicize_message":"","jetpack_publicize_feature_enabled":true,"jetpack_social_post_already_shared":true,"jetpack_social_options":{"image_generator_settings":{"template":"highway","default_image_id":0,"font":"","enabled":false},"version":2}},"categories":[1],"tags":[4839,45980,216,7563,773,33847,52279,2574,664],"class_list":["post-207017","post","type-post","status-publish","format-standard","has-post-thumbnail","hentry","category-genel","tag-uluslararasi","tag-45980","tag-baskani","tag-bine","tag-ogrenci","tag-sarac","tag-sayimiz","tag-ulasti","tag-yok"],"jetpack_publicize_connections":[],"jetpack_featured_media_url":"https:\/\/i0.wp.com\/www.tvturk.com\/wp-content\/uploads\/2019\/09\/yok-baskani-sarac-uluslararasi-ogrenci-sayimiz-172-bine-ulasti_7f38657.jpg?fit=1000%2C666","jetpack_sharing_enabled":true,"jetpack_shortlink":"https:\/\/wp.me\/paKIfm-RQZ","_links":{"self":[{"href":"http:\/\/www.tvturk.com\/index.php\/wp-json\/wp\/v2\/posts\/207017","targetHints":{"allow":["GET"]}}],"collection":[{"href":"http:\/\/www.tvturk.com\/index.php\/wp-json\/wp\/v2\/posts"}],"about":[{"href":"http:\/\/www.tvturk.com\/index.php\/wp-json\/wp\/v2\/types\/post"}],"author":[{"embeddable":true,"href":"http:\/\/www.tvturk.com\/index.php\/wp-json\/wp\/v2\/users\/1"}],"replies":[{"embeddable":true,"href":"http:\/\/www.tvturk.com\/index.php\/wp-json\/wp\/v2\/comments?post=207017"}],"version-history":[{"count":0,"href":"http:\/\/www.tvturk.com\/index.php\/wp-json\/wp\/v2\/posts\/207017\/revisions"}],"wp:featuredmedia":[{"embeddable":true,"href":"http:\/\/www.tvturk.com\/index.php\/wp-json\/wp\/v2\/media\/207018"}],"wp:attachment":[{"href":"http:\/\/www.tvturk.com\/index.php\/wp-json\/wp\/v2\/media?parent=207017"}],"wp:term":[{"taxonomy":"category","embeddable":true,"href":"http:\/\/www.tvturk.com\/index.php\/wp-json\/wp\/v2\/categories?post=207017"},{"taxonomy":"post_tag","embeddable":true,"href":"http:\/\/www.tvturk.com\/index.php\/wp-json\/wp\/v2\/tags?post=207017"}],"curies":[{"name":"wp","href":"https:\/\/api.w.org\/{rel}","templated":true}]}}