{"id":207023,"date":"2019-09-24T12:32:56","date_gmt":"2019-09-24T09:32:56","guid":{"rendered":"http:\/\/www.tvturk.com\/index.php\/calimbay-alanyaspor-maci-zor-olacak\/"},"modified":"2019-09-24T12:32:56","modified_gmt":"2019-09-24T09:32:56","slug":"calimbay-alanyaspor-maci-zor-olacak","status":"publish","type":"post","link":"http:\/\/www.tvturk.com\/index.php\/calimbay-alanyaspor-maci-zor-olacak\/","title":{"rendered":"\u00c7al\u0131mbay: \u201cAlanyaspor ma\u00e7\u0131 zor olacak\u201d"},"content":{"rendered":"<p>S\u00fcper Lig\u2019in 6. haftas\u0131nda deplasmanda Alanyaspor ile kar\u015f\u0131 kar\u015f\u0131ya gelecek olan Sivasspor, bu ma\u00e7\u0131n haz\u0131rl\u0131klar\u0131na start verdi. Teknik Direkt\u00f6r R\u0131za \u00c7al\u0131mbay, zorlu bir ma\u00e7 oynayacaklar\u0131n\u0131 s\u00f6yledi.<\/p>\n<p>Vali L\u00fctfullah Bilgin Sivasspor Tesisleri\u2019nde, Teknik Direkt\u00f6r R\u0131za \u00c7al\u0131mbay ve yard\u0131mc\u0131lar\u0131 y\u00f6netiminde ger\u00e7ekle\u015ftirilen antrenman yakla\u015f\u0131k bir bu\u00e7uk saat s\u00fcrd\u00fc. Ko\u015fu ile ba\u015flayan antrenman \u0131s\u0131nma \u00e7al\u0131\u015fmalar\u0131 ile devam etti. Daha sonra 5\u2019e 2 top kapma \u00e7al\u0131\u015fmas\u0131 yapan Yi\u011fidolar, \u00e7ift kale ma\u00e7la idman\u0131 tamamlad\u0131. Antrenmanda Trabzonspor ma\u00e7\u0131nda forma giyen oyuncular tak\u0131mdan ayr\u0131 \u00e7al\u0131\u015fma yapt\u0131. Futbolcular\u0131n moralli olduklar\u0131 da g\u00f6zlerden ka\u00e7mad\u0131.<\/p>\n<p>\u0130dmana sakatl\u0131klar\u0131 devam eden Serhiy Rybalka, Bar\u0131\u015f Yard\u0131mc\u0131 ve Muammer Y\u0131ld\u0131r\u0131m kat\u0131lmad\u0131.<\/p>\n<p>\u201c\u00c7ok zor bir ma\u00e7 olacak\u201d<\/p>\n<p>Antrenman \u00f6ncesi bas\u0131n mensuplar\u0131n\u0131n sorular\u0131n\u0131 yan\u0131tlayan Teknik Direkt\u00f6r R\u0131za \u00c7al\u0131mbay, 2-1 galip geldikleri Trabzonspor ma\u00e7\u0131ndan 3 puanla ayr\u0131ld\u0131klar\u0131 i\u00e7in mutlu olduklar\u0131n\u0131 s\u00f6yledi. \u00c7al\u0131mbay, hafta sonu Alanyaspor ile zorlu bir ma\u00e7 yapacaklar\u0131n\u0131 belirterek, \u201c\u015eimdi oynayaca\u011f\u0131m\u0131z bir Alanyaspor ma\u00e7\u0131 var. \u015eu an \u00e7\u0131k\u0131\u015fta olan bir tak\u0131m. Ger\u00e7ekten ge\u00e7en sezon da ba\u015far\u0131l\u0131yd\u0131lar. \u00c7ok zor bir ma\u00e7 oynayaca\u011f\u0131z, bunun fark\u0131nday\u0131z. Ba\u015fak\u015fehir gibi bir deplasman ma\u00e7\u0131 oynayaca\u011f\u0131z. Haz\u0131r\u0131z her \u015feye. Sadece sakat arkada\u015flar\u0131m\u0131z var. Ona bug\u00fcn de Emre kat\u0131ld\u0131. En az 2 hafta da Emre oynamayacak. Ama yapacak bir \u015fey yok. 2 tane ma\u00e7\u0131m\u0131z var bizim \u00e7ok \u00f6nemli. Alanyaspor ve Ankarag\u00fcc\u00fc ma\u00e7lar\u0131. Bunlar\u0131 iyi bir \u015fekilde bitirmeyi hedefliyoruz. Bu milli ma\u00e7 aras\u0131 bizim \u00e7ok \u00f6nemli. O aray\u0131 da en iyi \u015fekilde de\u011ferlendirmek istiyoruz. Sakat arkada\u015flar\u0131m\u0131z da gelince in\u015fallah daha iyi olaca\u011f\u0131z\u201d dedi.<\/p>\n<p>\u201cVAR do\u011fru kullan\u0131lm\u0131yor\u201d<\/p>\n<p>VAR sisteminin do\u011fru kullan\u0131lmad\u0131\u011f\u0131n\u0131 ifade eden \u00c7al\u0131mbay, \u201cVAR sistemi \u00e7ok g\u00fczel kullan\u0131l\u0131rsa hatalar\u0131 asgariye indiriyor. D\u00fcnk\u00fc ma\u00e7ta bize g\u00f6re Fernando\u2019ya yap\u0131lan faul. O faul\u00fc vermiyor o faul d\u00f6n\u00fcyor dola\u015f\u0131yor bize penalt\u0131 oluyor. Bu bir hata. Bunu g\u00f6receksiniz ve faul\u00fc vereceksiniz. Penalt\u0131y\u0131 kazara atsayd\u0131 Trabzonspor belki de \u015fu anda ma\u011flup bitirecektik. Hakem arkada\u015f\u0131m\u0131z\u0131n o faul\u00fc g\u00f6rmemesi veya gidip bakmamas\u0131 iyi bir \u015fey de\u011fil ama bu oluyor. Ayn\u0131 \u015fey Rizespor ma\u00e7\u0131nda da oldu. Bence bu VAR sistemini kullan\u0131rsak \u00e7ok faydal\u0131. Kullanamazsak hep tart\u0131\u015f\u0131l\u0131p gidecek. VAR sisteminin do\u011fru kullan\u0131ld\u0131\u011f\u0131n\u0131 zannetmiyorum. \u00c7\u00fcnk\u00fc gitmiyorlar. Git ya, ne olacak! Bir \u015fey olmaz ki. Taraftar da al\u0131\u015ft\u0131. Gerekti\u011fi zaman gideceksiniz. D\u00fcnk\u00fc faul olay\u0131nda da gitmesi gerekiyordu. \u00c7\u00fcnk\u00fc d\u00f6n\u00fc\u015f\u00fc bize penalt\u0131 oldu\u201d diye konu\u015ftu.<\/p>\n<p>\u201cTaraftar her zaman b\u00fcy\u00fck bir g\u00fc\u00e7t\u00fcr\u201d<\/p>\n<p>\u00c7al\u0131mbay, son olarak Trabzonspor ma\u00e7\u0131na gelen taraftarlara te\u015fekk\u00fcr ederek, kazanmalar\u0131nda en b\u00fcy\u00fck etkenin taraftarlar oldu\u011funu s\u00f6yledi. \u00c7al\u0131mbay, \u201cTaraftar\u0131n katk\u0131s\u0131 ma\u00e7\u0131 kazanmam\u0131zda \u00e7ok b\u00fcy\u00fckt\u00fc. Ke\u015fke her ma\u00e7\u0131m\u0131z b\u00f6yle olsa. Daha kalabal\u0131k olsa. O zaman futbolcu arkada\u015flar\u0131m\u0131z da bamba\u015fka oynarlar. Onun i\u00e7in taraftar her zaman b\u00fcy\u00fck bir g\u00fc\u00e7t\u00fcr. Onu para ile bile alamazs\u0131n. De\u011feri \u00f6l\u00e7\u00fclmez. O nedenle ne kadar fazla olursa bize o kadar b\u00fcy\u00fck faydalar\u0131 olur. Alanya tak\u0131m\u0131 i\u00e7in zaman\u0131m\u0131z \u00e7ok az. O nedenle 2 g\u00fcn \u00f6nceden oraya gidece\u011fiz. Oraya b\u00fct\u00fcn kafam\u0131z\u0131 vererek \u00e7al\u0131\u015fmam\u0131z gerekiyor ki, o ma\u00e7\u0131 da iyi bir \u015fekilde bitirelim\u201d \u015feklinde konu\u015ftu.<\/p>\n","protected":false},"excerpt":{"rendered":"<p>S\u00dcPER L\u0130G\u2019\u0130N 6. HAFTASINDA DEPLASMANDA ALANYASPOR\u2019A KONUK OLACAK OLAN D.G. S\u0130VASSPOR, BU M\u00dcSABAKANIN HAZIRLIKLARINA BA\u015eLADI. \u0130DMAN \u00d6NCES\u0130 KONU\u015eAN TECR\u00dcBEL\u0130 TEKN\u0130K D\u0130REKT\u00d6R RIZA \u00c7ALIMBAY; \u201cOYNAYACA\u011eIMIZ B\u0130R ALANYA MA\u00c7I VAR. \u015eU AN \u00c7IKI\u015eTA OLAN B\u0130R TAKIM ALANYA. GER\u00c7EKTEN GE\u00c7EN SEZON DA BA\u015eARILIYDILAR. \u00c7OK ZOR B\u0130R MA\u00c7 OYNAYACA\u011eIZ BUNUN FARKINDAYIZ\u201d DED\u0130.<\/p>\n","protected":false},"author":1,"featured_media":207024,"comment_status":"closed","ping_status":"open","sticky":false,"template":"","format":"standard","meta":{"jetpack_post_was_ever_published":false,"_jetpack_newsletter_access":"","_jetpack_dont_email_post_to_subs":false,"_jetpack_newsletter_tier_id":0,"_jetpack_memberships_contains_paywalled_content":false,"_jetpack_memberships_contains_paid_content":false,"footnotes":"","jetpack_publicize_message":"","jetpack_publicize_feature_enabled":true,"jetpack_social_post_already_shared":true,"jetpack_social_options":{"image_generator_settings":{"template":"highway","default_image_id":0,"font":"","enabled":false},"version":2}},"categories":[657],"tags":[6138,17058,777,1189,9997],"class_list":["post-207023","post","type-post","status-publish","format-standard","has-post-thumbnail","hentry","category-spor","tag-alanyaspor","tag-calimbay","tag-maci","tag-olacak","tag-zor"],"jetpack_publicize_connections":[],"jetpack_featured_media_url":"https:\/\/i0.wp.com\/www.tvturk.com\/wp-content\/uploads\/2019\/09\/calimbay-alanyaspor-maci-zor-olacak_1c7ff06.jpg?fit=1000%2C726","jetpack_sharing_enabled":true,"jetpack_shortlink":"https:\/\/wp.me\/paKIfm-RR5","_links":{"self":[{"href":"http:\/\/www.tvturk.com\/index.php\/wp-json\/wp\/v2\/posts\/207023","targetHints":{"allow":["GET"]}}],"collection":[{"href":"http:\/\/www.tvturk.com\/index.php\/wp-json\/wp\/v2\/posts"}],"about":[{"href":"http:\/\/www.tvturk.com\/index.php\/wp-json\/wp\/v2\/types\/post"}],"author":[{"embeddable":true,"href":"http:\/\/www.tvturk.com\/index.php\/wp-json\/wp\/v2\/users\/1"}],"replies":[{"embeddable":true,"href":"http:\/\/www.tvturk.com\/index.php\/wp-json\/wp\/v2\/comments?post=207023"}],"version-history":[{"count":0,"href":"http:\/\/www.tvturk.com\/index.php\/wp-json\/wp\/v2\/posts\/207023\/revisions"}],"wp:featuredmedia":[{"embeddable":true,"href":"http:\/\/www.tvturk.com\/index.php\/wp-json\/wp\/v2\/media\/207024"}],"wp:attachment":[{"href":"http:\/\/www.tvturk.com\/index.php\/wp-json\/wp\/v2\/media?parent=207023"}],"wp:term":[{"taxonomy":"category","embeddable":true,"href":"http:\/\/www.tvturk.com\/index.php\/wp-json\/wp\/v2\/categories?post=207023"},{"taxonomy":"post_tag","embeddable":true,"href":"http:\/\/www.tvturk.com\/index.php\/wp-json\/wp\/v2\/tags?post=207023"}],"curies":[{"name":"wp","href":"https:\/\/api.w.org\/{rel}","templated":true}]}}