{"id":207033,"date":"2019-09-24T12:47:32","date_gmt":"2019-09-24T09:47:32","guid":{"rendered":"http:\/\/www.tvturk.com\/index.php\/rektor-yabanci-ogrencilerle-turku-soyledi\/"},"modified":"2019-09-24T12:47:32","modified_gmt":"2019-09-24T09:47:32","slug":"rektor-yabanci-ogrencilerle-turku-soyledi","status":"publish","type":"post","link":"http:\/\/www.tvturk.com\/index.php\/rektor-yabanci-ogrencilerle-turku-soyledi\/","title":{"rendered":"Rekt\u00f6r, yabanc\u0131 \u00f6\u011frencilerle t\u00fcrk\u00fc s\u00f6yledi"},"content":{"rendered":"<p>Aksaray \u00dcniversitesi (AS\u00dc) Rekt\u00f6r\u00fc Prof. Dr. Yusuf \u015eahin, ba\u011f\u0131ml\u0131l\u0131k konusunda ger\u00e7ekle\u015ftirilen bir proje kapsam\u0131nda AS\u00dc\u2019ye gelen yabanc\u0131 \u00f6\u011frencilerle birlikte t\u00fcrk\u00fc s\u00f6yledi.<\/p>\n<p>\u0130spanya, Romanya, \u0130talya, Litvanya, Makedonya ve T\u00fcrkiye\u2019den, \u00e7o\u011funlu\u011fu \u00fcniversite \u00f6\u011frencisi olan proje ekibiyle Senato Salonu\u2019nda bir araya gelen Aksaray \u00dcniversitesi (AS\u00dc) Rekt\u00f6r\u00fc Prof. Dr. Yusuf \u015eahin, ger\u00e7ekle\u015ftirilen etkinliklerde ortak bir dil \u00fczerine diyalog kurman\u0131n \u00f6nemine dikkat \u00e7ekti. M\u00fczi\u011fin, evrensel diline vurgu yapan Rekt\u00f6r \u015eahin, konuk \u00f6\u011frencilerin kendi k\u00fclt\u00fcrlerini yans\u0131tan \u015fark\u0131lar\u0131na, A\u015f\u0131k Veysel\u2019in \u201cKara Toprak\u201d isimli t\u00fcrk\u00fcs\u00fcn\u00fc okuyarak e\u015flik etti.<\/p>\n<p>Toplant\u0131n\u0131n bu b\u00f6l\u00fcm\u00fcne dair haz\u0131rlanan klip, sosyal medyada, Rekt\u00f6r \u015eahin\u2019in, \u201cDillerimiz farkl\u0131yd\u0131, biz de ortak bir dille konu\u015ftuk: \u201cT\u00fcrk\u00fcler\u201d mesaj\u0131 ile yay\u0131nland\u0131.<\/p>\n","protected":false},"excerpt":{"rendered":"<p>AKSARAY \u00dcN\u0130VERS\u0130TES\u0130 (AS\u00dc) REKT\u00d6R\u00dc PROF. DR. YUSUF \u015eAH\u0130N, BA\u011eIMLILIK KONUSUNDA GER\u00c7EKLE\u015eT\u0130R\u0130LEN B\u0130R PROJE KAPSAMINDA AS\u00dc\u2019YE GELEN YABANCI \u00d6\u011eRENC\u0130LERLE B\u0130RL\u0130KTE T\u00dcRK\u00dc S\u00d6YLED\u0130.<\/p>\n","protected":false},"author":1,"featured_media":207034,"comment_status":"closed","ping_status":"open","sticky":false,"template":"","format":"standard","meta":{"jetpack_post_was_ever_published":false,"_jetpack_newsletter_access":"","_jetpack_dont_email_post_to_subs":false,"_jetpack_newsletter_tier_id":0,"_jetpack_memberships_contains_paywalled_content":false,"_jetpack_memberships_contains_paid_content":false,"footnotes":"","jetpack_publicize_message":"","jetpack_publicize_feature_enabled":true,"jetpack_social_post_already_shared":true,"jetpack_social_options":{"image_generator_settings":{"template":"highway","default_image_id":0,"font":"","enabled":false},"version":2}},"categories":[1],"tags":[2899,163,3581,3661,4069],"class_list":["post-207033","post","type-post","status-publish","format-standard","has-post-thumbnail","hentry","category-genel","tag-ogrencilerle","tag-rektor","tag-soyledi","tag-turku","tag-yabanci"],"jetpack_publicize_connections":[],"jetpack_featured_media_url":"https:\/\/i0.wp.com\/www.tvturk.com\/wp-content\/uploads\/2019\/09\/rektor-yabanci-ogrencilerle-turku-soyledi_1c7ff06.jpg?fit=1000%2C667","jetpack_sharing_enabled":true,"jetpack_shortlink":"https:\/\/wp.me\/paKIfm-RRf","_links":{"self":[{"href":"http:\/\/www.tvturk.com\/index.php\/wp-json\/wp\/v2\/posts\/207033","targetHints":{"allow":["GET"]}}],"collection":[{"href":"http:\/\/www.tvturk.com\/index.php\/wp-json\/wp\/v2\/posts"}],"about":[{"href":"http:\/\/www.tvturk.com\/index.php\/wp-json\/wp\/v2\/types\/post"}],"author":[{"embeddable":true,"href":"http:\/\/www.tvturk.com\/index.php\/wp-json\/wp\/v2\/users\/1"}],"replies":[{"embeddable":true,"href":"http:\/\/www.tvturk.com\/index.php\/wp-json\/wp\/v2\/comments?post=207033"}],"version-history":[{"count":0,"href":"http:\/\/www.tvturk.com\/index.php\/wp-json\/wp\/v2\/posts\/207033\/revisions"}],"wp:featuredmedia":[{"embeddable":true,"href":"http:\/\/www.tvturk.com\/index.php\/wp-json\/wp\/v2\/media\/207034"}],"wp:attachment":[{"href":"http:\/\/www.tvturk.com\/index.php\/wp-json\/wp\/v2\/media?parent=207033"}],"wp:term":[{"taxonomy":"category","embeddable":true,"href":"http:\/\/www.tvturk.com\/index.php\/wp-json\/wp\/v2\/categories?post=207033"},{"taxonomy":"post_tag","embeddable":true,"href":"http:\/\/www.tvturk.com\/index.php\/wp-json\/wp\/v2\/tags?post=207033"}],"curies":[{"name":"wp","href":"https:\/\/api.w.org\/{rel}","templated":true}]}}