{"id":207035,"date":"2019-09-24T13:01:35","date_gmt":"2019-09-24T10:01:35","guid":{"rendered":"http:\/\/www.tvturk.com\/index.php\/suriyedeki-gocmenlerin-trajedisi-kamerada\/"},"modified":"2019-09-24T13:01:35","modified_gmt":"2019-09-24T10:01:35","slug":"suriyedeki-gocmenlerin-trajedisi-kamerada","status":"publish","type":"post","link":"http:\/\/www.tvturk.com\/index.php\/suriyedeki-gocmenlerin-trajedisi-kamerada\/","title":{"rendered":"Suriye\u2019deki g\u00f6\u00e7menlerin trajedisi kamerada"},"content":{"rendered":"<p>Esad rejimi ve Rus sava\u015f u\u00e7aklar\u0131n\u0131n Suriye\u2019nin \u0130dlib ve Halep kentinde d\u00fczenledikleri hava sald\u0131r\u0131lar\u0131 nedeniyle g\u00f6\u00e7 eden binlerce ki\u015fi, zor \u015fartlarda hayatta kalmaya \u00e7al\u0131\u015f\u0131yor.<\/p>\n<p>Esad rejimi ve destek\u00e7isi Rusya\u2019n\u0131n 8 y\u0131ld\u0131r Suriye\u2019nin farkl\u0131 b\u00f6lgelerinde ger\u00e7ekle\u015ftirdikleri hava sald\u0131r\u0131lar\u0131, binlerce sivilin evini ve topra\u011f\u0131n\u0131 terk etmesine neden oldu. Evlerinde ve topraklar\u0131nda can g\u00fcvenli\u011fi kalmayan Suriyeliler daha g\u00fcvenli b\u00f6lgelere g\u00f6\u00e7 etmek zorunda kal\u0131yor. Binlerce Suriyeli T\u00fcrkiye\u2019ye s\u0131\u011f\u0131n\u0131rken, y\u00fczlerce m\u00fclteci de Avrupa yolunda hayat\u0131n\u0131 kaybetti.<\/p>\n<p>T\u00fcrkiye-Suriye s\u0131n\u0131r\u0131ndaki \u00e7ad\u0131rlara yerle\u015fen ve burada ya\u015fam m\u00fccadelesi veren Suriyelilerin m\u00fccadelesi g\u00f6r\u00fcnt\u00fclendi. G\u00f6\u00e7menlerin ya\u015fad\u0131\u011f\u0131 en b\u00fcy\u00fck s\u0131k\u0131nt\u0131n\u0131n bar\u0131nma, beslenme, sa\u011fl\u0131k ve e\u011fitim konular\u0131nda oldu\u011fu  biliniyor. \u00c7ad\u0131rlarda ya\u015fayan g\u00f6\u00e7menler, sa\u011fl\u0131k hizmeti olmad\u0131\u011f\u0131ndan \u00e7e\u015fitli hastal\u0131klara yakalan\u0131yor.<\/p>\n<p>Ya\u015fanan \u015fiddetli \u00e7at\u0131\u015fmalar nedeniyle \u00e7ad\u0131rlara s\u0131\u011f\u0131nanlar\u0131n b\u00fcy\u00fck bir k\u0131sm\u0131 zor \u015fartlarda hayata tutunmaya \u00e7al\u0131\u015f\u0131yor. Suriye\u2019deki \u00e7at\u0131\u015fma nedeniyle T\u00fcrkiye-Suriye s\u0131n\u0131r\u0131na yakla\u015f\u0131k 500 bin ki\u015fi g\u00f6\u00e7 etmek zorunda kald\u0131. G\u00f6\u00e7menlerin baz\u0131lar\u0131 \u00e7ad\u0131rlarda baz\u0131lar\u0131 ise a\u011fa\u00e7lar\u0131n alt\u0131nda ya\u015f\u0131yor.<\/p>\n<p>2011 y\u0131l\u0131ndan bu yana d\u00fcnyan\u0131n \u00e7e\u015fitli \u00fclkelerine g\u00f6\u00e7 eden Suriyelilerin say\u0131s\u0131 4 milyonu a\u015ft\u0131. \u015eubat 2016 verilerine g\u00f6re T\u00fcrkiye\u2019de kay\u0131tl\u0131 bulunan Suriyeli say\u0131s\u0131 ise 2 milyon 656 bin 456 olmu\u015ftu.<\/p>\n","protected":false},"excerpt":{"rendered":"<p>RUS DESTEKL\u0130 ESAD G\u00dc\u00c7LER\u0130N\u0130N SALDIRISI ALTINDAK\u0130 SUR\u0130YE\u2019N\u0130N \u0130DL\u0130B VE HALEP KENTLER\u0130NDE B\u0130NLERCE K\u0130\u015e\u0130, ZOR \u015eARTLARDA HAYATTA KALMAYA \u00c7ALI\u015eIYOR.<\/p>\n","protected":false},"author":1,"featured_media":207036,"comment_status":"closed","ping_status":"open","sticky":false,"template":"","format":"standard","meta":{"jetpack_post_was_ever_published":false,"_jetpack_newsletter_access":"","_jetpack_dont_email_post_to_subs":false,"_jetpack_newsletter_tier_id":0,"_jetpack_memberships_contains_paywalled_content":false,"_jetpack_memberships_contains_paid_content":false,"footnotes":"","jetpack_publicize_message":"","jetpack_publicize_feature_enabled":true,"jetpack_social_post_already_shared":true,"jetpack_social_options":{"image_generator_settings":{"template":"highway","default_image_id":0,"font":"","enabled":false},"version":2}},"categories":[10],"tags":[42412,1142,9830,52282],"class_list":["post-207035","post","type-post","status-publish","format-standard","has-post-thumbnail","hentry","category-dunya","tag-gocmenlerin","tag-kamerada","tag-suriyedeki","tag-trajedisi"],"jetpack_publicize_connections":[],"jetpack_featured_media_url":"https:\/\/i0.wp.com\/www.tvturk.com\/wp-content\/uploads\/2019\/09\/suriyedeki-gocmenlerin-trajedisi-kamerada_8ab4f4c.jpg?fit=1000%2C666","jetpack_sharing_enabled":true,"jetpack_shortlink":"https:\/\/wp.me\/paKIfm-RRh","_links":{"self":[{"href":"http:\/\/www.tvturk.com\/index.php\/wp-json\/wp\/v2\/posts\/207035","targetHints":{"allow":["GET"]}}],"collection":[{"href":"http:\/\/www.tvturk.com\/index.php\/wp-json\/wp\/v2\/posts"}],"about":[{"href":"http:\/\/www.tvturk.com\/index.php\/wp-json\/wp\/v2\/types\/post"}],"author":[{"embeddable":true,"href":"http:\/\/www.tvturk.com\/index.php\/wp-json\/wp\/v2\/users\/1"}],"replies":[{"embeddable":true,"href":"http:\/\/www.tvturk.com\/index.php\/wp-json\/wp\/v2\/comments?post=207035"}],"version-history":[{"count":0,"href":"http:\/\/www.tvturk.com\/index.php\/wp-json\/wp\/v2\/posts\/207035\/revisions"}],"wp:featuredmedia":[{"embeddable":true,"href":"http:\/\/www.tvturk.com\/index.php\/wp-json\/wp\/v2\/media\/207036"}],"wp:attachment":[{"href":"http:\/\/www.tvturk.com\/index.php\/wp-json\/wp\/v2\/media?parent=207035"}],"wp:term":[{"taxonomy":"category","embeddable":true,"href":"http:\/\/www.tvturk.com\/index.php\/wp-json\/wp\/v2\/categories?post=207035"},{"taxonomy":"post_tag","embeddable":true,"href":"http:\/\/www.tvturk.com\/index.php\/wp-json\/wp\/v2\/tags?post=207035"}],"curies":[{"name":"wp","href":"https:\/\/api.w.org\/{rel}","templated":true}]}}