{"id":207041,"date":"2019-09-24T13:02:03","date_gmt":"2019-09-24T10:02:03","guid":{"rendered":"http:\/\/www.tvturk.com\/index.php\/suriyenin-kuzeyindeki-ikinci-ortak-kara-devriyesi-sona-erdi\/"},"modified":"2019-09-24T13:02:03","modified_gmt":"2019-09-24T10:02:03","slug":"suriyenin-kuzeyindeki-ikinci-ortak-kara-devriyesi-sona-erdi","status":"publish","type":"post","link":"http:\/\/www.tvturk.com\/index.php\/suriyenin-kuzeyindeki-ikinci-ortak-kara-devriyesi-sona-erdi\/","title":{"rendered":"Suriye\u2019nin kuzeyindeki ikinci ortak kara devriyesi sona erdi"},"content":{"rendered":"<p>Suriye\u2019nin kuzeyinde olu\u015fturulmas\u0131 planlanan G\u00fcvenli B\u00f6lge \u00e7al\u0131\u015fmalar\u0131 kapsam\u0131nda T\u00fcrkiye ve ABD, ikinci kara devriyesini ger\u00e7ekle\u015ftirdi.<\/p>\n<p>T\u00fcrkiye ve ABD\u2019nin Suriye\u2019nin kuzeyinde olu\u015fturmaya \u00e7al\u0131\u015ft\u0131\u011f\u0131 G\u00fcvenli B\u00f6lge \u00e7al\u0131\u015fmalar\u0131 devam ediyor. \u0130lki 8 Eyl\u00fcl\u2019de ger\u00e7ekle\u015ftirilen ortak kara devriyesinin ikincisi bu sabah ba\u015flad\u0131. Sabah saat 08.40 s\u0131ralar\u0131nda ba\u015flayan ortak devriye saat 12.00\u2019de sona erdi. Devriye, \u015eanl\u0131urfa\u2019n\u0131n Ak\u00e7akale il\u00e7esinin kar\u015f\u0131s\u0131nda bulunan Suriye\u2019nin Telabyad kenti ile Ceylanp\u0131nar il\u00e7esinin kar\u015f\u0131s\u0131nda bulunan Resulayn kenti aras\u0131ndaki Branvay k\u00f6y\u00fc k\u0131rsal\u0131nda ba\u015flad\u0131. Devriyeye 4 T\u00fcrk z\u0131rhl\u0131s\u0131 ile 6 ABD z\u0131rhl\u0131s\u0131 kat\u0131ld\u0131. ABD ile T\u00fcrkiye\u2019nin ortak devriyesi yakla\u015f\u0131k 3 saat s\u00fcrd\u00fc.<\/p>\n","protected":false},"excerpt":{"rendered":"<p>SUR\u0130YE\u2019N\u0130N KUZEY\u0130NDE OLU\u015eTURULMASI PLANLANAN G\u00dcVENL\u0130 B\u00d6LGE \u00c7ALI\u015eMALARI KAPSAMINDA T\u00dcRK\u0130YE VE ABD, \u0130K\u0130NC\u0130 KARA DEVR\u0130YES\u0130N\u0130 GER\u00c7EKLE\u015eT\u0130RD\u0130.<\/p>\n","protected":false},"author":1,"featured_media":207042,"comment_status":"closed","ping_status":"open","sticky":false,"template":"","format":"standard","meta":{"jetpack_post_was_ever_published":false,"_jetpack_newsletter_access":"","_jetpack_dont_email_post_to_subs":false,"_jetpack_newsletter_tier_id":0,"_jetpack_memberships_contains_paywalled_content":false,"_jetpack_memberships_contains_paid_content":false,"footnotes":"","jetpack_publicize_message":"","jetpack_publicize_feature_enabled":true,"jetpack_social_post_already_shared":true,"jetpack_social_options":{"image_generator_settings":{"template":"highway","default_image_id":0,"font":"","enabled":false},"version":2}},"categories":[1],"tags":[7477,52203,793,2087,2053,28859,947,792],"class_list":["post-207041","post","type-post","status-publish","format-standard","has-post-thumbnail","hentry","category-genel","tag-suriyenin","tag-devriyesi","tag-erdi","tag-ikinci","tag-kara","tag-kuzeyindeki","tag-ortak","tag-sona"],"jetpack_publicize_connections":[],"jetpack_featured_media_url":"https:\/\/i0.wp.com\/www.tvturk.com\/wp-content\/uploads\/2019\/09\/suriyenin-kuzeyindeki-ikinci-ortak-kara-devriyesi-sona-erdi_36ecb9b.jpg?fit=1000%2C664","jetpack_sharing_enabled":true,"jetpack_shortlink":"https:\/\/wp.me\/paKIfm-RRn","_links":{"self":[{"href":"http:\/\/www.tvturk.com\/index.php\/wp-json\/wp\/v2\/posts\/207041","targetHints":{"allow":["GET"]}}],"collection":[{"href":"http:\/\/www.tvturk.com\/index.php\/wp-json\/wp\/v2\/posts"}],"about":[{"href":"http:\/\/www.tvturk.com\/index.php\/wp-json\/wp\/v2\/types\/post"}],"author":[{"embeddable":true,"href":"http:\/\/www.tvturk.com\/index.php\/wp-json\/wp\/v2\/users\/1"}],"replies":[{"embeddable":true,"href":"http:\/\/www.tvturk.com\/index.php\/wp-json\/wp\/v2\/comments?post=207041"}],"version-history":[{"count":0,"href":"http:\/\/www.tvturk.com\/index.php\/wp-json\/wp\/v2\/posts\/207041\/revisions"}],"wp:featuredmedia":[{"embeddable":true,"href":"http:\/\/www.tvturk.com\/index.php\/wp-json\/wp\/v2\/media\/207042"}],"wp:attachment":[{"href":"http:\/\/www.tvturk.com\/index.php\/wp-json\/wp\/v2\/media?parent=207041"}],"wp:term":[{"taxonomy":"category","embeddable":true,"href":"http:\/\/www.tvturk.com\/index.php\/wp-json\/wp\/v2\/categories?post=207041"},{"taxonomy":"post_tag","embeddable":true,"href":"http:\/\/www.tvturk.com\/index.php\/wp-json\/wp\/v2\/tags?post=207041"}],"curies":[{"name":"wp","href":"https:\/\/api.w.org\/{rel}","templated":true}]}}