{"id":207143,"date":"2019-09-24T14:32:18","date_gmt":"2019-09-24T11:32:18","guid":{"rendered":"http:\/\/www.tvturk.com\/index.php\/silivri-belediye-baskani-volkan-yilmazdan-deprem-sonrasi-aciklama\/"},"modified":"2019-09-24T14:32:18","modified_gmt":"2019-09-24T11:32:18","slug":"silivri-belediye-baskani-volkan-yilmazdan-deprem-sonrasi-aciklama","status":"publish","type":"post","link":"http:\/\/www.tvturk.com\/index.php\/silivri-belediye-baskani-volkan-yilmazdan-deprem-sonrasi-aciklama\/","title":{"rendered":"Silivri Belediye Ba\u015fkan\u0131 Volkan Y\u0131lmaz\u2019dan deprem sonras\u0131 a\u00e7\u0131klama"},"content":{"rendered":"<p>Silivri Belediye Ba\u015fkan\u0131 Volkan Y\u0131lmaz, Silivri a\u00e7\u0131klar\u0131nda meydana gelen 4.6 \u015fiddetindeki deprem ile ilgili yapt\u0131\u011f\u0131 a\u00e7\u0131klamada, \u201cSilivri\u2019de \u015fu an her \u015fey normal olarak devam ediyor. Bize ula\u015fan can ya da mal kayb\u0131 yok. \u015eu an i\u00e7in okullar\u0131n bo\u015falt\u0131lmas\u0131 s\u00f6z konusu de\u011fil. Tatil de s\u00f6z konusu de\u011fil\u201d dedi.<\/p>\n<p>Silivri Belediye Ba\u015fkan\u0131 Volkan Y\u0131lmaz, Silivri a\u00e7\u0131klar\u0131nda meydana gelen 4.6 \u015fiddetindeki deprem ile ilgili bas\u0131n mensuplar\u0131na a\u00e7\u0131klamalarda bulundu. Y\u0131lmaz, \u201cSilivri\u2019de \u015fu an her \u015fey normal olarak devam ediyor. Bize ula\u015fan can ya da mal kayb\u0131 yok. Ben yer bilimci deprem bilimci de de\u011filim. \u015e\u00f6yle bir ger\u00e7ek var; \u0130stanbul\u2019da ya\u015fayan herkesin beklenen b\u00fcy\u00fck depremle y\u00fczle\u015fecektir. Biz burada Do\u011fa Hareketleri Ara\u015ft\u0131rma Derne\u011fi ile ortakla\u015fa bir proje y\u00fcr\u00fct\u00fcyoruz. Bizim belediyemizin s\u0131n\u0131rlar\u0131 i\u00e7erisinde 365 g\u00fcn 7\/24 bu do\u011fa hareketleri izleniyor. Bu depremin beklenen b\u00fcy\u00fck depremin \u00f6nc\u00fcs\u00fc olmas\u0131 gibi bir \u00f6zelli\u011fi yok. Bunu bilelim. Yakla\u015fan b\u00fcy\u00fck deprem ile ilgili olarak ne kadar haz\u0131r\u0131z bunu sorgulayal\u0131m. Bir an \u00f6nce \u0130stanbul\u2019u depreme haz\u0131r bir kent haline getirmemiz gerekir\u201d a\u00e7\u0131klamas\u0131n\u0131 yapt\u0131.<\/p>\n<p>Silivri\u2019de 3 g\u00fcn s\u00fcrecek bir deprem \u00e7al\u0131\u015ftay\u0131 olaca\u011f\u0131n\u0131 kaydeden Y\u0131lmaz, \u201cBu deprem \u00e7al\u0131\u015ftayda ele al\u0131nacak. \u015eu an vatanda\u015f\u0131 olumsuz etkileyecek bir durum yok. Depreme dayan\u0131kl\u0131 binalar\u0131 bir an \u00f6nce haz\u0131r hale getirmeliyiz. Okullarda e\u011fitim devam ediyor. Yer kabu\u011funa yak\u0131n oldu\u011fu i\u00e7in deprem \u015fiddetli hissedildi. \u00c7ocuklar\u0131m\u0131z ve \u00f6\u011fretmenlerimiz bundan dolay\u0131 d\u0131\u015far\u0131 \u00e7\u0131kar\u0131ld\u0131. \u015eu an i\u00e7in okullar\u0131n bo\u015falt\u0131lmas\u0131 s\u00f6z konusu de\u011fil. Tatil de s\u00f6z konusu de\u011fil\u201d dedi.<\/p>\n","protected":false},"excerpt":{"rendered":"<p>S\u0130L\u0130VR\u0130 BELED\u0130YE BA\u015eKANI VOLKAN YILMAZ, \u201cS\u0130L\u0130VR\u0130\u2019DE \u015eU AN HER \u015eEY NORMAL OLARAK DEVAM ED\u0130YOR. B\u0130ZE ULA\u015eAN CAN YA DA MAL KAYBI YOK. \u015eU AN \u0130\u00c7\u0130N OKULLARIN BO\u015eALTILMASI S\u00d6Z KONUSU DE\u011e\u0130L. TAT\u0130L DE S\u00d6Z KONUSU DE\u011e\u0130L\u201d DED\u0130.<\/p>\n","protected":false},"author":1,"featured_media":207144,"comment_status":"closed","ping_status":"open","sticky":false,"template":"","format":"standard","meta":{"jetpack_post_was_ever_published":false,"_jetpack_newsletter_access":"","_jetpack_dont_email_post_to_subs":false,"_jetpack_newsletter_tier_id":0,"_jetpack_memberships_contains_paywalled_content":false,"_jetpack_memberships_contains_paid_content":false,"footnotes":"","jetpack_publicize_message":"","jetpack_publicize_feature_enabled":true,"jetpack_social_post_already_shared":true,"jetpack_social_options":{"image_generator_settings":{"template":"highway","default_image_id":0,"font":"","enabled":false},"version":2}},"categories":[1],"tags":[3349,216,134,221,27325,36,30506,1095],"class_list":["post-207143","post","type-post","status-publish","format-standard","has-post-thumbnail","hentry","category-genel","tag-aciklama","tag-baskani","tag-belediye","tag-deprem","tag-silivri","tag-sonrasi","tag-volkan","tag-yilmazdan"],"jetpack_publicize_connections":[],"jetpack_featured_media_url":"https:\/\/i0.wp.com\/www.tvturk.com\/wp-content\/uploads\/2019\/09\/silivri-belediye-baskani-volkan-yilmazdan-deprem-sonrasi-aciklama_3727917.jpg?fit=1000%2C595","jetpack_sharing_enabled":true,"jetpack_shortlink":"https:\/\/wp.me\/paKIfm-RT1","_links":{"self":[{"href":"http:\/\/www.tvturk.com\/index.php\/wp-json\/wp\/v2\/posts\/207143","targetHints":{"allow":["GET"]}}],"collection":[{"href":"http:\/\/www.tvturk.com\/index.php\/wp-json\/wp\/v2\/posts"}],"about":[{"href":"http:\/\/www.tvturk.com\/index.php\/wp-json\/wp\/v2\/types\/post"}],"author":[{"embeddable":true,"href":"http:\/\/www.tvturk.com\/index.php\/wp-json\/wp\/v2\/users\/1"}],"replies":[{"embeddable":true,"href":"http:\/\/www.tvturk.com\/index.php\/wp-json\/wp\/v2\/comments?post=207143"}],"version-history":[{"count":0,"href":"http:\/\/www.tvturk.com\/index.php\/wp-json\/wp\/v2\/posts\/207143\/revisions"}],"wp:featuredmedia":[{"embeddable":true,"href":"http:\/\/www.tvturk.com\/index.php\/wp-json\/wp\/v2\/media\/207144"}],"wp:attachment":[{"href":"http:\/\/www.tvturk.com\/index.php\/wp-json\/wp\/v2\/media?parent=207143"}],"wp:term":[{"taxonomy":"category","embeddable":true,"href":"http:\/\/www.tvturk.com\/index.php\/wp-json\/wp\/v2\/categories?post=207143"},{"taxonomy":"post_tag","embeddable":true,"href":"http:\/\/www.tvturk.com\/index.php\/wp-json\/wp\/v2\/tags?post=207143"}],"curies":[{"name":"wp","href":"https:\/\/api.w.org\/{rel}","templated":true}]}}