{"id":207145,"date":"2019-09-24T14:32:24","date_gmt":"2019-09-24T11:32:24","guid":{"rendered":"http:\/\/www.tvturk.com\/index.php\/bayburt-afaddan-afet-cantasi-icin-renkli-tanitim\/"},"modified":"2019-09-24T14:32:24","modified_gmt":"2019-09-24T11:32:24","slug":"bayburt-afaddan-afet-cantasi-icin-renkli-tanitim","status":"publish","type":"post","link":"http:\/\/www.tvturk.com\/index.php\/bayburt-afaddan-afet-cantasi-icin-renkli-tanitim\/","title":{"rendered":"Bayburt AFAD\u2019dan \u2018Afet \u00c7antas\u0131\u2019 i\u00e7in renkli tan\u0131t\u0131m"},"content":{"rendered":"<p>Bayburt \u0130l Afet ve Acil Durum (AFAD) M\u00fcd\u00fcrl\u00fc\u011f\u00fc, afetlere haz\u0131rl\u0131k k\u00fclt\u00fcr\u00fcn\u00fcn yerle\u015fmesi i\u00e7in afet ve acil durum \u00e7antas\u0131 tan\u0131t\u0131m\u0131n\u0131 A\u015f\u0131k S\u00fcphani\u2019nin Bayburt Kalesi\u2019nde s\u00f6yledi\u011fi do\u011fa\u00e7lama s\u00f6zlerle tan\u0131tt\u0131.<\/p>\n<p>Afet \u00e7antas\u0131 ve \u00e7anta haz\u0131rlama konular\u0131nda bilgi aktar\u0131lmas\u0131 hedeflenen proje kapsam\u0131nda Bayburt\u2019un tan\u0131nan y\u00fczlerinden A\u015f\u0131k S\u00fcphani, ya\u015fanan afetlerle ilgili dizelerini Tarihi Bayburt Kalesinin bur\u00e7lar\u0131nda saz\u0131 e\u015fli\u011finde seslendirdi.<\/p>\n<p>12 ayda, 12 temay\u0131 kapsayan \u2019Afetlere Haz\u0131rl\u0131k Y\u0131l\u0131\u2019 ile toplumda \u00f6nlem alma k\u00fclt\u00fcr\u00fcn\u00fc \u00f6nceleyen zihinsel d\u00f6n\u00fc\u015f\u00fcm\u00fc ger\u00e7ekle\u015ftirmek i\u00e7in \u00e7al\u0131\u015fma yapt\u0131klar\u0131n\u0131 s\u00f6yleyen \u0130l AFAD M\u00fcd\u00fcr\u00fc Adil Arslan, afet ve acil durum \u00e7antas\u0131n\u0131n haz\u0131rlanmas\u0131n\u0131n, olas\u0131 deprem, yang\u0131n veya afetlerde ev halk\u0131n\u0131n ihtiya\u00e7 duyabilece\u011fi temel malzemeler nedeniyle hayati \u00f6nem ta\u015f\u0131d\u0131\u011f\u0131n\u0131 ve bunu daha geni\u015f bir \u00e7evreye ula\u015ft\u0131rmak ad\u0131na b\u00f6yle bir \u00e7al\u0131\u015fma yapt\u0131klar\u0131n\u0131 s\u00f6yledi.<\/p>\n<p>Afet ve acil durum \u00e7antas\u0131 hakk\u0131nda da bilgi veren Arslan \u015funlar\u0131 kaydetti:<\/p>\n<p>&#8220;Herhangi bir acil durum sonras\u0131nda g\u00f6revlilerin size ula\u015fmas\u0131 zaman alabilir. Bu s\u00fcrede kendi kendinize hayatta kalman\u0131z gerekebilir. Bu y\u00fczden de \u00e7antan\u0131zda en az 72 saat hayatta kalman\u0131z\u0131 sa\u011flayacak miktarda g\u0131da, su, temizlik malzemeleri, di\u011fer ihtiya\u00e7lar\u0131n\u0131z\u0131 kar\u015f\u0131layacak \u00fcr\u00fcnler bulunmal\u0131d\u0131r. Bir afet acil durum \u00e7antas\u0131nda olmas\u0131 \u00f6nerilen malzemeler, bir ki\u015fiye \u00fc\u00e7 g\u00fcn yetecek kadar su, \u00fc\u00e7 g\u00fcn yetecek miktarda bozulmaya dayan\u0131kl\u0131 g\u0131da, pilli radyo, el feneri, ekstra piller, ilk yard\u0131m \u00e7antas\u0131, yard\u0131m \u00e7a\u011f\u0131rmak i\u00e7in d\u00fcd\u00fck, mevsime uygun temiz giysi, konserve a\u00e7aca\u011f\u0131 da i\u00e7eren \u00e7ok ama\u00e7l\u0131 \u00e7ak\u0131, \u00e7\u00f6p po\u015feti, \u00f6nemli evraklar, hijyen malzemeleri ve d\u00fczenli kullan\u0131lan ila\u00e7lar yer almaktad\u0131r.&#8221;<\/p>\n<p>Etkinli\u011fe saz\u0131 ve s\u00f6z\u00fcyle renk katan A\u015f\u0131k S\u00fcphani de t\u00fcm vatanda\u015flara afet ve acil durum \u00e7antas\u0131n\u0131 evlerinde bulundurmalar\u0131 \u00e7a\u011fr\u0131s\u0131nda bulundu.<\/p>\n","protected":false},"excerpt":{"rendered":"<p>BAYBURT \u0130L AFET VE AC\u0130L DURUM (AFAD) M\u00dcD\u00dcRL\u00dc\u011e\u00dc, AFETLERE HAZIRLIK K\u00dcLT\u00dcR\u00dcN\u00dcN YERLE\u015eMES\u0130 \u0130\u00c7\u0130N AFET VE AC\u0130L DURUM \u00c7ANTASI TANITIMINI A\u015eIK S\u00dcPHAN\u0130\u2019N\u0130N BAYBURT KALES\u0130\u2019NDE S\u00d6YLED\u0130\u011e\u0130 DO\u011eA\u00c7LAMA S\u00d6ZLERLE TANITTI.<\/p>\n","protected":false},"author":1,"featured_media":207146,"comment_status":"closed","ping_status":"open","sticky":false,"template":"","format":"standard","meta":{"jetpack_post_was_ever_published":false,"_jetpack_newsletter_access":"","_jetpack_dont_email_post_to_subs":false,"_jetpack_newsletter_tier_id":0,"_jetpack_memberships_contains_paywalled_content":false,"_jetpack_memberships_contains_paid_content":false,"footnotes":"","jetpack_publicize_message":"","jetpack_publicize_feature_enabled":true,"jetpack_social_post_already_shared":true,"jetpack_social_options":{"image_generator_settings":{"template":"highway","default_image_id":0,"font":"","enabled":false},"version":2}},"categories":[1],"tags":[21422,13993,9987,35911,44,4128,2221],"class_list":["post-207145","post","type-post","status-publish","format-standard","has-post-thumbnail","hentry","category-genel","tag-afaddan","tag-afet","tag-bayburt","tag-cantasi","tag-icin","tag-renkli","tag-tanitim"],"jetpack_publicize_connections":[],"jetpack_featured_media_url":"https:\/\/i0.wp.com\/www.tvturk.com\/wp-content\/uploads\/2019\/09\/bayburt-afaddan-afet-cantasi-icin-renkli-tanitim_5eda80c.jpg?fit=1000%2C664","jetpack_sharing_enabled":true,"jetpack_shortlink":"https:\/\/wp.me\/paKIfm-RT3","_links":{"self":[{"href":"http:\/\/www.tvturk.com\/index.php\/wp-json\/wp\/v2\/posts\/207145","targetHints":{"allow":["GET"]}}],"collection":[{"href":"http:\/\/www.tvturk.com\/index.php\/wp-json\/wp\/v2\/posts"}],"about":[{"href":"http:\/\/www.tvturk.com\/index.php\/wp-json\/wp\/v2\/types\/post"}],"author":[{"embeddable":true,"href":"http:\/\/www.tvturk.com\/index.php\/wp-json\/wp\/v2\/users\/1"}],"replies":[{"embeddable":true,"href":"http:\/\/www.tvturk.com\/index.php\/wp-json\/wp\/v2\/comments?post=207145"}],"version-history":[{"count":0,"href":"http:\/\/www.tvturk.com\/index.php\/wp-json\/wp\/v2\/posts\/207145\/revisions"}],"wp:featuredmedia":[{"embeddable":true,"href":"http:\/\/www.tvturk.com\/index.php\/wp-json\/wp\/v2\/media\/207146"}],"wp:attachment":[{"href":"http:\/\/www.tvturk.com\/index.php\/wp-json\/wp\/v2\/media?parent=207145"}],"wp:term":[{"taxonomy":"category","embeddable":true,"href":"http:\/\/www.tvturk.com\/index.php\/wp-json\/wp\/v2\/categories?post=207145"},{"taxonomy":"post_tag","embeddable":true,"href":"http:\/\/www.tvturk.com\/index.php\/wp-json\/wp\/v2\/tags?post=207145"}],"curies":[{"name":"wp","href":"https:\/\/api.w.org\/{rel}","templated":true}]}}