{"id":207149,"date":"2019-09-24T14:32:39","date_gmt":"2019-09-24T11:32:39","guid":{"rendered":"http:\/\/www.tvturk.com\/index.php\/cezayirli-hasta-samsunda-sagligina-kavustu\/"},"modified":"2019-09-24T14:32:39","modified_gmt":"2019-09-24T11:32:39","slug":"cezayirli-hasta-samsunda-sagligina-kavustu","status":"publish","type":"post","link":"http:\/\/www.tvturk.com\/index.php\/cezayirli-hasta-samsunda-sagligina-kavustu\/","title":{"rendered":"Cezayirli hasta Samsun\u2019da sa\u011fl\u0131\u011f\u0131na kavu\u015ftu"},"content":{"rendered":"<p>SAMSUN (\u0130HA) \u2013 Cezayir\u2019de ameliyat olan bir ki\u015fi, fizik tedavi s\u00fcreci s\u0131ras\u0131ndan a\u011fr\u0131lar\u0131n\u0131n artmas\u0131 nedeniyle geldi\u011fi Samsun\u2019da tekrar ameliyat olarak sa\u011fl\u0131\u011f\u0131na kavu\u015ftu.<\/p>\n<p>Omurga k\u0131r\u0131\u011f\u0131 nedeniyle Cezayir\u2019de ameliyat olan ve fizik tedavi i\u00e7in Samsun\u2019daki \u00f6zel bir fizik tedavi hastanesine getirilen Louras Kehar (29), daha \u00f6nceki ameliyat\u0131 kaynakl\u0131 a\u011fr\u0131lar\u0131n\u0131n devam etmesine \u00fczerine y\u00f6nlendirildi\u011fi Sa\u011fl\u0131k Bakanl\u0131\u011f\u0131 Samsun \u0130l Sa\u011fl\u0131k M\u00fcd\u00fcrl\u00fc\u011f\u00fc E\u011fitim ve Ara\u015ft\u0131rma Hastanesinde omurgas\u0131ndaki vidalar\u0131n yerinden \u00e7\u0131karak omurgaya bask\u0131 yapt\u0131\u011f\u0131n\u0131 ve omurga y\u0131rt\u0131\u011f\u0131na neden oldu\u011funu \u00f6\u011frendi. Burada yap\u0131lan tetkiklerin ard\u0131ndan tekrar ameliyat olan Kehar sa\u011fl\u0131\u011f\u0131na kavu\u015ftu.<\/p>\n<p>\u201cVidalar yerinden ayr\u0131lm\u0131\u015f\u201d<\/p>\n<p>Ameliyat hakk\u0131nda bilgi veren Beyin ve Sinir Cerrahisi Uzman\u0131 Dr. Ahmet Karkucak, hastan\u0131n ilk ameliyat\u0131n\u0131 omurga k\u0131r\u0131\u011f\u0131 nedeniyle Cezayir\u2019de oldu\u011funu s\u00f6yledi. Cezayir\u2019de yap\u0131lan ameliyat sonras\u0131 sa\u011fl\u0131k turizmi kapsam\u0131nda ortak \u00e7al\u0131\u015fma yapt\u0131klar\u0131 \u00f6zel bir fizik tedavi hastanesine fizik tedavi i\u00e7in getirildi\u011fini kaydeden Karkucak, \u201cBuradaki tedavi s\u00fcrecinde ilk ameliyat\u0131ndan kaynakl\u0131 a\u011fr\u0131lar\u0131n\u0131n devam etmesi \u00fczerine de hasta bize y\u00f6nlendirildi. Hastam\u0131z\u0131n ilk muayenesi yapt\u0131k. MR ve di\u011fer gerekli tetkiklerini yapt\u0131rd\u0131k. Tetkikler sonucunda hastan\u0131n Cezayir\u2019de yap\u0131lan ameliyat\u0131nda omurgaya tak\u0131lan vidalar\u0131n, omurgaya bask\u0131 yapt\u0131\u011f\u0131n\u0131 ve ameliyatta tak\u0131lan baz\u0131 vidalar\u0131nda yerinden ayr\u0131larak bo\u015fta kald\u0131\u011f\u0131n\u0131, a\u011fr\u0131lar\u0131n da bu nedenle artt\u0131\u011f\u0131n\u0131 ve ge\u00e7medi\u011fini tespit ettik\u201d dedi.<\/p>\n<p>\u201cHastam\u0131z tekrardan sa\u011fl\u0131\u011f\u0131na kavu\u015ftu\u201d<\/p>\n<p>Hastay\u0131 revizyon ameliyat\u0131na ald\u0131klar\u0131n\u0131 aktaran Karkucak, \u201cBu ameliyatta omurilik bas\u0131s\u0131na neden olan vidalar ve d\u0131\u015far\u0131da bo\u015fta olan vidalar i\u00e7in 2 adet rot transvers ba\u011flay\u0131c\u0131 kullanarak hastam\u0131z\u0131 tekrar sa\u011fl\u0131\u011f\u0131na kavu\u015fturduk. Hastam\u0131z Cezayir\u2019de tamamlanamayan cerrahi i\u015flemi hastanemizde tamamlayarak, fizik tedavisine yeniden ba\u015flama \u015fans\u0131na sahip oldu. Bu ayn\u0131 zamanda sa\u011fl\u0131k turizminde kamu\u2013\u00f6zel i\u015fbirli\u011finin de g\u00fczel bir uygulamas\u0131 oldu\u201d diye konu\u015ftu.<\/p>\n","protected":false},"excerpt":{"rendered":"<p>CEZAY\u0130R\u2019DE AMEL\u0130YAT OLAN B\u0130R K\u0130\u015e\u0130, F\u0130Z\u0130K TEDAV\u0130 S\u00dcREC\u0130 SIRASINDA A\u011eRILARININ ARTMASI NEDEN\u0130YLE GELD\u0130\u011e\u0130 SAMSUN\u2019DA TEKRAR AMEL\u0130YAT OLARAK SA\u011eLI\u011eINA KAVU\u015eTU.<\/p>\n","protected":false},"author":1,"featured_media":207150,"comment_status":"closed","ping_status":"open","sticky":false,"template":"","format":"standard","meta":{"jetpack_post_was_ever_published":false,"_jetpack_newsletter_access":"","_jetpack_dont_email_post_to_subs":false,"_jetpack_newsletter_tier_id":0,"_jetpack_memberships_contains_paywalled_content":false,"_jetpack_memberships_contains_paid_content":false,"footnotes":"","jetpack_publicize_message":"","jetpack_publicize_feature_enabled":true,"jetpack_social_post_already_shared":true,"jetpack_social_options":{"image_generator_settings":{"template":"highway","default_image_id":0,"font":"","enabled":false},"version":2}},"categories":[1],"tags":[22273,4166,1825,3705,1862],"class_list":["post-207149","post","type-post","status-publish","format-standard","has-post-thumbnail","hentry","category-genel","tag-cezayirli","tag-hasta","tag-kavustu","tag-sagligina","tag-samsunda"],"jetpack_publicize_connections":[],"jetpack_featured_media_url":"https:\/\/i0.wp.com\/www.tvturk.com\/wp-content\/uploads\/2019\/09\/cezayirli-hasta-samsunda-sagligina-kavustu_59e8386.jpg?fit=1000%2C573","jetpack_sharing_enabled":true,"jetpack_shortlink":"https:\/\/wp.me\/paKIfm-RT7","_links":{"self":[{"href":"http:\/\/www.tvturk.com\/index.php\/wp-json\/wp\/v2\/posts\/207149","targetHints":{"allow":["GET"]}}],"collection":[{"href":"http:\/\/www.tvturk.com\/index.php\/wp-json\/wp\/v2\/posts"}],"about":[{"href":"http:\/\/www.tvturk.com\/index.php\/wp-json\/wp\/v2\/types\/post"}],"author":[{"embeddable":true,"href":"http:\/\/www.tvturk.com\/index.php\/wp-json\/wp\/v2\/users\/1"}],"replies":[{"embeddable":true,"href":"http:\/\/www.tvturk.com\/index.php\/wp-json\/wp\/v2\/comments?post=207149"}],"version-history":[{"count":0,"href":"http:\/\/www.tvturk.com\/index.php\/wp-json\/wp\/v2\/posts\/207149\/revisions"}],"wp:featuredmedia":[{"embeddable":true,"href":"http:\/\/www.tvturk.com\/index.php\/wp-json\/wp\/v2\/media\/207150"}],"wp:attachment":[{"href":"http:\/\/www.tvturk.com\/index.php\/wp-json\/wp\/v2\/media?parent=207149"}],"wp:term":[{"taxonomy":"category","embeddable":true,"href":"http:\/\/www.tvturk.com\/index.php\/wp-json\/wp\/v2\/categories?post=207149"},{"taxonomy":"post_tag","embeddable":true,"href":"http:\/\/www.tvturk.com\/index.php\/wp-json\/wp\/v2\/tags?post=207149"}],"curies":[{"name":"wp","href":"https:\/\/api.w.org\/{rel}","templated":true}]}}