{"id":207161,"date":"2019-09-24T14:46:55","date_gmt":"2019-09-24T11:46:55","guid":{"rendered":"http:\/\/www.tvturk.com\/index.php\/kocaeli-sehidini-son-yolculuguna-ugurladi\/"},"modified":"2019-09-24T14:46:55","modified_gmt":"2019-09-24T11:46:55","slug":"kocaeli-sehidini-son-yolculuguna-ugurladi","status":"publish","type":"post","link":"http:\/\/www.tvturk.com\/index.php\/kocaeli-sehidini-son-yolculuguna-ugurladi\/","title":{"rendered":"Kocaeli \u015fehidini son yolculu\u011funa u\u011furlad\u0131"},"content":{"rendered":"<p>Kuzey Irak\u2019ta \u015fehit d\u00fc\u015fen Piyade \u00dcst Ast Subay \u00dcst\u00e7avu\u015f Volkan Tant\u00fcrk, k\u0131l\u0131nan cenaze namaz\u0131n\u0131n ard\u0131ndan topra\u011fa verildi. T\u00f6ren anan\u0131n\u0131 dolduran binlerce vatanda\u015f, \u015fehidi tekbirle u\u011furlad\u0131.<\/p>\n<p>Irak\u2019\u0131n kuzeyinde ikmal konvoyunun ge\u00e7i\u015fi esnas\u0131nda PKK\u2019l\u0131 ter\u00f6ristler taraf\u0131ndan \u00f6nceden yerle\u015ftirilen el yap\u0131m\u0131 patlay\u0131c\u0131n\u0131n infilak etmesi sonucu d\u00fcn \u015fehit d\u00fc\u015fen Piyade Ast Subay \u00dcst\u00e7avu\u015f Volkan Tant\u00fcrk\u2019\u00fcn (31) T\u00fcrk bayra\u011f\u0131na sar\u0131l\u0131 \u015fehidin naa\u015f\u0131, gece saatlerinde u\u00e7akla Kocaeli\u2019ye getirildi. \u015eehit Tant\u00fcrk\u2019\u00fcn naa\u015f\u0131, daha sonra G\u00f6lc\u00fck Belediyesi 17 A\u011fustos Mezarl\u0131\u011f\u0131 morguna kald\u0131r\u0131ld\u0131. \u015eehit Tant\u00fcrk\u2019\u00fcn naa\u015f\u0131, helallik istenilmesi i\u00e7in Kocaeli\u2019nin G\u00f6lc\u00fck il\u00e7esi Yukar\u0131 De\u011firmendere Mahallesi\u2019nde bulunan evinin \u00f6n\u00fcne getirildi. Burada Tant\u00fcrk i\u00e7in ailesi ve yak\u0131nlar\u0131ndan helallik istenildi. Tant\u00fcrk\u2019\u00fcn na\u015f\u0131n\u0131 g\u00f6ren yak\u0131nlar\u0131 g\u00f6zya\u015flar\u0131n hakim olmad\u0131.<\/p>\n<p>\u015eehit Volkan Tant\u00fcrk\u2019\u00fcn cenazesi daha sonra De\u011firmendere Merkez Camisi\u2019ne getirildi. \u00d6\u011flen namaz\u0131na m\u00fcteakiben k\u0131l\u0131nan cenaze namaz\u0131na \u015fehidin annesi Samiha Tant\u00fcrk,  babas\u0131 \u0130smail Tant\u00fcrk, karde\u015fi G\u00f6khan Tant\u00fcrk, yak\u0131nlar\u0131i il protokol\u00fc ve binlerce vatanda\u015f kat\u0131ld\u0131. Naa\u015f\u0131 caminin \u00f6n\u00fcne getirilen \u015fehit Volkan Tant\u00fcrk i\u00e7in helallik istendi Daha sonra k\u0131l\u0131nan cenaze namaz\u0131n\u0131n ard\u0131ndan \u015fehidin cenazesi top arabas\u0131na ta\u015f\u0131nd\u0131. Bu t\u00f6ren alan\u0131n\u0131 dolduran binlerce vatanda\u015f, \u015fehidin arkas\u0131ndan tekbir getirdi.<\/p>\n<p>Yap\u0131lan ge\u00e7i\u015f t\u00f6reninin ard\u0131ndan Tant\u00fcrk\u2019\u00fcn naa\u015f\u0131  Garipler Mezarl\u0131\u011f\u0131\u2019nda topra\u011fa verildi.<\/p>\n","protected":false},"excerpt":{"rendered":"<p>KUZEY IRAK\u2019TA \u015eEH\u0130T D\u00dc\u015eEN P\u0130YADE \u00dcST AST SUBAY \u00dcST\u00c7AVU\u015e VOLKAN TANT\u00dcRK, KILINAN CENAZE NAMAZININ ARDINDAN TOPRA\u011eA VER\u0130LD\u0130. T\u00d6REN ANANINI DOLDURAN B\u0130NLERCE VATANDA\u015e, \u015eEH\u0130D\u0130 TEKB\u0130RLE U\u011eURLADI.<\/p>\n","protected":false},"author":1,"featured_media":207162,"comment_status":"closed","ping_status":"open","sticky":false,"template":"","format":"standard","meta":{"jetpack_post_was_ever_published":false,"_jetpack_newsletter_access":"","_jetpack_dont_email_post_to_subs":false,"_jetpack_newsletter_tier_id":0,"_jetpack_memberships_contains_paywalled_content":false,"_jetpack_memberships_contains_paid_content":false,"footnotes":"","jetpack_publicize_message":"","jetpack_publicize_feature_enabled":true,"jetpack_social_post_already_shared":true,"jetpack_social_options":{"image_generator_settings":{"template":"highway","default_image_id":0,"font":"","enabled":false},"version":2}},"categories":[1],"tags":[1905,20487,1240,8483,2515],"class_list":["post-207161","post","type-post","status-publish","format-standard","has-post-thumbnail","hentry","category-genel","tag-kocaeli","tag-sehidini","tag-son","tag-ugurladi","tag-yolculuguna"],"jetpack_publicize_connections":[],"jetpack_featured_media_url":"https:\/\/i0.wp.com\/www.tvturk.com\/wp-content\/uploads\/2019\/09\/kocaeli-sehidini-son-yolculuguna-ugurladi_aa2750c.jpg?fit=1000%2C666","jetpack_sharing_enabled":true,"jetpack_shortlink":"https:\/\/wp.me\/paKIfm-RTj","_links":{"self":[{"href":"http:\/\/www.tvturk.com\/index.php\/wp-json\/wp\/v2\/posts\/207161","targetHints":{"allow":["GET"]}}],"collection":[{"href":"http:\/\/www.tvturk.com\/index.php\/wp-json\/wp\/v2\/posts"}],"about":[{"href":"http:\/\/www.tvturk.com\/index.php\/wp-json\/wp\/v2\/types\/post"}],"author":[{"embeddable":true,"href":"http:\/\/www.tvturk.com\/index.php\/wp-json\/wp\/v2\/users\/1"}],"replies":[{"embeddable":true,"href":"http:\/\/www.tvturk.com\/index.php\/wp-json\/wp\/v2\/comments?post=207161"}],"version-history":[{"count":0,"href":"http:\/\/www.tvturk.com\/index.php\/wp-json\/wp\/v2\/posts\/207161\/revisions"}],"wp:featuredmedia":[{"embeddable":true,"href":"http:\/\/www.tvturk.com\/index.php\/wp-json\/wp\/v2\/media\/207162"}],"wp:attachment":[{"href":"http:\/\/www.tvturk.com\/index.php\/wp-json\/wp\/v2\/media?parent=207161"}],"wp:term":[{"taxonomy":"category","embeddable":true,"href":"http:\/\/www.tvturk.com\/index.php\/wp-json\/wp\/v2\/categories?post=207161"},{"taxonomy":"post_tag","embeddable":true,"href":"http:\/\/www.tvturk.com\/index.php\/wp-json\/wp\/v2\/tags?post=207161"}],"curies":[{"name":"wp","href":"https:\/\/api.w.org\/{rel}","templated":true}]}}