{"id":207167,"date":"2019-09-24T15:02:02","date_gmt":"2019-09-24T12:02:02","guid":{"rendered":"http:\/\/www.tvturk.com\/index.php\/siirtte-4-bin-ogrenciye-giyim-yardimi\/"},"modified":"2019-09-24T15:02:02","modified_gmt":"2019-09-24T12:02:02","slug":"siirtte-4-bin-ogrenciye-giyim-yardimi","status":"publish","type":"post","link":"http:\/\/www.tvturk.com\/index.php\/siirtte-4-bin-ogrenciye-giyim-yardimi\/","title":{"rendered":"Siirt\u2019te 4 bin \u00f6\u011frenciye giyim yard\u0131m\u0131"},"content":{"rendered":"<p>Sancaklar Vakf\u0131, K\u0131z\u0131lay ve Mektebim Okullar\u0131n\u0131n i\u015fbirli\u011fiyle Siirt\u2019te 4 bin \u00f6\u011frenciye giyim yard\u0131m\u0131nda da\u011f\u0131t\u0131ld\u0131.<\/p>\n<p>H\u00fcrriyet \u0130lkokulunda d\u00fczenlenen etkinli\u011fe Siirt Valisi Ali Fuat Atik, Mektebim Okullar\u0131 Y\u00f6netim Kurulu Ba\u015fkan\u0131 Fuat Sancak, Mektebim Koleji Kurumsal \u0130leti\u015fim M\u00fcd\u00fcr\u00fc Sinem U\u011furlu, Mektebim Koleji Ortaokul Lise M\u00fcd\u00fcr\u00fc Serdar \u015eeker, okul idaresi ve \u00f6\u011fretmenler kat\u0131ld\u0131.<\/p>\n<p>Mektebim Okullar\u0131 Y\u00f6netim Kurulu Ba\u015fkan\u0131 Fuat Sancak, bug\u00fcn burada \u00f6\u011frencilere k\u0131yafet yard\u0131m\u0131nda bulunduklar\u0131 i\u00e7in mutlu olduklar\u0131n\u0131 s\u00f6yledi. Sancak, &#8220;Bug\u00fcn burada bir sosyal sorumluluk \u00e7er\u00e7evesinde \u00f6\u011frencilerimizi sevindirme ad\u0131na buraday\u0131z. K\u0131z\u0131lay\u2019la birlikte yakla\u015f\u0131k 17 bin par\u00e7al\u0131k bir k\u0131yafet da\u011f\u0131t\u0131m\u0131z oldu, \u00e7ok mutluyuz, keyifliyiz benim i\u00e7in ayr\u0131 bir mutluluk. 40 y\u0131l evvel burada e\u011fitimime ba\u015flad\u0131m. Bir sene H\u00fcrriyet \u0130lkokulunda birinci s\u0131n\u0131f\u0131 burada okudum. Aile Van\u2019a ta\u015f\u0131n\u0131nca Van\u2019a ge\u00e7mek zorunda kald\u0131m. Tabi onun ayr\u0131 bir heyecan\u0131 var. Ayr\u0131 bir mutluluk say\u0131n valimiz ba\u015fta olmak \u00fczere herkese te\u015fekk\u00fcrlerimizi bor\u00e7 biliriz\u201d dedi.<\/p>\n<p>Yap\u0131lan yard\u0131mlar\u0131n \u00f6\u011frencileri mutlu etti\u011fi kadar kendilerini de mutlu etti\u011fini belirten okul \u00f6ncesi s\u0131n\u0131f \u00f6\u011fretmeni Merve Y\u0131ld\u0131r\u0131m, eme\u011fi ge\u00e7en herkese te\u015fekk\u00fcr etti\u011fini belirtti. Y\u0131ld\u0131r\u0131m, \u201cMektebim Okullar\u0131 K\u0131z\u0131lay\u2019a 260 koli giyim yard\u0131m\u0131nda bulundu. K\u0131z\u0131lay\u2019da bunu okulumuza getirdi. \u00d6\u011frencilerimize hediye etti. K\u0131z\u0131lay ve Mektebim Okullar\u0131na \u00e7ok te\u015fekk\u00fcr ederiz&#8221; diye konu\u015ftu.<\/p>\n<p>Yap\u0131lan yard\u0131mdan y\u00fcz\u00fc g\u00fclen Metin Baykara adl\u0131 \u00f6\u011frenci is, &#8220;3-B s\u0131n\u0131f\u0131nday\u0131m. K\u0131z\u0131lay\u2019\u0131n yard\u0131m\u0131 i\u00e7in getirdi\u011fi e\u015fofmanlar i\u00e7in \u00e7ok te\u015fekk\u00fcr ederim&#8221; \u015feklinde konu\u015ftu.<\/p>\n<p>3-B s\u0131n\u0131f \u00f6\u011fretmeni Naif Y\u0131ld\u0131z ise &#8220;Mektebim Okullar\u0131n\u0131n K\u0131z\u0131lay\u2019a ba\u011f\u0131\u015flam\u0131\u015f oldu\u011fu 260 koliyi bug\u00fcn okulumuzdaki \u00f6\u011frencilerimize da\u011f\u0131tt\u0131k. \u00c7ok mutlu olduk. \u00d6\u011frencilerimiz \u00e7ok sevindi. Mektebim Okullar\u0131n\u0131n de\u011ferli y\u00f6neticilerine ve T\u00fcrk K\u0131z\u0131lay\u2019\u0131na sonsuz te\u015fekk\u00fcrlerimizi sunuyoruz\u201d ifadelerini kulland\u0131.<\/p>\n","protected":false},"excerpt":{"rendered":"<p>SANCAKLAR VAKFI, KIZILAY VE MEKTEB\u0130M OKULLARININ \u0130\u015eB\u0130RL\u0130\u011e\u0130YLE S\u0130\u0130RT\u2019TE 4 B\u0130N \u00d6\u011eRENC\u0130YE G\u0130Y\u0130M YARDIMINDA DA\u011eITILDI.<\/p>\n","protected":false},"author":1,"featured_media":207168,"comment_status":"closed","ping_status":"open","sticky":false,"template":"","format":"standard","meta":{"jetpack_post_was_ever_published":false,"_jetpack_newsletter_access":"","_jetpack_dont_email_post_to_subs":false,"_jetpack_newsletter_tier_id":0,"_jetpack_memberships_contains_paywalled_content":false,"_jetpack_memberships_contains_paid_content":false,"footnotes":"","jetpack_publicize_message":"","jetpack_publicize_feature_enabled":true,"jetpack_social_post_already_shared":true,"jetpack_social_options":{"image_generator_settings":{"template":"highway","default_image_id":0,"font":"","enabled":false},"version":2}},"categories":[1],"tags":[213,9824,9218,890,6420],"class_list":["post-207167","post","type-post","status-publish","format-standard","has-post-thumbnail","hentry","category-genel","tag-bin","tag-giyim","tag-ogrenciye","tag-siirtte","tag-yardimi"],"jetpack_publicize_connections":[],"jetpack_featured_media_url":"https:\/\/i0.wp.com\/www.tvturk.com\/wp-content\/uploads\/2019\/09\/siirtte-4-bin-ogrenciye-giyim-yardimi_3aed920.jpg?fit=1000%2C666","jetpack_sharing_enabled":true,"jetpack_shortlink":"https:\/\/wp.me\/paKIfm-RTp","_links":{"self":[{"href":"http:\/\/www.tvturk.com\/index.php\/wp-json\/wp\/v2\/posts\/207167","targetHints":{"allow":["GET"]}}],"collection":[{"href":"http:\/\/www.tvturk.com\/index.php\/wp-json\/wp\/v2\/posts"}],"about":[{"href":"http:\/\/www.tvturk.com\/index.php\/wp-json\/wp\/v2\/types\/post"}],"author":[{"embeddable":true,"href":"http:\/\/www.tvturk.com\/index.php\/wp-json\/wp\/v2\/users\/1"}],"replies":[{"embeddable":true,"href":"http:\/\/www.tvturk.com\/index.php\/wp-json\/wp\/v2\/comments?post=207167"}],"version-history":[{"count":0,"href":"http:\/\/www.tvturk.com\/index.php\/wp-json\/wp\/v2\/posts\/207167\/revisions"}],"wp:featuredmedia":[{"embeddable":true,"href":"http:\/\/www.tvturk.com\/index.php\/wp-json\/wp\/v2\/media\/207168"}],"wp:attachment":[{"href":"http:\/\/www.tvturk.com\/index.php\/wp-json\/wp\/v2\/media?parent=207167"}],"wp:term":[{"taxonomy":"category","embeddable":true,"href":"http:\/\/www.tvturk.com\/index.php\/wp-json\/wp\/v2\/categories?post=207167"},{"taxonomy":"post_tag","embeddable":true,"href":"http:\/\/www.tvturk.com\/index.php\/wp-json\/wp\/v2\/tags?post=207167"}],"curies":[{"name":"wp","href":"https:\/\/api.w.org\/{rel}","templated":true}]}}