{"id":207217,"date":"2019-09-24T16:32:12","date_gmt":"2019-09-24T13:32:12","guid":{"rendered":"http:\/\/www.tvturk.com\/index.php\/milli-egitim-bakani-selcuk-osmaniyede\/"},"modified":"2019-09-24T16:32:12","modified_gmt":"2019-09-24T13:32:12","slug":"milli-egitim-bakani-selcuk-osmaniyede","status":"publish","type":"post","link":"http:\/\/www.tvturk.com\/index.php\/milli-egitim-bakani-selcuk-osmaniyede\/","title":{"rendered":"Milli E\u011fitim Bakan\u0131 Sel\u00e7uk Osmaniye\u2019de"},"content":{"rendered":"<p>Milli E\u011fitim Bakan\u0131 Ziya Sel\u00e7uk, bir dizi ziyaret ve incelemelerde bulunmak \u00fczere geldi\u011fi Osmaniye\u2019de \u201cTohumdan fidana, fidandan a\u011faca\u201d projesi kapsam\u0131nda \u00f6\u011frencilerle birlikte tohum ekti.<\/p>\n<p>Ankara\u2019dan hava yoluyla \u00f6nce Adana Havaalan\u0131na inen Bakan Sel\u00e7uk, buradan karayolu ile Osmaniye\u2019ye geldi.<\/p>\n<p>Osmaniye Valili\u011fi \u00f6n\u00fcnde Milli E\u011fitim Bakan\u0131 Ziya Sel\u00e7uk\u2019u Osmaniye milletvekilleri M\u00fccahit Durmu\u015fo\u011flu, \u0130smail Kaya, Baha \u00dcnl\u00fc ve protokol \u00fcyeleri kar\u015f\u0131lad\u0131.<\/p>\n<p>Osmaniye Valisi \u00d6mer Faruk Co\u015fkun\u2019u makam\u0131nda ziyaret eden Bakan Ziya Sel\u00e7uk, daha sonra hat\u0131ra foto\u011fraf\u0131 \u00e7ektirerek valilik makam\u0131 giri\u015findeki \u015feref defterini imzalad\u0131. Ard\u0131ndan da bas\u0131na kapal\u0131 olarak ger\u00e7ekle\u015ftirilen \u0130l De\u011ferlendirme Kurulu toplant\u0131s\u0131na kat\u0131lan Bakan Sel\u00e7uk, buradan da \u0130l Milli E\u011fitim M\u00fcd\u00fcrl\u00fc\u011f\u00fc ve Tar\u0131m G\u0131da ve Hayvanc\u0131l\u0131k \u0130l M\u00fcd\u00fcrl\u00fc\u011f\u00fcnce ortakla\u015fa hayata ge\u00e7irilen \u201cTohumdan fidana, fidandan a\u011faca\u201d projesi tan\u0131t\u0131m toplant\u0131s\u0131na ge\u00e7ti.<\/p>\n<p>\u0130l Milli E\u011fitim M\u00fcd\u00fcr\u00fc Ayd\u0131n Albak\u2019\u0131n yapt\u0131\u011f\u0131 konu\u015fman\u0131n ard\u0131ndan \u00f6\u011frencilerin haz\u0131rlad\u0131\u011f\u0131 halay g\u00f6sterisini izleyen Bakan Sel\u00e7uk, \u201cBu yazdan kalma g\u00fczel g\u00fcnde, \u00e7ok \u00f6zel bir projede sizlerle bir arada bulunmaktan mutluluk duyuyorum. Daha \u00f6nce de ifade etti\u011fim gibi bizim ormanlar yok olduktan sonra de\u011fil varken de\u011ferini bilmekten s\u00f6z etmek laz\u0131m gelir. \u2019\u00c7ocuklar\u0131m\u0131za k\u00fclleri g\u00f6stermeden fidan diktirmeyelim\u2019 s\u00f6z\u00fcm\u00fcz\u00fcn bir\u00e7ok ilde dikkate al\u0131nm\u0131\u015f olmas\u0131 ve \u00e7e\u015fitli videolar bize g\u00f6nderilerek bunun g\u00f6sterilmi\u015f olmas\u0131 ve \u00e7ocuklarla birlikte yanan orman mekanlar\u0131na ziyaretler d\u00fczenlenmesi beni ziyadesi ile mutlu ediyor. \u00c7ok de\u011ferli bir i\u015f birli\u011fi ile faaliyete ge\u00e7en bu projede, orman i\u015fletme m\u00fcd\u00fcrl\u00fc\u011f\u00fc, milli e\u011fitim m\u00fcd\u00fcrl\u00fc\u011f\u00fc ve katk\u0131s\u0131 ge\u00e7enlere te\u015fekk\u00fcr ediyorum. \u00c7ocuklar\u0131m\u0131z\u0131n tohumu topra\u011fa b\u0131rakmas\u0131 ve bu tohumun fidana d\u00f6n\u00fc\u015fmesini izlemesi, bak\u0131m\u0131n\u0131 \u00fcstlenmeleri ayr\u0131 bir de\u011ferdir. Bu projeyi ba\u015fka illerimiz i\u00e7inde \u00f6rnek olarak de\u011ferlendirmek istiyorum\u201d \u015feklinde konu\u015ftu.<\/p>\n<p>Milli E\u011fitim Bakan\u0131 Ziya Sel\u00e7uk ard\u0131ndan \u00f6\u011frencilerle birlikte fide po\u015fetlerinin i\u00e7erisine a\u011fa\u00e7 tohumu ekti. Bakan Sel\u00e7uk daha sonra Osmaniye K\u00fclt\u00fcr ve Sanat Evi\u2019nde d\u00fczenlenen \u201cZiya \u00f6\u011fretmen ile e\u011fitim bulu\u015fmalar\u0131\u201d adl\u0131 programa kat\u0131larak Osmaniye ziyaretini sonland\u0131rd\u0131.<\/p>\n","protected":false},"excerpt":{"rendered":"<p>\u0130L M\u0130LL\u0130 E\u011e\u0130T\u0130M M\u00dcD\u00dcR\u00dc AYDIN ALBAK\u2019IN YAPTI\u011eI KONU\u015eMANIN ARDINDAN \u00d6\u011eRENC\u0130LER\u0130N HAZIRLADI\u011eI HALAY G\u00d6STER\u0130S\u0130N\u0130 \u0130ZLEYEN BAKAN SEL\u00c7UK, &#8221;\u00c7OK DE\u011eERL\u0130 B\u0130R \u0130\u015e B\u0130RL\u0130\u011e\u0130 \u0130LE FAAL\u0130YETE GE\u00c7EN BU PROJEDE, ORMAN \u0130\u015eLETME M\u00dcD\u00dcRL\u00dc\u011e\u00dc, M\u0130LL\u0130 E\u011e\u0130T\u0130M M\u00dcD\u00dcRL\u00dc\u011e\u00dc VE KATKISI GE\u00c7ENLERE TE\u015eEKK\u00dcR ED\u0130YORUM. \u00c7OCUKLARIMIZIN TOHUMU TOPRA\u011eA BIRAKMASI VE BU TOHUMUN F\u0130DANA D\u00d6N\u00dc\u015eMES\u0130N\u0130 \u0130ZLEMES\u0130, BAKIMINI \u00dcSTLENMELER\u0130 AYRI B\u0130R DE\u011eERD\u0130R. BU PROJEY\u0130 BA\u015eKA \u0130LLER\u0130M\u0130Z \u0130\u00c7\u0130NDE \u00d6RNEK OLARAK DE\u011eERLEND\u0130RMEK \u0130ST\u0130YORUM\u201d \u015eEKL\u0130NDE KONU\u015eTU. &#8221;<\/p>\n","protected":false},"author":1,"featured_media":207218,"comment_status":"closed","ping_status":"open","sticky":false,"template":"","format":"standard","meta":{"jetpack_post_was_ever_published":false,"_jetpack_newsletter_access":"","_jetpack_dont_email_post_to_subs":false,"_jetpack_newsletter_tier_id":0,"_jetpack_memberships_contains_paywalled_content":false,"_jetpack_memberships_contains_paid_content":false,"footnotes":"","jetpack_publicize_message":"","jetpack_publicize_feature_enabled":true,"jetpack_social_post_already_shared":true,"jetpack_social_options":{"image_generator_settings":{"template":"highway","default_image_id":0,"font":"","enabled":false},"version":2}},"categories":[1],"tags":[933,398,429,10083,4454],"class_list":["post-207217","post","type-post","status-publish","format-standard","has-post-thumbnail","hentry","category-genel","tag-bakani","tag-egitim","tag-milli","tag-osmaniyede","tag-selcuk"],"jetpack_publicize_connections":[],"jetpack_featured_media_url":"https:\/\/i0.wp.com\/www.tvturk.com\/wp-content\/uploads\/2019\/09\/milli-egitim-bakani-selcuk-osmaniyede_c0f8c9d.jpg?fit=1000%2C661","jetpack_sharing_enabled":true,"jetpack_shortlink":"https:\/\/wp.me\/paKIfm-RUd","_links":{"self":[{"href":"http:\/\/www.tvturk.com\/index.php\/wp-json\/wp\/v2\/posts\/207217","targetHints":{"allow":["GET"]}}],"collection":[{"href":"http:\/\/www.tvturk.com\/index.php\/wp-json\/wp\/v2\/posts"}],"about":[{"href":"http:\/\/www.tvturk.com\/index.php\/wp-json\/wp\/v2\/types\/post"}],"author":[{"embeddable":true,"href":"http:\/\/www.tvturk.com\/index.php\/wp-json\/wp\/v2\/users\/1"}],"replies":[{"embeddable":true,"href":"http:\/\/www.tvturk.com\/index.php\/wp-json\/wp\/v2\/comments?post=207217"}],"version-history":[{"count":0,"href":"http:\/\/www.tvturk.com\/index.php\/wp-json\/wp\/v2\/posts\/207217\/revisions"}],"wp:featuredmedia":[{"embeddable":true,"href":"http:\/\/www.tvturk.com\/index.php\/wp-json\/wp\/v2\/media\/207218"}],"wp:attachment":[{"href":"http:\/\/www.tvturk.com\/index.php\/wp-json\/wp\/v2\/media?parent=207217"}],"wp:term":[{"taxonomy":"category","embeddable":true,"href":"http:\/\/www.tvturk.com\/index.php\/wp-json\/wp\/v2\/categories?post=207217"},{"taxonomy":"post_tag","embeddable":true,"href":"http:\/\/www.tvturk.com\/index.php\/wp-json\/wp\/v2\/tags?post=207217"}],"curies":[{"name":"wp","href":"https:\/\/api.w.org\/{rel}","templated":true}]}}