{"id":207221,"date":"2019-09-24T16:33:04","date_gmt":"2019-09-24T13:33:04","guid":{"rendered":"http:\/\/www.tvturk.com\/index.php\/ebru-sanatcisindan-ilginc-protesto-kecilere-sergi-acti\/"},"modified":"2019-09-24T16:33:04","modified_gmt":"2019-09-24T13:33:04","slug":"ebru-sanatcisindan-ilginc-protesto-kecilere-sergi-acti","status":"publish","type":"post","link":"http:\/\/www.tvturk.com\/index.php\/ebru-sanatcisindan-ilginc-protesto-kecilere-sergi-acti\/","title":{"rendered":"Ebru sanat\u00e7\u0131s\u0131ndan ilgin\u00e7 protesto; ke\u00e7ilere sergi a\u00e7t\u0131"},"content":{"rendered":"<p>Manyasl\u0131 ebru ustas\u0131 Osman \u015eim\u015fek\u2019in eserleri vatanda\u015ftan ilgi g\u00f6rmeyince, eserlerini tel \u00e7itlere asarak, etrafta otlanan ke\u00e7ilere sergi a\u00e7arak protesto eylemi yapt\u0131.<\/p>\n<p>Kendine \u00f6zg\u00fc \u015fim\u015fek ebrusuyla ad\u0131ndan s\u00f6z ettiren ve eserleri yurtd\u0131\u015f\u0131ndaki sergilerde de yer alan emekli \u00f6\u011fretmen Osman \u015eim\u015fek, yapt\u0131\u011f\u0131 sanata ilgi olmad\u0131\u011f\u0131n\u0131 belirterek, sanat\u0131yla ilgili ironi yapt\u0131. Uzun y\u0131llard\u0131r ebru sanat\u0131yla ilgilenen ve Manyas Gen\u00e7lik Merkezinde zaman bulduk\u00e7a ebru yapan Osman \u015eim\u015fek, merakl\u0131 \u00f6\u011frencilere de \u00fccretsiz olarak ders veriyor. \u015eim\u015fek, ebru sanat\u0131na ilginin azald\u0131\u011f\u0131n\u0131 s\u00f6yleyerek, \u201cEbrunun tarihimizin derinliklerinden gelen \u00f6nemli bir ge\u00e7mi\u015fi var. Ancak g\u00fcn\u00fcm\u00fczde ne yaz\u0131k ki bu ilgi g\u00f6sterilmiyor. Ben de bunu bir \u015fekil de dile getirmek i\u00e7in bah\u00e7emin \u00e7itlerine eserlerimi asarak sergiledim. Ebrular\u0131m\u0131 etraf\u0131nda yay\u0131lan ke\u00e7ilere g\u00f6stermi\u015f oldum. \u0130sterdim ki zahmetle yap\u0131lan eserlerim lay\u0131k oldu\u011fu salonlarda sergilensin, ama olmuyor, ben de bu \u015fekilde yapt\u0131m\u201d dedi.<\/p>\n","protected":false},"excerpt":{"rendered":"<p>MANYASLI EBRU USTASI OSMAN \u015e\u0130M\u015eEK\u2019\u0130N ESERLER\u0130 VATANDA\u015eTAN \u0130LG\u0130 G\u00d6RMEY\u0130NCE, ESERLER\u0130N\u0130 TEL \u00c7\u0130TLERE ASARAK, ETRAFTA OTLANAN KE\u00c7\u0130LERE SERG\u0130 A\u00c7ARAK PROTESTO YAPTI<\/p>\n","protected":false},"author":1,"featured_media":207222,"comment_status":"closed","ping_status":"open","sticky":false,"template":"","format":"standard","meta":{"jetpack_post_was_ever_published":false,"_jetpack_newsletter_access":"","_jetpack_dont_email_post_to_subs":false,"_jetpack_newsletter_tier_id":0,"_jetpack_memberships_contains_paywalled_content":false,"_jetpack_memberships_contains_paid_content":false,"footnotes":"","jetpack_publicize_message":"","jetpack_publicize_feature_enabled":true,"jetpack_social_post_already_shared":true,"jetpack_social_options":{"image_generator_settings":{"template":"highway","default_image_id":0,"font":"","enabled":false},"version":2}},"categories":[656],"tags":[1494,13101,585,39574,831,50561,798],"class_list":["post-207221","post","type-post","status-publish","format-standard","has-post-thumbnail","hentry","category-kultur-sanat","tag-acti","tag-ebru","tag-ilginc","tag-kecilere","tag-protesto","tag-sanatcisindan","tag-sergi"],"jetpack_publicize_connections":[],"jetpack_featured_media_url":"https:\/\/i0.wp.com\/www.tvturk.com\/wp-content\/uploads\/2019\/09\/ebru-sanatcisindan-ilginc-protesto-kecilere-sergi-acti_1a19e9e.jpg?fit=1000%2C750","jetpack_sharing_enabled":true,"jetpack_shortlink":"https:\/\/wp.me\/paKIfm-RUh","_links":{"self":[{"href":"http:\/\/www.tvturk.com\/index.php\/wp-json\/wp\/v2\/posts\/207221","targetHints":{"allow":["GET"]}}],"collection":[{"href":"http:\/\/www.tvturk.com\/index.php\/wp-json\/wp\/v2\/posts"}],"about":[{"href":"http:\/\/www.tvturk.com\/index.php\/wp-json\/wp\/v2\/types\/post"}],"author":[{"embeddable":true,"href":"http:\/\/www.tvturk.com\/index.php\/wp-json\/wp\/v2\/users\/1"}],"replies":[{"embeddable":true,"href":"http:\/\/www.tvturk.com\/index.php\/wp-json\/wp\/v2\/comments?post=207221"}],"version-history":[{"count":0,"href":"http:\/\/www.tvturk.com\/index.php\/wp-json\/wp\/v2\/posts\/207221\/revisions"}],"wp:featuredmedia":[{"embeddable":true,"href":"http:\/\/www.tvturk.com\/index.php\/wp-json\/wp\/v2\/media\/207222"}],"wp:attachment":[{"href":"http:\/\/www.tvturk.com\/index.php\/wp-json\/wp\/v2\/media?parent=207221"}],"wp:term":[{"taxonomy":"category","embeddable":true,"href":"http:\/\/www.tvturk.com\/index.php\/wp-json\/wp\/v2\/categories?post=207221"},{"taxonomy":"post_tag","embeddable":true,"href":"http:\/\/www.tvturk.com\/index.php\/wp-json\/wp\/v2\/tags?post=207221"}],"curies":[{"name":"wp","href":"https:\/\/api.w.org\/{rel}","templated":true}]}}