{"id":207239,"date":"2019-09-24T17:02:57","date_gmt":"2019-09-24T14:02:57","guid":{"rendered":"http:\/\/www.tvturk.com\/index.php\/kasimpasa-teknik-direktoru-kemal-ozdes-amacimiz-kupada-sonuna-kadar-gitmek\/"},"modified":"2019-09-24T17:02:57","modified_gmt":"2019-09-24T14:02:57","slug":"kasimpasa-teknik-direktoru-kemal-ozdes-amacimiz-kupada-sonuna-kadar-gitmek","status":"publish","type":"post","link":"http:\/\/www.tvturk.com\/index.php\/kasimpasa-teknik-direktoru-kemal-ozdes-amacimiz-kupada-sonuna-kadar-gitmek\/","title":{"rendered":"Kas\u0131mpa\u015fa Teknik Direkt\u00f6r\u00fc Kemal \u00d6zde\u015f: \u201cAmac\u0131m\u0131z, kupada sonuna kadar gitmek\u201d"},"content":{"rendered":"<p>T\u00fcrkiye Kupas\u0131\u2019nda bir \u00fcst tura y\u00fckselen Kas\u0131mpa\u015fa\u2019da Teknik Direkt\u00f6r Kemal \u00d6zde\u015f, &#8220;Kupada sonuna kadar gitmek tek amac\u0131m\u0131z&#8221; dedi. Yeni \u00c7orumspor Teknik Direkt\u00f6r\u00fc Bahri Kaya ise &#8220;\u0130yi oynad\u0131\u011f\u0131m\u0131z, \u00e7ok pozisyona girdi\u011fimiz m\u00fcsabakadan b\u00f6yle bir penalt\u0131 karar\u0131yla sahadan ma\u011flup ayr\u0131lmak T\u00fcrk futbolu ad\u0131na \u00fcz\u00fcc\u00fc&#8221; yorumunu yapt\u0131.<\/p>\n<p>Ziraat T\u00fcrkiye Kupas\u0131\u2019nda  3. Tur Eleme ma\u00e7\u0131nda deplasmanda kar\u015f\u0131la\u015ft\u0131\u011f\u0131 Yeni \u00c7orumspor\u2019u 1-0\u2019l\u0131k skorla ma\u011flup eden Kas\u0131mpa\u015fa Teknik Direkt\u00f6r\u00fc Kemal \u00d6zde\u015f, bas\u0131n mensuplar\u0131na a\u00e7\u0131klamalarda bulundu.  \u0130lk yar\u0131 tak\u0131m olarak da\u011f\u0131n\u0131k bir g\u00f6r\u00fcnt\u00fc sergilediklerine dikkat \u00e7eken \u00d6zde\u015f, \u201cOfsayt gerek\u00e7esiyle say\u0131lmayan bir g\u00f6l\u00fcm\u00fcz var. Ofsayt olmayabilir. \u0130kinci yar\u0131da derli toplu bir oyun oynad\u0131k. Att\u0131\u011f\u0131m\u0131z gol\u00fc penalt\u0131 pozisyonuyla att\u0131k. O pozisyonda tart\u0131\u015fmal\u0131 bir pozisyon. Uzaktan g\u00f6rd\u00fc\u011f\u00fcm kadar\u0131yla tart\u0131\u015f\u0131l\u0131r bir pozisyon. Ama son ana kadar bu skoru korumay\u0131 ba\u015fard\u0131k. Yeni \u00c7orumspor tak\u0131m\u0131 da son ana kadar gol atabilmek i\u00e7in bir m\u00fccadele verdi. Bunun i\u00e7in kutluyorum. Bir \u00fcst tura y\u00fckseldik. \u015eimdi gelecek tak\u0131m\u0131 bekleyece\u011fiz. Kupada da sonuna kadar gitmek amac\u0131m\u0131z\u201d dedi. Yeni \u00c7orumspor ile ilgili de a\u00e7\u0131klamalarda bulunan \u00d6zde\u015f, \u201cTak\u0131m olarak oynad\u0131klar\u0131 oyunu be\u011fendim. Tak\u0131m\u0131n ba\u015f\u0131nda Bahri Kaya gibi tecr\u00fcbeli bir teknik adam var. Bence bug\u00fcn turu atayabilecek bir oyun oynad\u0131.Be\u015f ba\u015far\u0131l\u0131 olaca\u011f\u0131n\u0131 d\u00fc\u015f\u00fcn\u00fcyorum.Yeni \u00c7orumspor\u2019a da ba\u015far\u0131lar diliyorum. Hedeflerini ger\u00e7ekle\u015ftirmelerini diliyorum\u201d ifadelerini kulland\u0131.<\/p>\n<p>Kaya: \u201cB\u00f6yle bir penalt\u0131 karar\u0131yla elenmek \u00fcz\u00fcc\u00fc\u201d<\/p>\n<p>Yeni \u00c7orumspor Teknik Direkt\u00f6r\u00fc Bahri Kaya ise tak\u0131m\u0131n\u0131n ma\u011flubiyetine neden olan penalt\u0131 karar\u0131n\u0131 ele\u015ftirerek, \u201c\u0130yi oynad\u0131\u011f\u0131m\u0131z, \u00e7ok pozisyona girdi\u011fimiz m\u00fcsabakadan b\u00f6yle bir penalt\u0131 karar\u0131yla sahadan ma\u011flup ayr\u0131lmak T\u00fcrk futbolu ad\u0131na \u00fcz\u00fcc\u00fc. Kendi tak\u0131m\u0131m ad\u0131na da \u00fcz\u00fcc\u00fc\u201d dedi. Ciddi bir rakibe kar\u015f\u0131 kendilerini test ettiklerini ifade eden Kaya, \u201cAncak \u015funu g\u00f6rd\u00fcm ki saha da oyun anlam\u0131nda ve tak\u0131m\u0131n ma\u00e7 kondisyonu ad\u0131na \u00f6nemli mesafeler kat etmi\u015fiz. \u00c7ok ciddi bir rakibe kar\u015f\u0131 kendimizi test etmi\u015f olduk. \u0130lk yar\u0131 tamamen oyun \u00fcst\u00fcnl\u00fc\u011f\u00fcm\u00fczle ge\u00e7ti. Rakibimize pozisyon dahi vermedik. Biz bir iki pozisyon bulduk gol at\u0131p \u00f6ne bile ge\u00e7ebilirdik. \u0130kinci yar\u0131 yine kar\u015f\u0131l\u0131kl\u0131 ataklarla ge\u00e7en m\u00fcsabakada iki g\u00fcn \u00f6nce \u00e7ok \u00f6nemli bir ma\u00e7 oynam\u0131\u015ft\u0131k fazla rotasyona gidemedim. 11 futbolcumuzun 10\u2019ununu oynatmak zorunda kald\u0131m\u201d \u015feklinde konu\u015ftu.<\/p>\n<p>&#8220;Oyuncular\u0131m\u0131 g\u00f6n\u00fclden kutluyorum&#8221;<\/p>\n<p>Penalt\u0131 karar\u0131 ile de a\u00e7\u0131klamalarda bulunan Kaya, \u015funlar\u0131 kaydetti:<\/p>\n<p>\u201c\u0130kinci yar\u0131 yorgunluk emareleri olmaya ba\u015flad\u0131k. Bunlar\u0131n birisinde de hakem penalt\u0131ya h\u00fckmetti. Penalt\u0131 sonucunda ma\u00e7\u0131 tekrar getirebilecek arzumuz iste\u011fimiz pozisyonumuz olsa da 1-1\u2019e getiremedik. \u0130yi oynad\u0131\u011f\u0131m\u0131z, \u00e7ok pozisyona girdi\u011fimiz m\u00fcsabakadan b\u00f6yle bir penalt\u0131 karar\u0131yla sahadan ma\u011flup ayr\u0131lmak T\u00fcrk futbolu ad\u0131na \u00fcz\u00fcc\u00fc. Kendi tak\u0131m\u0131m ad\u0131na da \u00fcz\u00fcc\u00fc. O penalt\u0131 karar\u0131n\u0131 \u00e7alarken biraz daha b\u00f6yle ortaya hakkaniyetle \u00e7almal\u0131yd\u0131k. A\u011f\u0131r \u00e7ekimde seyrettim. Resmen oyuncuya yaslan\u0131p penalt\u0131y\u0131 alm\u0131\u015f. B\u00f6yle kararla ma\u011flup olmam\u0131za \u00fcz\u00fcld\u00fcm. Hakem triosu \u00e7ok iyi bir idare g\u00f6sterdi. Biz de iste\u011fimiz oyunu ve tepkiyi verdik. 11 futbolcumuzun 10\u2019unu ma\u00e7 boyunca sahadayd\u0131. Bu futbolcular\u0131m\u0131z\u0131n 7 tanesi \u00c7orum do\u011fumlu. Altyap\u0131dan yeti\u015fti. Bunlar bizim i\u00e7in gurur verici. 23 ya\u015f ortalamas\u0131 olan tak\u0131m\u0131z. Hepsini can\u0131 g\u00f6n\u00fclden kutluyorum. Hedefimiz hafta sonu oynanacak lig ma\u00e7\u0131n\u0131 kazanarak yolumuza devam edece\u011fiz. Kas\u0131mpa\u015fa\u2019y\u0131 da tebrik ediyorum\u201d<\/p>\n","protected":false},"excerpt":{"rendered":"<p>KASIMPA\u015eA TEKN\u0130K D\u0130REKT\u00d6R\u00dc KEMAL \u00d6ZDE\u015e, \u201cAMACIMIZ, KUPADA SONUNA KADAR G\u0130TMEK\u201d DED\u0130.<\/p>\n","protected":false},"author":1,"featured_media":207240,"comment_status":"closed","ping_status":"open","sticky":false,"template":"","format":"standard","meta":{"jetpack_post_was_ever_published":false,"_jetpack_newsletter_access":"","_jetpack_dont_email_post_to_subs":false,"_jetpack_newsletter_tier_id":0,"_jetpack_memberships_contains_paywalled_content":false,"_jetpack_memberships_contains_paid_content":false,"footnotes":"","jetpack_publicize_message":"","jetpack_publicize_feature_enabled":true,"jetpack_social_post_already_shared":true,"jetpack_social_options":{"image_generator_settings":{"template":"highway","default_image_id":0,"font":"","enabled":false},"version":2}},"categories":[657],"tags":[3978,8747,10790,7375,3702,1789,640,779,14975,2082],"class_list":["post-207239","post","type-post","status-publish","format-standard","has-post-thumbnail","hentry","category-spor","tag-amacimiz","tag-sonuna","tag-direktoru","tag-gitmek","tag-kadar","tag-kasimpasa","tag-kemal","tag-kupada","tag-ozdes","tag-teknik"],"jetpack_publicize_connections":[],"jetpack_featured_media_url":"https:\/\/i0.wp.com\/www.tvturk.com\/wp-content\/uploads\/2019\/09\/kasimpasa-teknik-direktoru-kemal-ozdes-amacimiz-kupada-sonuna-kadar-gitmek_6969d52.jpg?fit=1000%2C666","jetpack_sharing_enabled":true,"jetpack_shortlink":"https:\/\/wp.me\/paKIfm-RUz","_links":{"self":[{"href":"http:\/\/www.tvturk.com\/index.php\/wp-json\/wp\/v2\/posts\/207239","targetHints":{"allow":["GET"]}}],"collection":[{"href":"http:\/\/www.tvturk.com\/index.php\/wp-json\/wp\/v2\/posts"}],"about":[{"href":"http:\/\/www.tvturk.com\/index.php\/wp-json\/wp\/v2\/types\/post"}],"author":[{"embeddable":true,"href":"http:\/\/www.tvturk.com\/index.php\/wp-json\/wp\/v2\/users\/1"}],"replies":[{"embeddable":true,"href":"http:\/\/www.tvturk.com\/index.php\/wp-json\/wp\/v2\/comments?post=207239"}],"version-history":[{"count":0,"href":"http:\/\/www.tvturk.com\/index.php\/wp-json\/wp\/v2\/posts\/207239\/revisions"}],"wp:featuredmedia":[{"embeddable":true,"href":"http:\/\/www.tvturk.com\/index.php\/wp-json\/wp\/v2\/media\/207240"}],"wp:attachment":[{"href":"http:\/\/www.tvturk.com\/index.php\/wp-json\/wp\/v2\/media?parent=207239"}],"wp:term":[{"taxonomy":"category","embeddable":true,"href":"http:\/\/www.tvturk.com\/index.php\/wp-json\/wp\/v2\/categories?post=207239"},{"taxonomy":"post_tag","embeddable":true,"href":"http:\/\/www.tvturk.com\/index.php\/wp-json\/wp\/v2\/tags?post=207239"}],"curies":[{"name":"wp","href":"https:\/\/api.w.org\/{rel}","templated":true}]}}