{"id":207265,"date":"2019-09-24T17:46:41","date_gmt":"2019-09-24T14:46:41","guid":{"rendered":"http:\/\/www.tvturk.com\/index.php\/boluda-yangin-tatbikatinda-cocuklar-dumandan-etkilendi\/"},"modified":"2019-09-24T17:46:41","modified_gmt":"2019-09-24T14:46:41","slug":"boluda-yangin-tatbikatinda-cocuklar-dumandan-etkilendi","status":"publish","type":"post","link":"http:\/\/www.tvturk.com\/index.php\/boluda-yangin-tatbikatinda-cocuklar-dumandan-etkilendi\/","title":{"rendered":"Bolu\u2019da yang\u0131n tatbikat\u0131nda \u00e7ocuklar dumandan etkilendi"},"content":{"rendered":"<p>Bolu\u2019da, itfaiye ekiplerinin kurtarma ve ara\u00e7 yang\u0131n\u0131 tatbikat\u0131nda, bir okulun bah\u00e7esinin hemen d\u0131\u015f\u0131nda yak\u0131lan ara\u00e7tan \u00e7\u0131kan dumanlar \u00e7ocuklar\u0131 etkiledi.<\/p>\n<p>Bolu Belediyesi \u0130tfaiye M\u00fcd\u00fcrl\u00fc\u011f\u00fc, \u0130tfaiye Haftas\u0131 sebebiyle minib\u00fcste s\u0131k\u0131\u015fan bir yaral\u0131y\u0131 kurtarma ve ara\u00e7 yang\u0131n\u0131na m\u00fcdahale tatbikat\u0131 yapt\u0131. Kara\u00e7ay\u0131r mahallesinde bulunan m\u00fcd\u00fcrl\u00fc\u011f\u00fcn bah\u00e7esinde yap\u0131lan tatbikatta, bir okulun bah\u00e7e duvar\u0131na \u00e7arpan minib\u00fcste s\u0131k\u0131\u015fan s\u00fcr\u00fcc\u00fc ekipler taraf\u0131ndan ara\u00e7tan kurtar\u0131ld\u0131. \u0130tfaiye ekipleri bir di\u011fer tatbikatta ise, yanan bir minib\u00fcse m\u00fcdahale etti. Tatbikat gere\u011fi, ara\u00e7 yang\u0131n\u0131 anonsuyla \u00e7\u0131k\u0131\u015f yapan itfaiye ekipleri, alev alev yanan araca m\u00fcdahale ederek k\u0131sa s\u00fcrede s\u00f6nd\u00fcrd\u00fc.<\/p>\n<p>\u00c7ocuklar hem korktu hemde dumandan etkilendi<\/p>\n<p>Kara\u00e7ay\u0131r mahallesinde bulunan Gazipa\u015fa \u0130lkokulu\u2019nun hemen yan\u0131nda yap\u0131lan tatbikatta yanan minib\u00fcsten \u00e7\u0131kan alevler, teneff\u00fcs saatinde okul bah\u00e7esinde olan \u00e7ocuklara b\u00fcy\u00fck korku ya\u015fatt\u0131. Minib\u00fcsten \u00e7\u0131kan dumanlar\u0131n aras\u0131nda kalan \u00e7ocuklar, elleriyle burunlar\u0131n\u0131 kapatarak korunmaya \u00e7al\u0131\u015ft\u0131. Bah\u00e7ede \u00f6\u011frencilerin dumandan etkilendi\u011fini g\u00f6ren \u00f6\u011fretmenleri, duruma m\u00fcdahale ederek \u00f6\u011frencileri okulun i\u00e7erisine g\u00f6nderdi.<\/p>\n<p>\u201c2 bin 211 olaya m\u00fcdahale ettik\u201d<\/p>\n<p>Tatbikat\u0131n ard\u0131ndan a\u00e7\u0131klamalarda bulunan Bolu Belediyesi \u0130tfaiye M\u00fcd\u00fcr\u00fc Mehmet Duman, \u201cBolu itfaiye m\u00fcd\u00fcrl\u00fc\u011f\u00fc 1923 y\u0131l\u0131nda kurulmu\u015ftur. 96 y\u0131ldan beri Bolu\u2019muza ve b\u00f6lgemize hizmet vermekteyiz. \u0130tfaiye m\u00fcd\u00fcrl\u00fc\u011f\u00fcm\u00fczde 15 ara\u00e7, 112 \u00c7a\u011fr\u0131 Merkezi dahil 67 personelle beraber hizmet vermekteyiz. 2019 y\u0131l\u0131nda A\u011fustos ay\u0131n\u0131n sonuna kadar kaza, yanma, hayvan kurtarma, e\u011fitimler ve di\u011fer g\u00f6revler dahil 2 bin 211 olaya m\u00fcdahale ettik\u201d dedi.<\/p>\n","protected":false},"excerpt":{"rendered":"<p>BOLU\u2019DA, \u0130TFA\u0130YE EK\u0130PLER\u0130N\u0130N KURTARMA VE ARA\u00c7 YANGINI TATB\u0130KATINDA, B\u0130R OKULUN BAH\u00c7ES\u0130N\u0130N HEMEN DI\u015eINDA YAKILAN ARA\u00c7TAN \u00c7IKAN DUMANLAR \u00c7OCUKLARI ETK\u0130LED\u0130.<\/p>\n","protected":false},"author":1,"featured_media":207266,"comment_status":"closed","ping_status":"open","sticky":false,"template":"","format":"standard","meta":{"jetpack_post_was_ever_published":false,"_jetpack_newsletter_access":"","_jetpack_dont_email_post_to_subs":false,"_jetpack_newsletter_tier_id":0,"_jetpack_memberships_contains_paywalled_content":false,"_jetpack_memberships_contains_paid_content":false,"footnotes":"","jetpack_publicize_message":"","jetpack_publicize_feature_enabled":true,"jetpack_social_post_already_shared":true,"jetpack_social_options":{"image_generator_settings":{"template":"highway","default_image_id":0,"font":"","enabled":false},"version":2}},"categories":[1],"tags":[2745,252,9189,9190,17609,1617],"class_list":["post-207265","post","type-post","status-publish","format-standard","has-post-thumbnail","hentry","category-genel","tag-boluda","tag-cocuklar","tag-dumandan","tag-etkilendi","tag-tatbikatinda","tag-yangin"],"jetpack_publicize_connections":[],"jetpack_featured_media_url":"https:\/\/i0.wp.com\/www.tvturk.com\/wp-content\/uploads\/2019\/09\/boluda-yangin-tatbikatinda-cocuklar-dumandan-etkilendi_2166fc8.jpg?fit=1000%2C666","jetpack_sharing_enabled":true,"jetpack_shortlink":"https:\/\/wp.me\/paKIfm-RUZ","_links":{"self":[{"href":"http:\/\/www.tvturk.com\/index.php\/wp-json\/wp\/v2\/posts\/207265","targetHints":{"allow":["GET"]}}],"collection":[{"href":"http:\/\/www.tvturk.com\/index.php\/wp-json\/wp\/v2\/posts"}],"about":[{"href":"http:\/\/www.tvturk.com\/index.php\/wp-json\/wp\/v2\/types\/post"}],"author":[{"embeddable":true,"href":"http:\/\/www.tvturk.com\/index.php\/wp-json\/wp\/v2\/users\/1"}],"replies":[{"embeddable":true,"href":"http:\/\/www.tvturk.com\/index.php\/wp-json\/wp\/v2\/comments?post=207265"}],"version-history":[{"count":0,"href":"http:\/\/www.tvturk.com\/index.php\/wp-json\/wp\/v2\/posts\/207265\/revisions"}],"wp:featuredmedia":[{"embeddable":true,"href":"http:\/\/www.tvturk.com\/index.php\/wp-json\/wp\/v2\/media\/207266"}],"wp:attachment":[{"href":"http:\/\/www.tvturk.com\/index.php\/wp-json\/wp\/v2\/media?parent=207265"}],"wp:term":[{"taxonomy":"category","embeddable":true,"href":"http:\/\/www.tvturk.com\/index.php\/wp-json\/wp\/v2\/categories?post=207265"},{"taxonomy":"post_tag","embeddable":true,"href":"http:\/\/www.tvturk.com\/index.php\/wp-json\/wp\/v2\/tags?post=207265"}],"curies":[{"name":"wp","href":"https:\/\/api.w.org\/{rel}","templated":true}]}}