{"id":207271,"date":"2019-09-24T18:17:26","date_gmt":"2019-09-24T15:17:26","guid":{"rendered":"http:\/\/www.tvturk.com\/index.php\/irfan-buz-hedefimiz-3-puan\/"},"modified":"2019-09-24T18:17:26","modified_gmt":"2019-09-24T15:17:26","slug":"irfan-buz-hedefimiz-3-puan","status":"publish","type":"post","link":"http:\/\/www.tvturk.com\/index.php\/irfan-buz-hedefimiz-3-puan\/","title":{"rendered":"\u0130rfan Buz: &#8220;Hedefimiz 3 puan&#8221;"},"content":{"rendered":"<p>SAMSUN (\u0130HA) \u2013 TFF 2. Lig ekiplerinden Samsunspor\u2019da Teknik Direkt\u00f6r \u0130rfan Buz, Pazar g\u00fcn\u00fc deplasmanda yapacaklar\u0131 Afyonspor ma\u00e7\u0131nda hedeflerinin 3 puan oldu\u011funu s\u00f6yledi.<\/p>\n<p>\u0130rfan Buz, Nuri Asan Tesisleri\u2019nde d\u00fczenledi\u011fi bas\u0131n toplant\u0131s\u0131nda, oynad\u0131klar\u0131 Tarsus \u0130dman Yurdu ma\u00e7\u0131n\u0131, T\u00fcrkiye Kupas\u0131\u2019nda oynayacaklar\u0131 Fatsa Belediyespor ve ligde yapacaklar\u0131 Afyonspor ma\u00e7\u0131n\u0131 de\u011ferlendirdi.<\/p>\n<p>\u201c\u00c7ok net bir skorla kazand\u0131k\u201d<\/p>\n<p>Ge\u00e7en hafta sahalar\u0131nda \u00e7ok \u00f6nem arz eden bir m\u00fccadele oynad\u0131klar\u0131n\u0131 belirten Buz, \u201cOndan \u00f6nceki hafta berabere kald\u0131ktan sonra kendi saham\u0131zda bunu telafi etmek istedik. Futbolcu karde\u015flerimizde bunu \u00e7ok iyi bir \u015fekilde cevapland\u0131rd\u0131. 3 puan\u0131 ald\u0131k. \u00d6zellikle ilk dakikadan itibaren kesinlikle co\u015fkulu ve istekli bir tak\u0131m sahadayd\u0131. Goller de gayet g\u00fczeldi. Bask\u0131l\u0131, co\u015fkulu, istekli bir tak\u0131m vard\u0131. Tarsus \u0130dman Yurda da \u00f6zg\u00fcvenli gelip burada oynamak istedi onlar da a\u00e7\u0131k oynamaya \u00e7al\u0131\u015ft\u0131. Ancak ceza sahas\u0131na kadar net bir pozisyonlar\u0131n\u0131 g\u00f6remedim. Biz ona g\u00f6re gard\u0131m\u0131z\u0131 alarak \u00e7ok do\u011fru oynayarak b\u00fct\u00fcn o ataklar\u0131 kestikten sonra cezaland\u0131rd\u0131k. \u00c7ok mutluyuz. Ger\u00e7ekten \u00f6nemli bir galibiyet ald\u0131k. \u00c7ok net bir skorla 5-0. 9 y\u0131l \u00f6nce 5-0 kazan\u0131lm\u0131\u015f. Gelen taraftarlar\u0131m\u0131z i\u00e7in \u00e7ok g\u00fczel oldu. Onlar i\u00e7in de \u00e7ok sevindim. Annem babam da gelmi\u015fti onlar da destekledi bizi\u201d dedi.<\/p>\n<p>\u201cKupada devam etmek istiyoruz\u201d<\/p>\n<p>\u00d6nlerinde T\u00fcrkiye Kupas\u0131 ma\u00e7\u0131 oldu\u011funu ifade eden Buz \u015funlar\u0131 kaydetti:<\/p>\n<p>\u201cRotasyondan bahsediliyor. Buradaki oyuncular rotasyonla alakas\u0131 olmayan oyuncular. Yar\u0131n oynayacak oyuncular ge\u00e7en y\u0131lki oyuncular. Kupa ma\u00e7\u0131n\u0131 \u00f6nemsemiyoruz, yedek tak\u0131mla \u00e7\u0131kaca\u011f\u0131z diye bir \u015fey yok. Kupada devam etmek istiyoruz. Hal\u0131 sahada da olsak kazanmak istiyoruz. Biz devam etmek istiyoruz. Kimsenin orada akl\u0131na farkl\u0131 bir \u015fey gelmesin. Sonras\u0131nda Afyonspor m\u00fcsabakas\u0131 var. O da \u00e7ok \u00f6nemli bir m\u00fcsabaka. Afyonspor ge\u00e7en y\u0131l ligden d\u00fc\u015fen bu sene hedefleri olan bir tak\u0131m oldu\u011fu i\u00e7in ciddi bir m\u00fcsabakaya \u00e7\u0131kaca\u011f\u0131z. Hedefimiz oradan 3 puanla d\u00f6nmek.\u201d<\/p>\n","protected":false},"excerpt":{"rendered":"<p>TFF 2. L\u0130G EK\u0130PLER\u0130NDEN SAMSUNSPOR TEKN\u0130K D\u0130REKT\u00d6R\u00dc \u0130RFAN BUZ, PAZAR G\u00dcN\u00dc OYNAYACAKLARI AFYONSPOR MA\u00c7INDA HEDEFLER\u0130N\u0130N 3 PUAN ALMAK OLDU\u011eUNU S\u00d6YLED\u0130.<\/p>\n","protected":false},"author":1,"featured_media":207272,"comment_status":"closed","ping_status":"open","sticky":false,"template":"","format":"standard","meta":{"jetpack_post_was_ever_published":false,"_jetpack_newsletter_access":"","_jetpack_dont_email_post_to_subs":false,"_jetpack_newsletter_tier_id":0,"_jetpack_memberships_contains_paywalled_content":false,"_jetpack_memberships_contains_paid_content":false,"footnotes":"","jetpack_publicize_message":"","jetpack_publicize_feature_enabled":true,"jetpack_social_post_already_shared":true,"jetpack_social_options":{"image_generator_settings":{"template":"highway","default_image_id":0,"font":"","enabled":false},"version":2}},"categories":[657],"tags":[5159,1037,12653,7080],"class_list":["post-207271","post","type-post","status-publish","format-standard","has-post-thumbnail","hentry","category-spor","tag-hedefimiz","tag-buz","tag-irfan","tag-puan"],"jetpack_publicize_connections":[],"jetpack_featured_media_url":"https:\/\/i0.wp.com\/www.tvturk.com\/wp-content\/uploads\/2019\/09\/irfan-buz-hedefimiz-3-puan_bfa379f.jpg?fit=1000%2C621","jetpack_sharing_enabled":true,"jetpack_shortlink":"https:\/\/wp.me\/paKIfm-RV5","_links":{"self":[{"href":"http:\/\/www.tvturk.com\/index.php\/wp-json\/wp\/v2\/posts\/207271","targetHints":{"allow":["GET"]}}],"collection":[{"href":"http:\/\/www.tvturk.com\/index.php\/wp-json\/wp\/v2\/posts"}],"about":[{"href":"http:\/\/www.tvturk.com\/index.php\/wp-json\/wp\/v2\/types\/post"}],"author":[{"embeddable":true,"href":"http:\/\/www.tvturk.com\/index.php\/wp-json\/wp\/v2\/users\/1"}],"replies":[{"embeddable":true,"href":"http:\/\/www.tvturk.com\/index.php\/wp-json\/wp\/v2\/comments?post=207271"}],"version-history":[{"count":0,"href":"http:\/\/www.tvturk.com\/index.php\/wp-json\/wp\/v2\/posts\/207271\/revisions"}],"wp:featuredmedia":[{"embeddable":true,"href":"http:\/\/www.tvturk.com\/index.php\/wp-json\/wp\/v2\/media\/207272"}],"wp:attachment":[{"href":"http:\/\/www.tvturk.com\/index.php\/wp-json\/wp\/v2\/media?parent=207271"}],"wp:term":[{"taxonomy":"category","embeddable":true,"href":"http:\/\/www.tvturk.com\/index.php\/wp-json\/wp\/v2\/categories?post=207271"},{"taxonomy":"post_tag","embeddable":true,"href":"http:\/\/www.tvturk.com\/index.php\/wp-json\/wp\/v2\/tags?post=207271"}],"curies":[{"name":"wp","href":"https:\/\/api.w.org\/{rel}","templated":true}]}}