{"id":207351,"date":"2019-09-25T09:02:07","date_gmt":"2019-09-25T06:02:07","guid":{"rendered":"http:\/\/www.tvturk.com\/index.php\/binlerce-kisiyi-magdur-eden-intihar-binalari-yikiliyor\/"},"modified":"2019-09-25T09:02:07","modified_gmt":"2019-09-25T06:02:07","slug":"binlerce-kisiyi-magdur-eden-intihar-binalari-yikiliyor","status":"publish","type":"post","link":"http:\/\/www.tvturk.com\/index.php\/binlerce-kisiyi-magdur-eden-intihar-binalari-yikiliyor\/","title":{"rendered":"Binlerce ki\u015fiyi ma\u011fdur eden \u201cintihar binalar\u0131\u201d y\u0131k\u0131l\u0131yor"},"content":{"rendered":"<p>Erzurum\u2019da ruhsat ve projesi olmad\u0131\u011f\u0131 gerek\u00e7esiyle 2014 y\u0131l\u0131nda B\u00fcy\u00fck\u015fehir Belediyesi taraf\u0131ndan in\u015faat\u0131 durdurulan ve ard\u0131ndan \u00e7ok say\u0131da ki\u015finin intihar etmek i\u00e7in \u00e7\u0131kt\u0131\u011f\u0131 u\u011frak binalar haline gelen \u201cNew City\u201d isimli konutlar y\u0131k\u0131l\u0131yor.<\/p>\n<p>2012 y\u0131l\u0131nda d\u00f6nemin Erzurum B\u00fcy\u00fck\u015fehir Belediye Ba\u015fkan\u0131 Ahmet K\u00fc\u00e7\u00fckler taraf\u0131ndan Paland\u00f6ken il\u00e7esi Yeni\u015fehir Mahallesindeki eski konutlar y\u0131k\u0131larak kentsel d\u00f6n\u00fc\u015f\u00fcme girdi. O d\u00f6nem yap\u0131lan ihaleyi kazanarak 2 bin konutluk proje haz\u0131rlayan m\u00fcteahhit Ahmet Metin Karaday\u0131 ise in\u015faata ba\u015flamadan dairelerin b\u00fcy\u00fck b\u00f6l\u00fcm\u00fcn\u00fc satt\u0131. \u0130mar \u0130skan eski konutlar\u0131nda oturanlar\u0131n evlerini 2012\u2019de y\u0131karak kar\u015f\u0131l\u0131\u011f\u0131nda daire s\u00f6z\u00fc veren Karaday\u0131\u2019n\u0131n in\u015faat\u0131, ruhsat\u0131 ve projesi olmad\u0131\u011f\u0131 gerek\u00e7esiyle \u015fimdiki B\u00fcy\u00fck\u015fehir Belediye Ba\u015fkan\u0131 Mehmet Sekmen taraf\u0131ndan durduruldu.<\/p>\n<p>Bu olay\u0131n \u00fczerine hakk\u0131nda dava a\u00e7\u0131larak 2017 y\u0131l\u0131nda Erzurum 1\u2019inci A\u011f\u0131r Ceza Mahkemesi\u2019nde g\u00f6r\u00fclen karar duru\u015fmas\u0131nda Ahmet Metin Karaday\u0131 386 y\u0131l hapis cezas\u0131n\u0131 \u00e7arpt\u0131r\u0131lm\u0131\u015ft\u0131.<\/p>\n<p>Binalar\u0131n y\u0131llarca metruk \u015fekilde kalmas\u0131 sonucu onlarca ki\u015fi bu binalar\u0131n \u00fczerine \u00e7\u0131karak intihar etti. Madde ba\u011f\u0131ml\u0131lar\u0131nda u\u011frak mekan\u0131 haline gelen konutla \u00e7evrede ki vatanda\u015flar\u0131n talepleri do\u011frultusunda bu sabah Erzurum B\u00fcy\u00fck\u015fehir Belediyesi ekiplerince i\u015f makinalar\u0131 ile y\u0131k\u0131lmaya ba\u015flad\u0131.<\/p>\n<p>Binalar\u0131n y\u0131k\u0131m\u0131 s\u0131ras\u0131nda \u00e7evredeki okullardan \u00e7\u0131kan merakl\u0131 \u00f6\u011frenciler ve Karaday\u0131 ma\u011fdurlar\u0131 ise bu anlar\u0131 izledi.<\/p>\n","protected":false},"excerpt":{"rendered":"<p>ERZURUM\u2019DA RUHSAT VE PROJES\u0130 OLMADI\u011eI GEREK\u00c7ES\u0130YLE 2014 YILINDA B\u00dcY\u00dcK\u015eEH\u0130R BELED\u0130YES\u0130 TARAFINDAN \u0130N\u015eAATI DURDURULAN VE ARDINDAN ONLARCA K\u0130\u015e\u0130N\u0130N \u0130NT\u0130HAR ETMEK \u0130\u00c7\u0130N \u00c7IKTI\u011eI U\u011eRAK B\u0130NALAR HAL\u0130NE GELEN  \u201cNEW C\u0130TY\u201d \u0130S\u0130ML\u0130 KONUTLAR YIKILIYOR.<\/p>\n","protected":false},"author":1,"featured_media":207352,"comment_status":"closed","ping_status":"open","sticky":false,"template":"","format":"standard","meta":{"jetpack_post_was_ever_published":false,"_jetpack_newsletter_access":"","_jetpack_dont_email_post_to_subs":false,"_jetpack_newsletter_tier_id":0,"_jetpack_memberships_contains_paywalled_content":false,"_jetpack_memberships_contains_paid_content":false,"footnotes":"","jetpack_publicize_message":"","jetpack_publicize_feature_enabled":true,"jetpack_social_post_already_shared":true,"jetpack_social_options":{"image_generator_settings":{"template":"highway","default_image_id":0,"font":"","enabled":false},"version":2}},"categories":[1],"tags":[10814,3818,2393,4706,3401,15953,1134],"class_list":["post-207351","post","type-post","status-publish","format-standard","has-post-thumbnail","hentry","category-genel","tag-binalari","tag-binlerce","tag-eden","tag-intihar","tag-kisiyi","tag-magdur","tag-yikiliyor"],"jetpack_publicize_connections":[],"jetpack_featured_media_url":"https:\/\/i0.wp.com\/www.tvturk.com\/wp-content\/uploads\/2019\/09\/binlerce-kisiyi-magdur-eden-intihar-binalari-yikiliyor_ba34439.jpg?fit=1000%2C624","jetpack_sharing_enabled":true,"jetpack_shortlink":"https:\/\/wp.me\/paKIfm-RWn","_links":{"self":[{"href":"http:\/\/www.tvturk.com\/index.php\/wp-json\/wp\/v2\/posts\/207351","targetHints":{"allow":["GET"]}}],"collection":[{"href":"http:\/\/www.tvturk.com\/index.php\/wp-json\/wp\/v2\/posts"}],"about":[{"href":"http:\/\/www.tvturk.com\/index.php\/wp-json\/wp\/v2\/types\/post"}],"author":[{"embeddable":true,"href":"http:\/\/www.tvturk.com\/index.php\/wp-json\/wp\/v2\/users\/1"}],"replies":[{"embeddable":true,"href":"http:\/\/www.tvturk.com\/index.php\/wp-json\/wp\/v2\/comments?post=207351"}],"version-history":[{"count":0,"href":"http:\/\/www.tvturk.com\/index.php\/wp-json\/wp\/v2\/posts\/207351\/revisions"}],"wp:featuredmedia":[{"embeddable":true,"href":"http:\/\/www.tvturk.com\/index.php\/wp-json\/wp\/v2\/media\/207352"}],"wp:attachment":[{"href":"http:\/\/www.tvturk.com\/index.php\/wp-json\/wp\/v2\/media?parent=207351"}],"wp:term":[{"taxonomy":"category","embeddable":true,"href":"http:\/\/www.tvturk.com\/index.php\/wp-json\/wp\/v2\/categories?post=207351"},{"taxonomy":"post_tag","embeddable":true,"href":"http:\/\/www.tvturk.com\/index.php\/wp-json\/wp\/v2\/tags?post=207351"}],"curies":[{"name":"wp","href":"https:\/\/api.w.org\/{rel}","templated":true}]}}