{"id":207375,"date":"2019-09-25T09:46:38","date_gmt":"2019-09-25T06:46:38","guid":{"rendered":"http:\/\/www.tvturk.com\/index.php\/kula-leblebisi-16-farkli-cesidi-ile-dunyaya-ihrac-ediliyor\/"},"modified":"2019-09-25T09:46:38","modified_gmt":"2019-09-25T06:46:38","slug":"kula-leblebisi-16-farkli-cesidi-ile-dunyaya-ihrac-ediliyor","status":"publish","type":"post","link":"http:\/\/www.tvturk.com\/index.php\/kula-leblebisi-16-farkli-cesidi-ile-dunyaya-ihrac-ediliyor\/","title":{"rendered":"Kula leblebisi 16 farkl\u0131 \u00e7e\u015fidi ile d\u00fcnyaya ihra\u00e7 ediliyor"},"content":{"rendered":"<p>Manisa\u2019n\u0131n Kula il\u00e7esinde ge\u00e7mi\u015fi bir asra dayanan, 16 farkl\u0131 \u00e7e\u015fidi ile d\u00fcnyan\u0131n bir\u00e7ok yerine ihracat\u0131 yap\u0131lan Kula Leblebisi, co\u011frafi i\u015faret al\u0131nmas\u0131yla yeni bir \u00fcne kavu\u015ftu. Co\u011frafi i\u015faret al\u0131nmas\u0131ndan sonra talebi artan leblebi \u00fcretiminde, y\u0131llard\u0131r bu mesle\u011fi s\u00fcrd\u00fcren \u00fcreticiler leblebisiyle \u00fcnl\u00fc \u00c7orum\u2019un bile leblebi ihtiyac\u0131n\u0131 Kula\u2019dan kar\u015f\u0131lad\u0131\u011f\u0131n\u0131 savundu.<\/p>\n<p>Kula\u2019da birbirinden de\u011ferli y\u00f6resel lezzetlerden bir tanesi olan Kula Leblebisi, ge\u00e7mi\u015fi bir asra dayanan \u00f6z\u00fcyle T\u00fcrkiye\u2019de her ge\u00e7en g\u00fcn bilinirli\u011fi art\u0131yor. Son y\u0131llarda \u00fcreticilerin yakalad\u0131\u011f\u0131 kaliteyle 16 farkl\u0131 \u00e7e\u015fide ula\u015fan Kula Leblebisi, Salihli Ticaret ve Sanayi Odas\u0131\u2019n\u0131n giri\u015fimleri ile markala\u015fma s\u00fcrecini tamamlayarak Co\u011frafi \u0130\u015faret Tescil Belgesi ald\u0131. T\u00fcrkiye\u2019de leblebi denince akla ilk gelen yer olan \u00c7orum\u2019dan sonra T\u00fcrkiye\u2019de ikinci tescilli leblebi olan Kulal\u0131 leblebi \u00fcreticileri, co\u011frafi i\u015faret al\u0131nmas\u0131yla ayr\u0131 bir sevin\u00e7 ya\u015fad\u0131. Tuzlu, ac\u0131l\u0131, karanfilli, \u00e7ikolatal\u0131, ball\u0131, portakall\u0131 gibi 16 farkl\u0131 \u00e7e\u015fit \u00fcreten Kulal\u0131 leblebi \u00fcreticileri, T\u00fcrkiye\u2019nin leblebi yata\u011f\u0131 olarak bilinen \u00c7orum\u2019a y\u0131llardan beri ham madde ihra\u00e7 ettiklerini, fakat \u00c7orumlu leblebi \u00fcreticilerinin Kula\u2019dan \u00f6nce harekete ge\u00e7erek \u00fcne kavu\u015ftuklar\u0131n\u0131 s\u00f6yledi. Yunanistan, Filistin, \u0130srail, Birle\u015fik Arap Emirlikleri, Kuveyt ve AB \u00fclkelerine ba\u015fta olmak \u00fczere bir\u00e7ok \u00fclkeye ihra\u00e7 edilen Kula leblebisine, co\u011frafi i\u015faret belgesi al\u0131nmas\u0131ndan sonra talep de artt\u0131.<\/p>\n<p>Yakla\u015f\u0131k 41 y\u0131ld\u0131r leblebi \u00fcretimi yapt\u0131\u011f\u0131n\u0131 ifade eden Hasan H\u00fcseyin Leblebici, dedesinden kalma meslekte hen\u00fcz \u00e7\u0131rak iken \u00c7orum\u2019a leblebinin k\u0131zarm\u0131\u015f halini ihra\u00e7 ettiklerini, \u00c7orumlu leblebi \u00fcreticilerinin ise Kula\u2019dan ald\u0131klar\u0131 leblebinin \u00e7e\u015fidini art\u0131rarak \u00fcnl\u00fc olduklar\u0131n\u0131 s\u00f6yledi. As\u0131l leblebinin Kula\u2019da \u00fcretildi\u011fini \u00fcst\u00fcne basarak iddia eden Hasan H\u00fcseyin Leblebici, dededen toruna kalan bu mesle\u011fi s\u00fcrd\u00fcrmeye \u00e7al\u0131\u015ft\u0131klar\u0131n\u0131 ifade etti. 1978 y\u0131l\u0131ndan bu yana leblebi \u00fcretimi ile u\u011fra\u015ft\u0131\u011f\u0131n\u0131 kaydeden Leblebici, \u201cBenim ad\u0131m Hasan H\u00fcseyin Leblebici, mesle\u011fim de leblebici. Biz bu mesle\u011fi dededen toruna yap\u0131yoruz. O\u011flum okumad\u0131, o\u011flum da leblebicilik yap\u0131yor. Yani dededen toruna biz mesle\u011fimizi s\u00fcrd\u00fcr\u00fcyoruz. Allah\u2019\u0131n izniyle co\u011frafi i\u015faretimizi ald\u0131k, leblebicili\u011fin Kula\u2019da oldu\u011funu belgeledik. 1978 y\u0131l\u0131ndan beri bu mesle\u011fi yap\u0131yorum. Dededen toruna ge\u00e7en bu meslekte biz 5\u2019nci ku\u015fak oluyoruz.\u201d dedi.<\/p>\n<p>\u00c7orum ham leblebiyi Kula\u2019dan al\u0131yor<\/p>\n<p>Leblebi denince akla ilk gelen yer olan \u00c7orum\u2019daki leblebi \u00fcreticilerinin ham leblebiyi Kula\u2019dan alarak \u00e7e\u015fitlendirdi\u011fini ve Kulal\u0131 leblebi \u00fcreticilerinden \u00f6nce harekete ge\u00e7erek \u00fcne kavu\u015ftu\u011funu ifade eden Hasan H\u00fcseyin Leblebici, d\u00fcnyaya ihra\u00e7 edilen leblebinin Kula\u2019n\u0131n mal\u0131 oldu\u011funu s\u00f6yledi. Hen\u00fcz k\u00fc\u00e7\u00fck ya\u015flardayken ba\u015flad\u0131\u011f\u0131 leblebi \u00fcretiminde dedesinin \u00c7orum\u2019a y\u0131llarca ham leblebi ihra\u00e7 etti\u011fini ifade eden Leblebici, \u201cKula Leblebisine co\u011frafi i\u015faret al\u0131nmas\u0131yla birlikte \u00fcretimimizde art\u0131\u015f ve istek olmaya ba\u015flad\u0131. Tabii \u00c7orum ne kadar leblebi bizim dese de, \u00c7orum\u2019da \u00fcretim yok. \u00dcretilmeyen bir \u015fey, bizden ham maddesini al\u0131p \u00e7e\u015fitlendiriliyor. Ama biz 16 \u00e7e\u015fit leblebiyi kendimiz \u00fcretiyoruz. Ama \u00c7orum ne yap\u0131yor, bizden ham leblebiyi al\u0131p \u00e7e\u015fitlendiriyor. \u0130malat yok \u00c7orum\u2019da. Yani leblebi \u015fuanda Kula\u2019n\u0131n mal\u0131.&#8221; dedi.<\/p>\n<p>Babas\u0131ndan kalan bu mesle\u011fi s\u00fcrd\u00fcrd\u00fcklerini ifade eden Emre Leblebici, mesle\u011fi devam ettirmek i\u00e7in \u00fcniversite e\u011fitimi almad\u0131\u011f\u0131n\u0131 s\u00f6yledi. Leblebici; \u201c Leblebicilik mesle\u011fi, babam\u0131zdan gelen meslek oldu\u011fu i\u00e7in ileriye ta\u015f\u0131maya \u00e7al\u0131\u015f\u0131yoruz. Dedemizden kalan baba mesle\u011fimizi bitirmeyece\u011fiz. Bu nedenle \u00fcniversite e\u011fitimi almad\u0131m. Liseden mezun olduktan sonra bu mesle\u011fi s\u00fcrd\u00fcrmeye ba\u015flad\u0131m ve yakla\u015f\u0131k 10 y\u0131ld\u0131r da bu mesle\u011fi yap\u0131yorum. D\u00fcnyaya ihra\u00e7 edilen bu mesle\u011fimizi devam ettirece\u011fiz.\u201d ifadelerini kulland\u0131.<\/p>\n","protected":false},"excerpt":{"rendered":"<p>MAN\u0130SA\u2019NIN KULA \u0130L\u00c7ES\u0130NDE GE\u00c7M\u0130\u015e\u0130 B\u0130R ASRA DAYANAN, 16 FARKLI \u00c7E\u015e\u0130D\u0130 \u0130LE D\u00dcNYANIN B\u0130R\u00c7OK YER\u0130NE \u0130HRACATI YAPILAN KULA LEBLEB\u0130S\u0130, CO\u011eRAF\u0130 \u0130\u015eARET ALINMASIYLA YEN\u0130 B\u0130R \u00dcNE KAVU\u015eTU. CO\u011eRAF\u0130 \u0130\u015eARET ALINMASINDAN SONRA TALEB\u0130 ARTAN LEBLEB\u0130 \u00dcRET\u0130M\u0130NDE, YILLARDIR BU MESLE\u011e\u0130 S\u00dcRD\u00dcREN \u00dcRET\u0130C\u0130LER \u00dcLKEDE ME\u015eHUR OLAN \u00c7ORUM LEBLEB\u0130S\u0130N\u0130N KULA\u2019DAN \u00c7IKTI\u011eINI SAVUNDULAR.<\/p>\n","protected":false},"author":1,"featured_media":207376,"comment_status":"closed","ping_status":"open","sticky":false,"template":"","format":"standard","meta":{"jetpack_post_was_ever_published":false,"_jetpack_newsletter_access":"","_jetpack_dont_email_post_to_subs":false,"_jetpack_newsletter_tier_id":0,"_jetpack_memberships_contains_paywalled_content":false,"_jetpack_memberships_contains_paid_content":false,"footnotes":"","jetpack_publicize_message":"","jetpack_publicize_feature_enabled":true,"jetpack_social_post_already_shared":true,"jetpack_social_options":{"image_generator_settings":{"template":"highway","default_image_id":0,"font":"","enabled":false},"version":2}},"categories":[19],"tags":[31291,2124,2716,2606,3669,192,8647,52361],"class_list":["post-207375","post","type-post","status-publish","format-standard","has-post-thumbnail","hentry","category-ekonomi","tag-cesidi","tag-dunyaya","tag-ediliyor","tag-farkli","tag-ihrac","tag-ile","tag-kula","tag-leblebisi"],"jetpack_publicize_connections":[],"jetpack_featured_media_url":"https:\/\/i0.wp.com\/www.tvturk.com\/wp-content\/uploads\/2019\/09\/kula-leblebisi-16-farkli-cesidi-ile-dunyaya-ihrac-ediliyor_1aaaba5.jpg?fit=1000%2C666","jetpack_sharing_enabled":true,"jetpack_shortlink":"https:\/\/wp.me\/paKIfm-RWL","_links":{"self":[{"href":"http:\/\/www.tvturk.com\/index.php\/wp-json\/wp\/v2\/posts\/207375","targetHints":{"allow":["GET"]}}],"collection":[{"href":"http:\/\/www.tvturk.com\/index.php\/wp-json\/wp\/v2\/posts"}],"about":[{"href":"http:\/\/www.tvturk.com\/index.php\/wp-json\/wp\/v2\/types\/post"}],"author":[{"embeddable":true,"href":"http:\/\/www.tvturk.com\/index.php\/wp-json\/wp\/v2\/users\/1"}],"replies":[{"embeddable":true,"href":"http:\/\/www.tvturk.com\/index.php\/wp-json\/wp\/v2\/comments?post=207375"}],"version-history":[{"count":0,"href":"http:\/\/www.tvturk.com\/index.php\/wp-json\/wp\/v2\/posts\/207375\/revisions"}],"wp:featuredmedia":[{"embeddable":true,"href":"http:\/\/www.tvturk.com\/index.php\/wp-json\/wp\/v2\/media\/207376"}],"wp:attachment":[{"href":"http:\/\/www.tvturk.com\/index.php\/wp-json\/wp\/v2\/media?parent=207375"}],"wp:term":[{"taxonomy":"category","embeddable":true,"href":"http:\/\/www.tvturk.com\/index.php\/wp-json\/wp\/v2\/categories?post=207375"},{"taxonomy":"post_tag","embeddable":true,"href":"http:\/\/www.tvturk.com\/index.php\/wp-json\/wp\/v2\/tags?post=207375"}],"curies":[{"name":"wp","href":"https:\/\/api.w.org\/{rel}","templated":true}]}}