{"id":207444,"date":"2019-09-25T10:46:46","date_gmt":"2019-09-25T07:46:46","guid":{"rendered":"http:\/\/www.tvturk.com\/index.php\/dunyaca-unlu-van-kedilerine-ziyaretci-akini\/"},"modified":"2019-09-25T10:46:46","modified_gmt":"2019-09-25T07:46:46","slug":"dunyaca-unlu-van-kedilerine-ziyaretci-akini","status":"publish","type":"post","link":"http:\/\/www.tvturk.com\/index.php\/dunyaca-unlu-van-kedilerine-ziyaretci-akini\/","title":{"rendered":"D\u00fcnyaca \u00fcnl\u00fc Van kedilerine ziyaret\u00e7i ak\u0131n\u0131"},"content":{"rendered":"<p>Van Y\u00fcz\u00fcnc\u00fc Y\u0131l \u00dcniversitesi (Van YY\u00dc) b\u00fcnyesindeki kedi villas\u0131nda koruma alt\u0131nda bulunan d\u00fcnyaca \u00fcnl\u00fc Van kedilerini, yaz sezonu boyunca on binlerce yerli ve yabanc\u0131 turist ziyaret etti.<\/p>\n<p>Van YY\u00dc b\u00fcnyesindeki havuzlu kedi villas\u0131, b\u00f6lgede olu\u015fan huzur ortam\u0131na ba\u011fl\u0131 olarak artan turistik tur say\u0131s\u0131 nedeniyle bu y\u0131l\u0131n yaz sezonu boyunca turist ak\u0131n\u0131na u\u011frad\u0131. Kentin tarihi ve do\u011fal g\u00fczelliklerini g\u00f6rmek i\u00e7in gelen turistlerin ilk rotas\u0131 ise yine Van kedileri oldu.<\/p>\n<p>Cana yak\u0131nl\u0131\u011f\u0131, beyaz, ipeksi k\u00fcrk\u00fc, aslan y\u00fcr\u00fcy\u00fc\u015f\u00fc, tilki kuyru\u011funa benzeyen uzun ve kabar\u0131k kuyru\u011fu, de\u011fi\u015fik g\u00f6z renkleri ve suya d\u00fc\u015fk\u00fcnl\u00fc\u011f\u00fcyle kentin en \u00f6nemli de\u011ferlerinden olan Van kedilerinin bak\u0131mlar\u0131 titizlikle yap\u0131l\u0131yor. Nesillerinin devam\u0131 i\u00e7in s\u00fcrekli \u00e7al\u0131\u015fmalar\u0131n yap\u0131ld\u0131\u011f\u0131 Van Kedi Villas\u0131\u2019nda ziyaret\u00e7iler de eksik olmuyor.<\/p>\n<p>\u201cBilin\u00e7lendirme \u00e7al\u0131\u015fmalar\u0131 b\u00fcy\u00fck katk\u0131 sunuyor\u201d<\/p>\n<p>\u0130HA muhabirine konu\u015fan YY\u00dc Van Kedisi Ara\u015ft\u0131rma ve Uygulama Merkezi M\u00fcd\u00fcr\u00fc Prof. Dr. Abdullah Kaya, b\u00f6lgede olu\u015fan huzur ortam\u0131na ba\u011fl\u0131 artan turistik turlarla kedilerin ziyaret\u00e7ilerinin de artt\u0131\u011f\u0131n\u0131 belirtti. Ziyaret\u00e7i say\u0131s\u0131nda her ge\u00e7en g\u00fcn art\u0131\u015f ya\u015fand\u0131\u011f\u0131n\u0131 ifade eden Kaya, \u201cSon y\u0131llarda bu ziyaret\u00e7i say\u0131s\u0131nda ciddi anlamda art\u0131\u015f ya\u015fand\u0131. \u0130limize turistik amac\u0131yla gelen seyahat turlar\u0131n\u0131n artmas\u0131na ba\u011fl\u0131 olarak merkezimize olan ziyaretler giderek art\u0131yor. Di\u011fer taraftan Van kedileriyle ilgili yap\u0131lan bilin\u00e7lendirme \u00e7al\u0131\u015fmalar\u0131n\u0131n da buna b\u00fcy\u00fck bir katk\u0131s\u0131 var. Son d\u00f6nemde gerek g\u00f6rsel ve yaz\u0131l\u0131 medya gerekse sosyal medya buna katk\u0131 sunuyor. Buna paralel olarak ziyaret\u00e7i say\u0131m\u0131z art\u0131yor\u201d dedi.<\/p>\n<p>Kaya, kedi villas\u0131na hafta i\u00e7i g\u00fcnde 500, hafta sonu ise binin \u00fczerinde ziyaret\u00e7i geldi\u011fini s\u00f6zlerine ekledi.<\/p>\n","protected":false},"excerpt":{"rendered":"<p>VAN Y\u00dcZ\u00dcNC\u00dc YIL \u00dcN\u0130VERS\u0130TES\u0130 (VAN YY\u00dc) B\u00dcNYES\u0130NDEK\u0130 KED\u0130 V\u0130LLASINDA KORUMA ALTINDA BULUNAN D\u00dcNYACA \u00dcNL\u00dc VAN KED\u0130LER\u0130N\u0130, YAZ SEZONU BOYUNCA ON B\u0130NLERCE YERL\u0130 VE YABANCI TUR\u0130ST Z\u0130YARET ETT\u0130.<\/p>\n","protected":false},"author":1,"featured_media":207445,"comment_status":"closed","ping_status":"open","sticky":false,"template":"","format":"standard","meta":{"jetpack_post_was_ever_published":false,"_jetpack_newsletter_access":"","_jetpack_dont_email_post_to_subs":false,"_jetpack_newsletter_tier_id":0,"_jetpack_memberships_contains_paywalled_content":false,"_jetpack_memberships_contains_paid_content":false,"footnotes":"","jetpack_publicize_message":"","jetpack_publicize_feature_enabled":true,"jetpack_social_post_already_shared":true,"jetpack_social_options":{"image_generator_settings":{"template":"highway","default_image_id":0,"font":"","enabled":false},"version":2}},"categories":[1],"tags":[8365,9392,35428,5590,1442,6267],"class_list":["post-207444","post","type-post","status-publish","format-standard","has-post-thumbnail","hentry","category-genel","tag-akini","tag-dunyaca","tag-kedilerine","tag-unlu","tag-van","tag-ziyaretci"],"jetpack_publicize_connections":[],"jetpack_featured_media_url":"https:\/\/i0.wp.com\/www.tvturk.com\/wp-content\/uploads\/2019\/09\/dunyaca-unlu-van-kedilerine-ziyaretci-akini_d4c6984.jpg?fit=1000%2C666","jetpack_sharing_enabled":true,"jetpack_shortlink":"https:\/\/wp.me\/paKIfm-RXS","_links":{"self":[{"href":"http:\/\/www.tvturk.com\/index.php\/wp-json\/wp\/v2\/posts\/207444","targetHints":{"allow":["GET"]}}],"collection":[{"href":"http:\/\/www.tvturk.com\/index.php\/wp-json\/wp\/v2\/posts"}],"about":[{"href":"http:\/\/www.tvturk.com\/index.php\/wp-json\/wp\/v2\/types\/post"}],"author":[{"embeddable":true,"href":"http:\/\/www.tvturk.com\/index.php\/wp-json\/wp\/v2\/users\/1"}],"replies":[{"embeddable":true,"href":"http:\/\/www.tvturk.com\/index.php\/wp-json\/wp\/v2\/comments?post=207444"}],"version-history":[{"count":0,"href":"http:\/\/www.tvturk.com\/index.php\/wp-json\/wp\/v2\/posts\/207444\/revisions"}],"wp:featuredmedia":[{"embeddable":true,"href":"http:\/\/www.tvturk.com\/index.php\/wp-json\/wp\/v2\/media\/207445"}],"wp:attachment":[{"href":"http:\/\/www.tvturk.com\/index.php\/wp-json\/wp\/v2\/media?parent=207444"}],"wp:term":[{"taxonomy":"category","embeddable":true,"href":"http:\/\/www.tvturk.com\/index.php\/wp-json\/wp\/v2\/categories?post=207444"},{"taxonomy":"post_tag","embeddable":true,"href":"http:\/\/www.tvturk.com\/index.php\/wp-json\/wp\/v2\/tags?post=207444"}],"curies":[{"name":"wp","href":"https:\/\/api.w.org\/{rel}","templated":true}]}}