{"id":207493,"date":"2019-09-25T11:32:41","date_gmt":"2019-09-25T08:32:41","guid":{"rendered":"http:\/\/www.tvturk.com\/index.php\/tarihte-bir-ilki-basarmak-icin-calisiyorlar\/"},"modified":"2019-09-25T11:32:41","modified_gmt":"2019-09-25T08:32:41","slug":"tarihte-bir-ilki-basarmak-icin-calisiyorlar","status":"publish","type":"post","link":"http:\/\/www.tvturk.com\/index.php\/tarihte-bir-ilki-basarmak-icin-calisiyorlar\/","title":{"rendered":"Tarihte bir ilki ba\u015farmak i\u00e7in \u00e7al\u0131\u015f\u0131yorlar"},"content":{"rendered":"<p>Olimpiyatlara gidecek tak\u0131mlar\u0131n belirlenece\u011fi d\u00fcnya \u015fampiyonas\u0131 i\u00e7in Mersin\u2019de kampa giren Artistik Cimnastik B\u00fcy\u00fck Erkekler ve Kad\u0131nlar Milli Tak\u0131m\u0131, \u00e7al\u0131\u015fmalar\u0131n\u0131 s\u00fcrd\u00fcr\u00fcyor. Ekim ay\u0131nda Almanya\u2019da yap\u0131lacak olan yar\u0131\u015fmaya haz\u0131rlanan sporcular, burada ba\u015far\u0131 elde ederek T\u00fcrkiye Cumhuriyeti tarihinde ilk defa tak\u0131m olarak olimpiyatlara gitmek istiyor.<\/p>\n<p>16 Eyl\u00fcl\u2019de kampa giren Milli Tak\u0131m, Mersin Olimpik Cimnastik Salonu\u2019nda g\u00fcnde \u00e7ift idman yaparak \u00e7al\u0131\u015fmalar\u0131n\u0131 s\u00fcrd\u00fcr\u00fcyor. 3-14 Ekim 2019 tarihleri aras\u0131nda Almanya\u2019n\u0131n Stuttgart kentinde yap\u0131lacak olan ve olimpiyatlara kat\u0131lacak tak\u0131mlar\u0131n belirlenece\u011fi Artistik Cimnastik D\u00fcnya \u015eampiyonas\u0131 haz\u0131rl\u0131klar\u0131n\u0131 s\u00fcrd\u00fcren sporcular, \u00f6zellikle erkeklerde ilk 12\u2019ye girerek tak\u0131m halinde olimpiyatlara gitmek istiyor. Bu yar\u0131\u015fmada erkek sporcular ba\u015far\u0131 elde eder ve tak\u0131m olarak olimpiyatlara gitme \u015fans\u0131n\u0131 elde ederse, T\u00fcrkiye Cumhuriyeti tarihinde olimpiyatlara ilk defa tak\u0131m halinde gidilecek. Kad\u0131nlarda ise bir ki\u015finin kat\u0131laca\u011f\u0131 olimpiyatlar i\u00e7in 3 sporcu \u00e7al\u0131\u015fmalar\u0131n\u0131 s\u00fcrd\u00fcr\u00fcrken, elde edilecek ba\u015far\u0131yla bir sporcunun olimpiyatlara kat\u0131l\u0131p, ba\u015far\u0131 elde etmesi hedefleniyor.<\/p>\n<p>G\u00f6ktekin: &#8220;\u0130lk 12\u2019ye rahat bir \u015fekilde girece\u011fimize inan\u0131yorum&#8221;<\/p>\n<p>Tak\u0131m\u0131n \u00e7al\u0131\u015fmalar\u0131 ve durumuyla ilgili gazetecilere a\u00e7\u0131klamalarda bulunan Artistik Cimnastik Milli Tak\u0131m\u0131 Antren\u00f6r\u00fc Y\u0131lmaz G\u00f6ktekin, bir ay \u00f6nce Mersin\u2019de d\u00fczenlenen d\u00fcnya kupas\u0131nda iyi sonu\u00e7lar ald\u0131klar\u0131n\u0131 s\u00f6yledi. Ard\u0131ndan Hollanda\u2019da 4 tak\u0131m\u0131n yer ald\u0131\u011f\u0131 bir turnuvaya kat\u0131ld\u0131klar\u0131n\u0131 kaydeden G\u00f6ktekin, &#8220;Oradaki rakiplerimiz Fransa, \u0130spanya ve Hollanda oldu. \u015eu anda bizim d\u00fcnyadaki en yak\u0131n rakiplerimiz onlar. Biz bu turnuvada rakiplerimizi ge\u00e7erek, ilk s\u0131rada yer ald\u0131k. Bu d\u00fcnya \u015fampiyonas\u0131na haz\u0131r oldu\u011fumuzun bir g\u00f6stergesiydi. \u00c7\u00fcnk\u00fc uzun s\u00fcreli bir kamp d\u00f6nemi ge\u00e7irdik. \u015eu anda bizim son kamp\u0131m\u0131z. Yakla\u015f\u0131k 4 g\u00fcn sonra d\u00fcnya \u015fampiyonas\u0131 i\u00e7in Almanya\u2019ya gidece\u011fiz. Bir \u00f6nceki d\u00fcnya \u015fampiyonas\u0131nda ilk 15\u2019e girmi\u015ftik ama bu bize yeterli gelmedi. Burada ilk 12\u2019ye girme hedefimiz var. Sporcular ve biz haz\u0131r\u0131z. \u00c7ok iyi bir tak\u0131m olu\u015fturdu\u011fumuzu d\u00fc\u015f\u00fcn\u00fcyorum. Bu tak\u0131m ola\u011fan\u00fcst\u00fc bir durum olmad\u0131k\u00e7a o d\u00fcnya \u015fampiyonas\u0131nda ilk 12\u2019ye rahat bir \u015fekilde girece\u011fine inan\u0131yorum. T\u00fcm sporculara y\u00fcrekten inan\u0131yorum. Olimpiyat kotas\u0131n\u0131 tak\u0131m olarak alaca\u011f\u0131m\u0131za inan\u0131yorum&#8221; dedi.<\/p>\n<p>Ahmet \u00d6nder: &#8220;Tarihte ilk defa olimpiyatlara tak\u0131m halinde kat\u0131lmay\u0131 hedefliyoruz&#8221;<\/p>\n<p>Milli sporcu Ahmet \u00d6nder ise 15 y\u0131ld\u0131r bu sporla u\u011fra\u015ft\u0131\u011f\u0131n\u0131 s\u00f6yledi. Mersin\u2019deki d\u00fcnya kupas\u0131nda 3 tane madalya ald\u0131\u011f\u0131n\u0131 kaydeden \u00d6nder, &#8220;Bunun i\u00e7in \u00e7ok mutluyum, g\u00fczel bir haz\u0131rl\u0131k s\u00fcreci ge\u00e7irdik. Yine Mersin\u2019de kamptay\u0131z. \u015eimdi \u00f6n\u00fcm\u00fczde d\u00fcnya \u015fampiyonas\u0131 var. Bizim i\u00e7in bunun \u00f6nemi tarihte ilk defa buraya tak\u0131m halinde kat\u0131lmay\u0131 hedefliyoruz. Bunu da ba\u015faracak potansiyelimiz var. Tak\u0131m arkada\u015flar\u0131m\u0131zla bunu ba\u015faraca\u011f\u0131m\u0131za g\u00f6n\u00fclden inan\u0131yorum. Hedefimiz ger\u00e7ekle\u015ftirmek i\u00e7in son bir hafta kald\u0131. Burada ger\u00e7ekten \u00e7ok \u00e7al\u0131\u015ft\u0131k. \u015eimdi de \u00e7al\u0131\u015fmalar\u0131m\u0131z\u0131n kar\u015f\u0131l\u0131\u011f\u0131n\u0131 almak istiyoruz. E\u011fer bu ba\u015far\u0131y\u0131 ger\u00e7ekle\u015ftirirsek tarihte bir ilk olaca\u011f\u0131 i\u00e7in bizim i\u00e7in \u00f6nemli bir gurur olacak. Ayn\u0131 zamanda T\u00fcrk cimnasti\u011fi ad\u0131na da g\u00fczel bir ba\u015far\u0131 olacak. 2-3 ayd\u0131r haz\u0131rl\u0131k s\u00fcreci i\u00e7indeyiz. Kamplardan sonra ara ara yar\u0131\u015fmalara gittik. Tak\u0131m halinde birinciliklerimiz oldu. Bireysel olarak derecelerimiz oldu. \u0130yi \u00e7al\u0131\u015ft\u0131\u011f\u0131m\u0131z\u0131, iyi haz\u0131rland\u0131\u011f\u0131m\u0131z\u0131 d\u00fc\u015f\u00fcn\u00fcyoruz. Art\u0131k her \u015fey tamam. D\u00fcnya \u015fampiyonas\u0131nda yar\u0131\u015fmak i\u00e7in zaman\u0131n gelmesini bekliyoruz&#8221; ifadelerini kulland\u0131.<\/p>\n<p>\u00c7olak: &#8220;Herkes inanm\u0131\u015f \u015fekilde \u00e7al\u0131\u015fmaya devam ediyor&#8221;<\/p>\n<p>Milli sporcu \u0130brahim \u00c7olak da 19 y\u0131ld\u0131r bu sporu yapt\u0131\u011f\u0131n\u0131 vurgulayarak, &#8220;\u00c7al\u0131\u015fmalar\u0131m\u0131za son h\u0131zla devam ediyoruz. \u015eu anda Mersin\u2019de son kamp\u0131m\u0131zday\u0131z. Art\u0131k son haz\u0131rl\u0131klar\u0131m\u0131z\u0131 yap\u0131yoruz. Zorlu bir kamp s\u00fcreci ge\u00e7iyor. Bu zorlanmalar\u0131m\u0131z\u0131n kar\u015f\u0131l\u0131\u011f\u0131n\u0131 d\u00fcnya \u015fampiyonas\u0131nda elde edece\u011fimiz derece ve ba\u015far\u0131larla g\u00f6sterece\u011fimize inan\u0131yorum. Bu d\u00fcnya \u015fampiyonas\u0131n\u0131n \u00f6nemi Tokyo 2020 Olimpiyatlar\u0131\u2019na gidecek tak\u0131mlar\u0131n burada belli olacak olmas\u0131. Bizim de hedefimiz tak\u0131m halinde olimpiyatlara gidebilmek. Bu y\u00fczden en iyi 12 \u00fclke aras\u0131na girip, tak\u0131m halinde olimpiyatlara gitme kotas\u0131 almaya \u00e7al\u0131\u015faca\u011f\u0131z. Herkes buna inanm\u0131\u015f \u015fekilde \u00e7al\u0131\u015fmaya devam ediyor. Ben iyi \u015feyler olaca\u011f\u0131na inan\u0131yorum. \u00d6nce tak\u0131m hedefimiz, ondan sonra da bireysel hedefimiz var. G\u00fczey \u015feyler elde edece\u011fimize inan\u0131yorum&#8221; diye konu\u015ftu.<\/p>\n<p>\u00dc\u00e7ta\u015f: &#8220;Umar\u0131m i\u00e7imizden en az bir kad\u0131n olimpiyat kotas\u0131 alacak&#8221;<\/p>\n<p>Kad\u0131n milli sporcu G\u00f6ksu \u00dc\u00e7ta\u015f, 24 y\u0131ld\u0131r bu sporla ilgilendi\u011fini kaydetti. 16 Eyl\u00fcl\u2019den beri Mersin\u2019de kampta olduklar\u0131n\u0131 dile getiren \u00dc\u00e7ta\u015f, &#8220;D\u00fcnya \u015fampiyonas\u0131 i\u00e7in antrenmanlar\u0131m\u0131z son h\u0131zla devam ediyor. 2020 Tokyo Olimpiyat oyunlar\u0131 i\u00e7in kota pe\u015finde ko\u015faca\u011f\u0131z. Umar\u0131m her \u015fey istedi\u011fimiz gibi olur. Kad\u0131nlarda her ne kadar bireyselde tek kota alacak olsak da burada bir tak\u0131m i\u00e7erisinde \u00e7ok g\u00fczel antrenmanlar\u0131m\u0131z devam ediyor. Antrenmanlar\u0131m\u0131z \u00e7ok s\u0131k\u0131 bir \u015fekilde devam ediyor. Yorucu ama bir o kadar heyecanl\u0131y\u0131z. Umar\u0131m 2020 olimpiyat oyunlar\u0131nda i\u00e7imizden en az bir kad\u0131n sporcu olimpiyat kotas\u0131 alacak&#8221; dedi.<\/p>\n<p>Almanya\u2019da yap\u0131lacak Artistik Cimnastik D\u00fcnya \u015eampiyonas\u0131\u2019nda T\u00fcrkiye\u2019yi kad\u0131nlarda G\u00f6ksu \u00dc\u00e7ta\u015f \u015eanl\u0131, Tutya Y\u0131lmaz ve Nazl\u0131 Savranba\u015f\u0131, erkeklerde ise Ferhat Ar\u0131can, Ahmet \u00d6nder, \u0130brahim \u00c7olak, Yunus Emre G\u00fcndo\u011fdu ve Mustafa Arca temsil edecek.<\/p>\n","protected":false},"excerpt":{"rendered":"<p>OL\u0130MP\u0130YATLARA G\u0130DECEK TAKIMLARIN BEL\u0130RLENECE\u011e\u0130 D\u00dcNYA \u015eAMP\u0130YONASI \u0130\u00c7\u0130N MERS\u0130N\u2019DE KAMPA G\u0130REN ART\u0130ST\u0130K C\u0130MNAST\u0130K B\u00dcY\u00dcK ERKEKLER VE KADINLAR M\u0130LL\u0130 TAKIMI, \u00c7ALI\u015eMALARINI S\u00dcRD\u00dcR\u00dcYOR. EK\u0130M AYINDA ALMANYA\u2019DA YAPILACAK OLAN YARI\u015eMAYA HAZIRLANAN SPORCULAR, BURADA BA\u015eARI ELDE EDEREK T\u00dcRK\u0130YE CUMHUR\u0130YET\u0130 TAR\u0130H\u0130NDE \u0130LK DEFA TAKIM OLARAK OL\u0130MP\u0130YATLARA G\u0130TMEK \u0130ST\u0130YOR.<\/p>\n","protected":false},"author":1,"featured_media":207494,"comment_status":"closed","ping_status":"open","sticky":false,"template":"","format":"standard","meta":{"jetpack_post_was_ever_published":false,"_jetpack_newsletter_access":"","_jetpack_dont_email_post_to_subs":false,"_jetpack_newsletter_tier_id":0,"_jetpack_memberships_contains_paywalled_content":false,"_jetpack_memberships_contains_paid_content":false,"footnotes":"","jetpack_publicize_message":"","jetpack_publicize_feature_enabled":true,"jetpack_social_post_already_shared":true,"jetpack_social_options":{"image_generator_settings":{"template":"highway","default_image_id":0,"font":"","enabled":false},"version":2}},"categories":[657],"tags":[23992,125,23875,44,2481,23991],"class_list":["post-207493","post","type-post","status-publish","format-standard","has-post-thumbnail","hentry","category-spor","tag-basarmak","tag-bir","tag-calisiyorlar","tag-icin","tag-ilki","tag-tarihte"],"jetpack_publicize_connections":[],"jetpack_featured_media_url":"https:\/\/i0.wp.com\/www.tvturk.com\/wp-content\/uploads\/2019\/09\/tarihte-bir-ilki-basarmak-icin-calisiyorlar_d1da254.jpg?fit=1000%2C666","jetpack_sharing_enabled":true,"jetpack_shortlink":"https:\/\/wp.me\/paKIfm-RYF","_links":{"self":[{"href":"http:\/\/www.tvturk.com\/index.php\/wp-json\/wp\/v2\/posts\/207493","targetHints":{"allow":["GET"]}}],"collection":[{"href":"http:\/\/www.tvturk.com\/index.php\/wp-json\/wp\/v2\/posts"}],"about":[{"href":"http:\/\/www.tvturk.com\/index.php\/wp-json\/wp\/v2\/types\/post"}],"author":[{"embeddable":true,"href":"http:\/\/www.tvturk.com\/index.php\/wp-json\/wp\/v2\/users\/1"}],"replies":[{"embeddable":true,"href":"http:\/\/www.tvturk.com\/index.php\/wp-json\/wp\/v2\/comments?post=207493"}],"version-history":[{"count":0,"href":"http:\/\/www.tvturk.com\/index.php\/wp-json\/wp\/v2\/posts\/207493\/revisions"}],"wp:featuredmedia":[{"embeddable":true,"href":"http:\/\/www.tvturk.com\/index.php\/wp-json\/wp\/v2\/media\/207494"}],"wp:attachment":[{"href":"http:\/\/www.tvturk.com\/index.php\/wp-json\/wp\/v2\/media?parent=207493"}],"wp:term":[{"taxonomy":"category","embeddable":true,"href":"http:\/\/www.tvturk.com\/index.php\/wp-json\/wp\/v2\/categories?post=207493"},{"taxonomy":"post_tag","embeddable":true,"href":"http:\/\/www.tvturk.com\/index.php\/wp-json\/wp\/v2\/tags?post=207493"}],"curies":[{"name":"wp","href":"https:\/\/api.w.org\/{rel}","templated":true}]}}