{"id":207513,"date":"2019-09-25T12:02:55","date_gmt":"2019-09-25T09:02:55","guid":{"rendered":"http:\/\/www.tvturk.com\/index.php\/btso-ve-nigde-tso-is-birligi-protokolu-imzaladi\/"},"modified":"2019-09-25T12:02:55","modified_gmt":"2019-09-25T09:02:55","slug":"btso-ve-nigde-tso-is-birligi-protokolu-imzaladi","status":"publish","type":"post","link":"http:\/\/www.tvturk.com\/index.php\/btso-ve-nigde-tso-is-birligi-protokolu-imzaladi\/","title":{"rendered":"BTSO ve Ni\u011fde TSO i\u015f birli\u011fi protokol\u00fc imzalad\u0131"},"content":{"rendered":"<p>Bursa Ticaret ve Sanayi Odas\u0131\u2019n\u0131n (BTSO) m\u00fc\u015fterek komiteler ve eyl\u00fcl ay\u0131 ola\u011fan meclis toplant\u0131s\u0131 yap\u0131ld\u0131. BTSO Y\u00f6netim Kurulu Ba\u015fkan\u0131 \u0130brahim Burkay, \u201cBursa gibi \u015fehirlerimizin say\u0131s\u0131n\u0131 ve g\u00fcc\u00fcn\u00fc art\u0131rarak ekonomideki k\u0131r\u0131lganl\u0131klar\u0131 ortadan kald\u0131rabiliriz\u201d dedi.<\/p>\n<p>Oda hizmet binas\u0131ndaki toplant\u0131lara Ni\u011fde Valisi Y\u0131lmaz \u015eim\u015fek, Ni\u011fde Belediye Ba\u015fkan\u0131 Emrah \u00d6zdemir ve Ni\u011fde TSO Ba\u015fkan\u0131 \u015eevket Kat\u0131rc\u0131o\u011flu da kat\u0131ld\u0131. Ni\u011fde\u2019deki yat\u0131r\u0131m ve i\u015f birlikleri f\u0131rsatlar\u0131n\u0131n da de\u011ferlendirildi\u011fi ve Ni\u011fde TSO ile BTSO aras\u0131snda i\u015fbirli\u011fi protokol\u00fcn\u00fcn imzaland\u0131\u011f\u0131 toplant\u0131da konu\u015fan \u0130brahim Burkay, \u00fcretim merkezleri aras\u0131ndaki sinerjinin T\u00fcrkiye\u2019nin kalk\u0131nma hedeflerine g\u00fc\u00e7 katt\u0131\u011f\u0131n\u0131 s\u00f6yledi. T\u00fcrkiye\u2019nin kritik virajlardan ge\u00e7ti\u011fi bir d\u00f6nemde i\u015f d\u00fcnyas\u0131 olarak ekonomideki hedeflere katk\u0131 vermeye devam ettiklerini ifade eden Burkay, \u201c\u00dclkemizin gelece\u011fine g\u00fcveniyoruz. Yat\u0131r\u0131m hedeflerimizden, \u00fcretimden ve ihracattan vazge\u00e7me \u015fans\u0131m\u0131z yok. \u00dcrettik\u00e7e g\u00fc\u00e7lenecek, g\u00fc\u00e7lendik\u00e7e b\u00fcy\u00fcyecek bir T\u00fcrkiye i\u00e7in azimle \u00e7al\u0131\u015fmaya devam edece\u011fiz. BTSO olarak i\u015f d\u00fcnyam\u0131zdan ald\u0131\u011f\u0131m\u0131z g\u00fc\u00e7le sekt\u00f6rlerimizin b\u00fcy\u00fcme hamlesine destek sa\u011flamay\u0131 s\u00fcrd\u00fcrece\u011fiz\u201d diye konu\u015ftu.<\/p>\n<p>Bursa\u2019da sanayiin gerek \u015fehir ekonomisine y\u00fczde 46\u2019ya ula\u015fan katk\u0131s\u0131, gerekse de 15 milyar dolara ula\u015fan rekor ihracat\u0131 ve 6 milyar dolarl\u0131k d\u0131\u015f ticaret fazlas\u0131yla T\u00fcrkiye hedeflerinde lider oldu\u011funa i\u015faret eden \u0130brahim Burkay,  T\u00fcrkiye ekonomisinde k\u0131r\u0131lganl\u0131klar\u0131 geride b\u0131rakman\u0131n yolunun Bursa gibi \u015fehirlerin say\u0131s\u0131n\u0131 ve g\u00fcc\u00fcn\u00fc art\u0131rmaktan ge\u00e7ti\u011fini ifade etti. \u0130brahim Burkay, \u201cMerkezinde Bursam\u0131z\u0131n bulundu\u011fu Marmara havzas\u0131n\u0131n mill\u00ee kalk\u0131nma hedeflerimize ula\u015fmam\u0131z ad\u0131na \u00f6nemli bir rol oynayaca\u011f\u0131 ortadad\u0131r. Ekonomi y\u00f6netimimiz ald\u0131\u011f\u0131 tedbirler ve a\u00e7\u0131klad\u0131\u011f\u0131 destek paketleriyle i\u015f d\u00fcnyam\u0131z\u0131n yan\u0131nda oldu\u011funu bizlere her d\u00f6nemde hissettiriyor. Y\u00fcksek teknolojiye ge\u00e7i\u015fimizde AR-GE ve inovasyon yat\u0131r\u0131mlar\u0131n\u0131n art\u0131r\u0131lmas\u0131, startuplar\u0131 b\u00fcy\u00fctebilmek ve unicorn giri\u015fimler \u00e7\u0131karabilmek i\u00e7in melek yat\u0131r\u0131mc\u0131l\u0131k fonlar\u0131n\u0131n te\u015fvik edilmesi yeni ekonomi modelinde g\u00fc\u00e7l\u00fc bir at\u0131l\u0131m s\u00fcrecinin de belirleyicisi olacakt\u0131r. Bursa, i\u015f d\u00fcnyas\u0131n\u0131n destekleriyle g\u00fcn\u00fc kurtarmak yerine gelece\u011fini bug\u00fcnden kurgulayan bir \u015fehir kimli\u011fine kavu\u015ftu. T\u00fcm g\u00fc\u00e7l\u00fcklere ra\u011fmen kenti ve \u00fclkesi i\u00e7in azimle \u00e7al\u0131\u015fan t\u00fcm i\u015f d\u00fcnyas\u0131 temsilcilerimizi y\u00fcrekten tebrik ediyorum\u201d dedi.<\/p>\n<p>BTSO Meclis Ba\u015fkan\u0131 Ali U\u011fur, ekonomik ve toplumsal kalk\u0131nmadaki ba\u015far\u0131n\u0131n yerel ve b\u00f6lgesel kalk\u0131nmay\u0131 sa\u011flamakla m\u00fcmk\u00fcn olabilece\u011fini belirterek, \u201cBursa, sanayide, ticarette, \u00fcretimde, ihracatta, e\u011fitimde ve daha pek \u00e7ok alanda \u00fclkemizin \u00f6nde gelen merkezlerinden biri konumunda. Odam\u0131z Anadolu ba\u015fta olmak \u00fczere, d\u00fcnyan\u0131n d\u00f6rt bir yan\u0131nda i\u015f insanlar\u0131yla bir araya gelerek, \u00fclkemizin ortak hedefleri do\u011frultusunda \u00e7al\u0131\u015fmaya devam ediyor\u201d diye konu\u015ftu.<\/p>\n<p>\u201cNi\u011fde Kimya OSB hayata ge\u00e7iyor\u201d<\/p>\n<p>Ni\u011fde Valisi Y\u0131lmaz \u015eim\u015fek, Ni\u011fde ekonomisi ve yeni kurulacak Kimya OSB hakk\u0131nda a\u00e7\u0131klamalarda bulundu. Bursa Ticaret ve Sanayi Odas\u0131\u2019na ev sahipli\u011finden dolay\u0131 te\u015fekk\u00fcr eden \u015eim\u015fek, \u201cYat\u0131r\u0131m ve \u00fcretimdeki s\u00fcreklilik \u00f6nemli iki konu. Bunu ba\u015far\u0131rsak ekonomimizi sa\u011flam temellere oturturuz. Bursa ve Ni\u011fde 2013 y\u0131l\u0131ndan bu yana karde\u015f \u015fehir. Karde\u015f \u015fehir olmak her anlamda yard\u0131mla\u015fma ve dayan\u0131\u015fmay\u0131 gerektirir. Ni\u011fde, tar\u0131m\u0131n end\u00fcstrile\u015fmesi noktas\u0131nda \u00f6nemli f\u0131rsatlar sunuyor. \u015eu anda Kimya \u0130htisas OSB\u2019yi kuruyoruz. \u00d6n talepleri toplad\u0131\u011f\u0131m\u0131z Ni\u011fde Kimya OSB, 730 hektarl\u0131k alana sahiptir. B\u00f6lgede 8 bin ki\u015finin istihdam edilmesini hedefliyoruz. Bu alan kamu arazisi oldu\u011fu i\u00e7in kamula\u015ft\u0131rma bedeli \u00f6denmeyecek, yat\u0131r\u0131mc\u0131lar i\u00e7in c\u00fczi bir arazi bedeli ortaya \u00e7\u0131kacak. Bursa ile Ni\u011fde aras\u0131nda yeni i\u015fbirli\u011fi k\u00f6pr\u00fclerinin kurulmas\u0131n\u0131 hedefliyoruz.\u201d dedi.<\/p>\n<p>Ni\u011fde Belediye Ba\u015fkan\u0131 Emrah \u00d6zdemir, Bursa ile Ni\u011fde aras\u0131ndaki karde\u015flik k\u00f6pr\u00fcs\u00fcn\u00fcn sanayi ve ticaret alan\u0131nda daha g\u00fc\u00e7l\u00fc olmas\u0131n\u0131 hedeflediklerini belirterek, \u201cNi\u011fde\u2019ye yat\u0131r\u0131m yap\u0131lmas\u0131 konusunda i\u015f insanlar\u0131m\u0131z\u0131n emrindeyiz. Bursa bizim i\u00e7in model bir \u015fehir. Bursa gibi karde\u015f \u015fehrimiz oldu\u011fundan dolay\u0131 \u00e7ok \u015fansl\u0131y\u0131z.\u201d ifadelerini kulland\u0131.<\/p>\n<p>Ni\u011fde Ticaret ve Sanayi Odas\u0131 Ba\u015fkan\u0131 \u015eevket Kat\u0131rc\u0131o\u011flu ise BTSO ve Ni\u011fde TSO aras\u0131nda yap\u0131lan protokol\u00fcn iki kent i\u00e7in hay\u0131rl\u0131 olmas\u0131n\u0131 dileyerek, \u201cBu protokol iki oda aras\u0131nda ileti\u015fimi daha da g\u00fc\u00e7lendirecektir. Bu birliktelikten g\u00fczel sonu\u00e7lar \u00e7\u0131kacakt\u0131r\u201d \u015feklinde konu\u015ftu.<\/p>\n<p>A\u00e7\u0131l\u0131\u015f konu\u015fmalar\u0131n\u0131n ard\u0131ndan Ni\u011fde\u2019nin yat\u0131r\u0131m imk\u00e2nlar\u0131na d\u00e2ir bilgilendirme yap\u0131ld\u0131. Daha sonra ise BTSO ve Ni\u011fde TSO aras\u0131nda i\u015f birli\u011fi protokol\u00fc yap\u0131ld\u0131. Protokol\u00fc, BTSO Y\u00f6netim Kurulu Ba\u015fkan\u0131 \u0130brahim Burkay ve Ni\u011fde TSO Ba\u015fkan\u0131 \u015eevket Kat\u0131rc\u0131o\u011flu imzalad\u0131.<\/p>\n","protected":false},"excerpt":{"rendered":"<p>BURSA T\u0130CARET VE SANAY\u0130 ODASI\u2019NIN (BTSO) M\u00dc\u015eTEREK KOM\u0130TELER VE EYL\u00dcL AYI OLA\u011eAN MECL\u0130S TOPLANTISI YAPILDI. BTSO Y\u00d6NET\u0130M KURULU BA\u015eKANI \u0130BRAH\u0130M BURKAY, \u201cBURSA G\u0130B\u0130 \u015eEH\u0130RLER\u0130M\u0130Z\u0130N SAYISINI VE G\u00dcC\u00dcN\u00dc ARTIRARAK EKONOM\u0130DEK\u0130 KIRILGANLIKLARI ORTADAN KALDIRAB\u0130L\u0130R\u0130Z\u201d DED\u0130.<\/p>\n","protected":false},"author":1,"featured_media":207514,"comment_status":"closed","ping_status":"open","sticky":false,"template":"","format":"standard","meta":{"jetpack_post_was_ever_published":false,"_jetpack_newsletter_access":"","_jetpack_dont_email_post_to_subs":false,"_jetpack_newsletter_tier_id":0,"_jetpack_memberships_contains_paywalled_content":false,"_jetpack_memberships_contains_paid_content":false,"footnotes":"","jetpack_publicize_message":"","jetpack_publicize_feature_enabled":true,"jetpack_social_post_already_shared":true,"jetpack_social_options":{"image_generator_settings":{"template":"highway","default_image_id":0,"font":"","enabled":false},"version":2}},"categories":[1],"tags":[668,10192,2317,432,13938,2891,9490],"class_list":["post-207513","post","type-post","status-publish","format-standard","has-post-thumbnail","hentry","category-genel","tag-birligi","tag-btso","tag-imzaladi","tag-is","tag-nigde","tag-protokolu","tag-tso"],"jetpack_publicize_connections":[],"jetpack_featured_media_url":"https:\/\/i0.wp.com\/www.tvturk.com\/wp-content\/uploads\/2019\/09\/btso-ve-nigde-tso-is-birligi-protokolu-imzaladi_29eae7a.jpg?fit=1000%2C926","jetpack_sharing_enabled":true,"jetpack_shortlink":"https:\/\/wp.me\/paKIfm-RYZ","_links":{"self":[{"href":"http:\/\/www.tvturk.com\/index.php\/wp-json\/wp\/v2\/posts\/207513","targetHints":{"allow":["GET"]}}],"collection":[{"href":"http:\/\/www.tvturk.com\/index.php\/wp-json\/wp\/v2\/posts"}],"about":[{"href":"http:\/\/www.tvturk.com\/index.php\/wp-json\/wp\/v2\/types\/post"}],"author":[{"embeddable":true,"href":"http:\/\/www.tvturk.com\/index.php\/wp-json\/wp\/v2\/users\/1"}],"replies":[{"embeddable":true,"href":"http:\/\/www.tvturk.com\/index.php\/wp-json\/wp\/v2\/comments?post=207513"}],"version-history":[{"count":0,"href":"http:\/\/www.tvturk.com\/index.php\/wp-json\/wp\/v2\/posts\/207513\/revisions"}],"wp:featuredmedia":[{"embeddable":true,"href":"http:\/\/www.tvturk.com\/index.php\/wp-json\/wp\/v2\/media\/207514"}],"wp:attachment":[{"href":"http:\/\/www.tvturk.com\/index.php\/wp-json\/wp\/v2\/media?parent=207513"}],"wp:term":[{"taxonomy":"category","embeddable":true,"href":"http:\/\/www.tvturk.com\/index.php\/wp-json\/wp\/v2\/categories?post=207513"},{"taxonomy":"post_tag","embeddable":true,"href":"http:\/\/www.tvturk.com\/index.php\/wp-json\/wp\/v2\/tags?post=207513"}],"curies":[{"name":"wp","href":"https:\/\/api.w.org\/{rel}","templated":true}]}}