{"id":207535,"date":"2019-09-25T13:02:21","date_gmt":"2019-09-25T10:02:21","guid":{"rendered":"http:\/\/www.tvturk.com\/index.php\/turkiyenin-en-buyuk-fotograf-festivali-basliyor\/"},"modified":"2019-09-25T13:02:21","modified_gmt":"2019-09-25T10:02:21","slug":"turkiyenin-en-buyuk-fotograf-festivali-basliyor","status":"publish","type":"post","link":"http:\/\/www.tvturk.com\/index.php\/turkiyenin-en-buyuk-fotograf-festivali-basliyor\/","title":{"rendered":"T\u00fcrkiye\u2019nin en b\u00fcy\u00fck foto\u011fraf festivali ba\u015fl\u0131yor"},"content":{"rendered":"<p>Bursa B\u00fcy\u00fck\u015fehir Belediyesi, Kent Konseyi ve BUFSAD taraf\u0131ndan d\u00fczenlenen Uluslararas\u0131 Foto\u011fraf Festivali (Fotofest), \u2018Hava, su, toprak&#8230; Do\u011faya d\u00f6n\u00fc\u015f\u2019 temas\u0131yla bu y\u0131l 4-13 Ekim tarihleri aras\u0131nda kap\u0131lar\u0131n\u0131 9. kez a\u00e7\u0131yor.<\/p>\n<p>Her y\u0131l, T\u00fcrkiye\u2019den ve d\u00fcnyadan 100\u2019den fazla foto\u011fraf sanat\u00e7\u0131s\u0131n\u0131 bir araya getiren Bursa Uluslararas\u0131 Foto\u011fraf Festivali, bu sene K\u00fclt\u00fcr ve Turizm Bakanl\u0131\u011f\u0131\u2019n\u0131n katk\u0131lar\u0131yla 4 Ekim tarihinde ba\u015fl\u0131yor. 13 Ekime kadar s\u00fcrecek olan festival kapsam\u0131nda sergilerin yan\u0131 s\u0131ra g\u00f6steriler, sanat\u00e7\u0131 konu\u015fmalar\u0131, ustalarla s\u00f6yle\u015fi, belgesel film g\u00f6sterimi ve portfolyo de\u011ferlendirmeleri gibi bir\u00e7ok yan faaliyet de d\u00fczenlenecek. Bursa Fotofest\u2019in mek\u00e2n\u0131 Merinos AKKM olacak.<\/p>\n<p>Fotofest 2019, Afrika konulu foto\u011fraflar\u0131 ile \u00fcnl\u00fc Nick Brandt, Kore\u2019nin do\u011fas\u0131n\u0131 al\u0131\u015f\u0131lmam\u0131\u015f bir duygu ile kar\u015f\u0131 kar\u015f\u0131ya getiren Park Jongwoo ba\u015fta olmak \u00fczere, Paolo Patrizi, Emerson Murakami, Mehran Cheraghchi Bazar gibi bir\u00e7ok yabanc\u0131 foto\u011fraf\u00e7\u0131n\u0131n eserlerini Bursa\u2019da a\u011f\u0131rlayacak. Meksika\u2019dan Alejandra Gomez Colorado, G\u00fcney Amerika foto\u011fraf\u00e7\u0131l\u0131\u011f\u0131 hakk\u0131nda bilgiler verecek. T\u00fcrkiye\u2019den Tansu G\u00fcrp\u0131nar ve S\u00fcha Derbent gibi d\u00fcnyada isim yapm\u0131\u015f foto\u011fraf\u00e7\u0131lar \u00e7al\u0131\u015fmalar\u0131n\u0131 payla\u015facak. Festivalde, 16 \u00fclkeden 230 foto\u011fraf\u00e7\u0131n\u0131n 200\u2019den fazla foto\u011fraf\u0131 165 sergide foto\u011fraf severlerle bulu\u015facak.<\/p>\n<p>Foto\u011fraf tutkunlar\u0131n\u0131n merakla bekledi\u011fi Bursa Fotofest\u2019in tan\u0131t\u0131m toplant\u0131s\u0131 Merinos G\u00f6lpark\u2019ta yap\u0131ld\u0131.  Toplant\u0131ya B\u00fcy\u00fck\u015fehir Belediye Ba\u015fkan\u0131 Alinur Akta\u015f, Bursa Kent Konseyi Ba\u015fkan\u0131 \u015eevket Orhan, Mimar Sinan G\u00fczel Sanatlar \u00dcniversitesi Foto\u011fraf B\u00f6l\u00fcm\u00fc \u00d6\u011fretim G\u00f6revlisi Kamil F\u0131rat ve Bursa Foto\u011fraf Sanat\u0131 Derne\u011fi Ba\u015fkan\u0131 Serpil Sava\u015f kat\u0131ld\u0131. Bursa\u2019n\u0131n pek \u00e7ok \u00f6zelli\u011fi b\u00fcnyesinde bar\u0131nd\u0131ran bir \u015fehir oldu\u011funu ifade eden Alinur Akta\u015f, \u201cBursa, yerel de\u011ferlerini evrensele d\u00f6n\u00fc\u015ft\u00fcrmeyi ba\u015faran \u015fehirlerden biridir. Bilindi\u011fi gibi sanat, g\u00fczelli\u011fin en \u00f6nemli ifadelerinden biridir. Sanat foto\u011frafla bulu\u015ftu\u011funda an\u0131 \u00f6l\u00fcms\u00fczle\u015ftirme f\u0131rsat\u0131 verir. Art\u0131k hayat\u0131m\u0131z\u0131n vazge\u00e7ilmez par\u00e7as\u0131 h\u00e2line gelen foto\u011frafa olan ilgi de her ge\u00e7en g\u00fcn art\u0131yor. Her k\u00f6\u015fesi ayr\u0131 bir g\u00fczelli\u011fe sahip Bursa ise foto\u011frafa g\u00f6n\u00fcl verenler i\u00e7in adeta bulunmaz bir kaynakt\u0131r. Bu y\u0131l da 9.\u2019sunu ger\u00e7ekle\u015ftirece\u011fimiz Fotofest ile yine d\u00fcnyan\u0131n d\u00f6rt bir yan\u0131nda foto\u011frafa g\u00f6n\u00fcl verenleri \u015fehrimizde bulu\u015fturuyoruz. D\u00fcnyan\u0131n say\u0131l\u0131 foto\u011fraf festivalleri aras\u0131na giren ve T\u00fcrkiye\u2019nin en b\u00fcy\u00fck foto\u011fraf etkinli\u011fi olan Bursa Fotofest\u2019in Bursa\u2019m\u0131z\u0131n \u00f6nemli markalar\u0131ndan biri oldu\u011funa inan\u0131yorum\u201d dedi.<\/p>\n<p>Kent Konseyi Ba\u015fkan\u0131 \u015eevket Orhan da bu uluslararas\u0131 festivalin, Bursa\u2019n\u0131n ve T\u00fcrkiye\u2019nin tan\u0131t\u0131m\u0131na katk\u0131 sa\u011flayaca\u011f\u0131n\u0131 dile getirdi.<\/p>\n<p>Fotofest, cuma g\u00fcn\u00fc saat 17.00\u2019da Cumhuriyet Caddesi\u2019nde d\u00fczenlenecek \u2018festival y\u00fcr\u00fcy\u00fc\u015f\u00fc\u2019 ile ba\u015flayacak ve ak\u015fam saat 19.00\u2019da ise Merinos AKKM Fuar Alan\u0131\u2019nda \u2018festival a\u00e7\u0131l\u0131\u015f\u0131 ve yar\u0131\u015fma \u00f6d\u00fcl t\u00f6reni\u2019 d\u00fczenlenecek.<\/p>\n","protected":false},"excerpt":{"rendered":"<p>BURSA B\u00dcY\u00dcK\u015eEH\u0130R BELED\u0130YES\u0130, KENT KONSEY\u0130 VE BUFSAD TARAFINDAN D\u00dcZENLENEN ULUSLARARASI FOTO\u011eRAF FEST\u0130VAL\u0130 (FOTOFEST), \u2018HAVA, SU, TOPRAK&#8230; DO\u011eAYA D\u00d6N\u00dc\u015e\u2019 TEMASIYLA BU YIL 4-13 EK\u0130M TAR\u0130HLER\u0130 ARASINDA KAPILARINI 9. KEZ A\u00c7IYOR.<\/p>\n","protected":false},"author":1,"featured_media":207536,"comment_status":"closed","ping_status":"open","sticky":false,"template":"","format":"standard","meta":{"jetpack_post_was_ever_published":false,"_jetpack_newsletter_access":"","_jetpack_dont_email_post_to_subs":false,"_jetpack_newsletter_tier_id":0,"_jetpack_memberships_contains_paywalled_content":false,"_jetpack_memberships_contains_paid_content":false,"footnotes":"","jetpack_publicize_message":"","jetpack_publicize_feature_enabled":true,"jetpack_social_post_already_shared":true,"jetpack_social_options":{"image_generator_settings":{"template":"highway","default_image_id":0,"font":"","enabled":false},"version":2}},"categories":[1],"tags":[1647,545,3400,5874,177],"class_list":["post-207535","post","type-post","status-publish","format-standard","has-post-thumbnail","hentry","category-genel","tag-basliyor","tag-buyuk","tag-festivali","tag-fotograf","tag-turkiyenin"],"jetpack_publicize_connections":[],"jetpack_featured_media_url":"https:\/\/i0.wp.com\/www.tvturk.com\/wp-content\/uploads\/2019\/09\/turkiyenin-en-buyuk-fotograf-festivali-basliyor_3e71ec3.jpg?fit=1000%2C667","jetpack_sharing_enabled":true,"jetpack_shortlink":"https:\/\/wp.me\/paKIfm-RZl","_links":{"self":[{"href":"http:\/\/www.tvturk.com\/index.php\/wp-json\/wp\/v2\/posts\/207535","targetHints":{"allow":["GET"]}}],"collection":[{"href":"http:\/\/www.tvturk.com\/index.php\/wp-json\/wp\/v2\/posts"}],"about":[{"href":"http:\/\/www.tvturk.com\/index.php\/wp-json\/wp\/v2\/types\/post"}],"author":[{"embeddable":true,"href":"http:\/\/www.tvturk.com\/index.php\/wp-json\/wp\/v2\/users\/1"}],"replies":[{"embeddable":true,"href":"http:\/\/www.tvturk.com\/index.php\/wp-json\/wp\/v2\/comments?post=207535"}],"version-history":[{"count":0,"href":"http:\/\/www.tvturk.com\/index.php\/wp-json\/wp\/v2\/posts\/207535\/revisions"}],"wp:featuredmedia":[{"embeddable":true,"href":"http:\/\/www.tvturk.com\/index.php\/wp-json\/wp\/v2\/media\/207536"}],"wp:attachment":[{"href":"http:\/\/www.tvturk.com\/index.php\/wp-json\/wp\/v2\/media?parent=207535"}],"wp:term":[{"taxonomy":"category","embeddable":true,"href":"http:\/\/www.tvturk.com\/index.php\/wp-json\/wp\/v2\/categories?post=207535"},{"taxonomy":"post_tag","embeddable":true,"href":"http:\/\/www.tvturk.com\/index.php\/wp-json\/wp\/v2\/tags?post=207535"}],"curies":[{"name":"wp","href":"https:\/\/api.w.org\/{rel}","templated":true}]}}