{"id":207553,"date":"2019-09-25T13:17:46","date_gmt":"2019-09-25T10:17:46","guid":{"rendered":"http:\/\/www.tvturk.com\/index.php\/milli-egitim-bakani-selcuk-rehberlik-hizmetlerine-yonelik-beklentilerin-karsilaniyor-olmasi-cok-onemli\/"},"modified":"2019-09-25T13:17:46","modified_gmt":"2019-09-25T10:17:46","slug":"milli-egitim-bakani-selcuk-rehberlik-hizmetlerine-yonelik-beklentilerin-karsilaniyor-olmasi-cok-onemli","status":"publish","type":"post","link":"http:\/\/www.tvturk.com\/index.php\/milli-egitim-bakani-selcuk-rehberlik-hizmetlerine-yonelik-beklentilerin-karsilaniyor-olmasi-cok-onemli\/","title":{"rendered":"Milli E\u011fitim Bakan\u0131 Sel\u00e7uk: &#8220;Rehberlik hizmetlerine y\u00f6nelik beklentilerin kar\u015f\u0131lan\u0131yor olmas\u0131 \u00e7ok \u00f6nemli\u201d"},"content":{"rendered":"<p>Milli E\u011fitim Bakan\u0131 Ziya Sel\u00e7uk, \u201cBiliyorsunuz 2023 E\u011fitim Vizyonunda rehberlik hizmetlerine y\u00f6nelik \u00e7ok b\u00fcy\u00fck bir beklenti vard\u0131. Bu beklentilerin bug\u00fcn kar\u015f\u0131lan\u0131yor olmas\u0131 benim i\u00e7in \u00e7ok \u00f6nemli. Bir taraftan da geriye dayal\u0131 y\u00f6netim kavram\u0131n\u0131 \u0131srarla vurgulamam\u0131z\u0131 ve bunun pe\u015finde oldu\u011fumuzun s\u00f6z konusu oldu\u011fu bir durumda var. Tam da bu a\u015famada veriye dayal\u0131 rehberlik hizmetlerinin y\u00fcr\u00fct\u00fclmesindeki bu alt yap\u0131 bizim sistemimizin uzun vadeli performans\u0131 a\u00e7\u0131s\u0131ndan \u00f6nemli\u201d dedi.<\/p>\n<p>Milli E\u011fitim Bakan\u0131 Ziya Sel\u00e7uk, Meyra Palace Hotel\u2019de d\u00fczenlenen Milli E\u011fitim Bakanl\u0131\u011f\u0131 (MEB) ve Birle\u015fmi\u015f Milletler \u00c7ocuklara Yard\u0131m Fonu (UNICEF) i\u015fbirli\u011finde y\u00fcr\u00fct\u00fclen \u201cRehberlik ve Ara\u015ft\u0131rma Merkezlerinin Kapsay\u0131c\u0131 E\u011fitim Hizmetleri Sunma A\u00e7\u0131s\u0131ndan Kapasitelerinin G\u00fc\u00e7lendirilmesi\u201d (RAMKEG) projesine kat\u0131ld\u0131. Projenin toplant\u0131s\u0131na Bakan Sel\u00e7uk\u2019un yan\u0131 s\u0131ra 81 il milli e\u011fitim m\u00fcd\u00fcr\u00fc, rehberlik ve ara\u015ft\u0131rma merkezi m\u00fcd\u00fcrleri, bakanl\u0131k temsilcileri ve payda\u015f kurumlar\u0131n temsilcileri kat\u0131ld\u0131.<\/p>\n<p>Projenin tan\u0131t\u0131m ve bilgilendirme toplant\u0131s\u0131na kat\u0131lan Milli E\u011fitim Bakan\u0131 Ziya Sel\u00e7uk, \u201cT\u00fcrk e\u011fitim tarihi a\u00e7\u0131s\u0131ndan \u00e7ok \u00f6nemli ad\u0131mlar\u0131n at\u0131ld\u0131\u011f\u0131 bir toplant\u0131y\u0131 ya\u015f\u0131yoruz. Bu ad\u0131mlar\u0131n en ba\u015f\u0131nda T\u00fcrkiye\u2019nin hep beklentisi olan; velilerin ve \u00f6\u011fretmenlerin, profesyonellerin beklentisi olan \u00e7ocuklar\u0131m\u0131z\u0131n y\u00f6neltilmesine ili\u015fkini onlara yap\u0131lacak rehberli\u011fe ili\u015fkin g\u00fc\u00e7l\u00fc bir alt yap\u0131n\u0131n kurulmas\u0131 beklentisi. Bu \u00e7al\u0131\u015fmalarla birlikte \u00f6zellikle rehberlik ara\u015ft\u0131rma merkezlerindeki psikolojik dan\u0131\u015fma ve rehber \u00f6\u011fretmenlerimizin e\u011fitsel, donan\u0131m ve yetkinlik olarak her t\u00fcrl\u00fc ihtiya\u00e7lar\u0131n\u0131n kar\u015f\u0131lanmas\u0131 son derece \u00f6nemli. Ama bu t\u00fcr bir rehberli\u011fin ve y\u00f6nlendirilmenin yap\u0131labilmesi ciddi anlamda e\u011fitimsel, yaz\u0131l\u0131msal, donan\u0131msal bir alt yap\u0131y\u0131 gerektiriyoruz. Bu \u00e7al\u0131\u015fman\u0131n ehemmiyeti burada yat\u0131yor. Bu \u00e7al\u0131\u015fmayla birlikte t\u00fcm rehberlik ara\u015ft\u0131rma merkezlerinin alt yap\u0131lar\u0131n\u0131n g\u00fc\u00e7lendirilmesi, burada \u00e7al\u0131\u015fan uzmanlar\u0131m\u0131z\u0131n yetkinliklerinin art\u0131r\u0131lmas\u0131 ve yaz\u0131l\u0131m deste\u011fiyle de veriye dayal\u0131 bir y\u00f6netimin olmas\u0131\u201d ifadelerini kulland\u0131.<\/p>\n<p>\u201cE-Rehberlik konusunu \u00e7ok \u00f6nemsiyoruz\u201d<\/p>\n<p>Bakan Sel\u00e7uk, e-rehberlik konusuna MEB\u2019in verdi\u011fi \u00f6nemden bahsederek, \u201cBiliyorsunuz 2023 E\u011fitim Vizyonunda rehberlik hizmetlerine y\u00f6nelik \u00e7ok b\u00fcy\u00fck bir beklenti vard\u0131. Bu beklentilerin bug\u00fcn kar\u015f\u0131lan\u0131yor olmas\u0131 benim i\u00e7in \u00e7ok \u00f6nemli. Bir taraftan da geriye dayal\u0131 y\u00f6netim kavram\u0131n\u0131 \u0131srarla vurgulamam\u0131z\u0131 ve bunun pe\u015finde oldu\u011fumuzun s\u00f6z konusu oldu\u011fu bir durumda var. Tam da bu a\u015famada veriye dayal\u0131 rehberlik hizmetlerinin y\u00fcr\u00fct\u00fclmesindeki bu alt yap\u0131 bizim sistemimizin uzun vadeli performans\u0131 a\u00e7\u0131s\u0131ndan \u00f6nemli. Rehberlik ara\u015ft\u0131rma merkezlerimizin g\u00fc\u00e7lendirilmesi konusundaki t\u00fcm \u00e7al\u0131\u015fmalar\u0131 videolarda izledik. Di\u011fer taraftan \u00f6nemli bir mesele de e-rehberlik meselesi. Biz, e-rehberlik konusunu \u00e7ok \u00f6nemsiyoruz. Hangi \u00f6\u011frencimizin, hangi becerisi, hangi ilgisi, hangi yetene\u011fi, hangi projesi; ne \u015fekilde yap\u0131ld\u0131, ne zaman yap\u0131ld\u0131 konusunda ve her bir \u00f6\u011frencimizin y\u0131llar i\u00e7inde izlenebilmesi i\u00e7in b\u00fct\u00fcn bu \u00e7al\u0131\u015fmalar\u0131n ne \u015fekilde ortaya konulaca\u011f\u0131 kay\u0131t alt\u0131na al\u0131nmas\u0131 laz\u0131m. Benim bir \u00f6\u011frencim ba\u015fka \u015fehirden gelse bile o \u00f6\u011frencimin ge\u00e7mi\u015f becerilerini, projelerini, yetene\u011finin hangi alanlarda oldu\u011funu bilebilmeliyim. Bu dijital alt yap\u0131 sayesinde \u00e7ocuklar\u0131n \u00f6\u011frenim hayat\u0131 boyunca izlenmesi konusunda imkan sa\u011fl\u0131yor. Bir \u00f6\u011frencinin ge\u00e7mi\u015fteki d\u00f6nemlerde hangi a\u015famalardan ge\u00e7ti\u011fini g\u00f6rmek; uzman arkada\u015flar, \u00f6\u011fretmenler ve veliler hakk\u0131nda \u00e7ok b\u00fcy\u00fck bir kaynak ortaya \u00e7\u0131k\u0131yor\u201d \u015feklinde konu\u015ftu.<\/p>\n<p>\u201cYenilenen i\u00e7eriklerle d\u00fcnyayla e\u015f g\u00fcd\u00fcml\u00fc bir \u015fekilde \u00e7al\u0131\u015fma y\u00fcr\u00fct\u00fcyoruz&#8221;<\/p>\n<p>Psiko Sosyal Deneyim konusunda da \u00f6nemli \u00e7al\u0131\u015fmalar y\u00fcr\u00fct\u00fcld\u00fc\u011f\u00fcn\u00fc ifade eden Sel\u00e7uk, \u201cBurada ele ald\u0131\u011f\u0131m\u0131z bir ba\u015fka konu da psiko sosyal destek konusu. Her zaman \u2018Afetlere haz\u0131rl\u0131kl\u0131 olmal\u0131y\u0131z, \u00e7ocuklar\u0131m\u0131z\u0131 haz\u0131rlamal\u0131y\u0131z\u2019 denir. Bunun hayata ge\u00e7irilmesi; T\u00fcrkiye\u2019nin sosyolojisinde, ekonomisinde, antropolojisinde ortaya \u00e7\u0131kan de\u011fi\u015fimlerin dikkate al\u0131nd\u0131\u011f\u0131 yeni bir perspektif s\u00f6z konusu olmal\u0131. \u00d6\u011fretmenlerimizin, \u00f6\u011frencilerimizin, velilerimizin birka\u00e7 dilde e\u011fitimini sa\u011flayan ve eri\u015fimi kolayla\u015ft\u0131ran her ilimizde ister T\u00fcrk \u00e7ocuklar\u0131n\u0131n ister Suriyeli ve di\u011fer \u00e7ocuklar\u0131n takibini sa\u011flayacak bir alt yap\u0131yla kar\u015f\u0131 kar\u015f\u0131ya geliyoruz. Yenilenen i\u00e7eriklerle d\u00fcnyayla e\u015f g\u00fcd\u00fcml\u00fc bir \u015fekilde \u00e7al\u0131\u015fmalar\u0131m\u0131z\u0131 y\u00fcr\u00fct\u00fcyoruz\u201d diye konu\u015ftu.<\/p>\n<p>\u201cBu bayra\u011f\u0131 y\u00fckseltecek olan sizlersiniz\u201d<\/p>\n<p>UNICEF\u2019in desteklerinden dolay\u0131 te\u015fekk\u00fcrlerini ileten Sel\u00e7uk, il m\u00fcd\u00fcrleri, okul m\u00fcd\u00fcrleri ve \u00f6\u011fretmenlere de bu konuda \u00e7ok i\u015f d\u00fc\u015ft\u00fc\u011f\u00fcn\u00fcn alt\u0131n\u0131 \u00e7izdi. Bakan Sel\u00e7uk, \u201cBiz Ankara\u2019da bu konular\u0131 konu\u015fuyoruz fakat as\u0131l i\u015fin yap\u0131ld\u0131\u011f\u0131 yer bizim illerimiz ve okullar\u0131m\u0131z. Tam da burada \u0130l M\u00fcd\u00fcrleri, okul m\u00fcd\u00fcrlerimizin, \u00f6\u011fretmenlerimizin deste\u011fine sonsuz ihtiyac\u0131m\u0131z var. Biz e\u011fer rehberlik sisteminin g\u00fc\u00e7lendirilmesini istiyorsak ve bunun i\u00e7in altyap\u0131 kuruyorsak bunun t\u00fcm illerdeki altyap\u0131s\u0131n\u0131 g\u00fc\u00e7lendiriyorsak. Yaz\u0131l\u0131msal ve donan\u0131msal destek veriyorsak bu bayra\u011f\u0131 y\u00fckseltecek olan siz m\u00fcd\u00fcrlerimizsiniz. \u0130llerinize gitti\u011finizde son derece olumlu ve yap\u0131c\u0131 bir \u015fekilde gayret sarf edece\u011finizden eminim. Ciddi takip getiren i\u015fler. Sizlerle birlikte bu meselelere destek verdi\u011fimizi biliyorsunuz. Biz, Milli E\u011fitim Bakanl\u0131\u011f\u0131 olarak sistemin altyap\u0131s\u0131na, \u00f6\u011fretmen ve \u00f6\u011frenci yetkinli\u011fine \u00f6nem veriyoruz. Bu toplant\u0131 vas\u0131tas\u0131yla da rehberlik sisteminin, T\u00fcrkiye\u2019de \u00f6\u011frencilerin nas\u0131l y\u00f6nlendirilmesi gerekti\u011fi konusu a\u00e7\u0131k bir \u015fekilde ortaya konmu\u015f durumda\u201d dedi.<\/p>\n<p>Ger\u00e7ekle\u015ftirilen program sonras\u0131 Milli E\u011fitim Bakan\u0131 Ziya Sel\u00e7uk, kat\u0131l\u0131mc\u0131larla hat\u0131ra foto\u011fraf\u0131 \u00e7ektirdi.<\/p>\n","protected":false},"excerpt":{"rendered":"<p>M\u0130LL\u0130 E\u011e\u0130T\u0130M BAKANI Z\u0130YA SEL\u00c7UK, \u201cB\u0130L\u0130YORSUNUZ 2023 E\u011e\u0130T\u0130M V\u0130ZYONUNDA REHBERL\u0130K H\u0130ZMETLER\u0130NE Y\u00d6NEL\u0130K \u00c7OK B\u00dcY\u00dcK B\u0130R BEKLENT\u0130 VARDI. BU BEKLENT\u0130LER\u0130N BUG\u00dcN KAR\u015eILANIYOR OLMASI BEN\u0130M \u0130\u00c7\u0130N \u00c7OK \u00d6NEML\u0130.&#8221; DED\u0130.<\/p>\n","protected":false},"author":1,"featured_media":207554,"comment_status":"closed","ping_status":"open","sticky":false,"template":"","format":"standard","meta":{"jetpack_post_was_ever_published":false,"_jetpack_newsletter_access":"","_jetpack_dont_email_post_to_subs":false,"_jetpack_newsletter_tier_id":0,"_jetpack_memberships_contains_paywalled_content":false,"_jetpack_memberships_contains_paid_content":false,"footnotes":"","jetpack_publicize_message":"","jetpack_publicize_feature_enabled":true,"jetpack_social_post_already_shared":true,"jetpack_social_options":{"image_generator_settings":{"template":"highway","default_image_id":0,"font":"","enabled":false},"version":2}},"categories":[1],"tags":[933,52239,105,398,25639,35291,429,5308,332,43036,4454,1843],"class_list":["post-207553","post","type-post","status-publish","format-standard","has-post-thumbnail","hentry","category-genel","tag-bakani","tag-beklentilerin","tag-cok","tag-egitim","tag-hizmetlerine","tag-karsilaniyor","tag-milli","tag-olmasi","tag-onemli","tag-rehberlik","tag-selcuk","tag-yonelik"],"jetpack_publicize_connections":[],"jetpack_featured_media_url":"https:\/\/i0.wp.com\/www.tvturk.com\/wp-content\/uploads\/2019\/09\/milli-egitim-bakani-selcuk-rehberlik-hizmetlerine-yonelik-beklentilerin-karsilaniyor-olmasi-cok-onemli_09bf894.jpg?fit=1000%2C666","jetpack_sharing_enabled":true,"jetpack_shortlink":"https:\/\/wp.me\/paKIfm-RZD","_links":{"self":[{"href":"http:\/\/www.tvturk.com\/index.php\/wp-json\/wp\/v2\/posts\/207553","targetHints":{"allow":["GET"]}}],"collection":[{"href":"http:\/\/www.tvturk.com\/index.php\/wp-json\/wp\/v2\/posts"}],"about":[{"href":"http:\/\/www.tvturk.com\/index.php\/wp-json\/wp\/v2\/types\/post"}],"author":[{"embeddable":true,"href":"http:\/\/www.tvturk.com\/index.php\/wp-json\/wp\/v2\/users\/1"}],"replies":[{"embeddable":true,"href":"http:\/\/www.tvturk.com\/index.php\/wp-json\/wp\/v2\/comments?post=207553"}],"version-history":[{"count":0,"href":"http:\/\/www.tvturk.com\/index.php\/wp-json\/wp\/v2\/posts\/207553\/revisions"}],"wp:featuredmedia":[{"embeddable":true,"href":"http:\/\/www.tvturk.com\/index.php\/wp-json\/wp\/v2\/media\/207554"}],"wp:attachment":[{"href":"http:\/\/www.tvturk.com\/index.php\/wp-json\/wp\/v2\/media?parent=207553"}],"wp:term":[{"taxonomy":"category","embeddable":true,"href":"http:\/\/www.tvturk.com\/index.php\/wp-json\/wp\/v2\/categories?post=207553"},{"taxonomy":"post_tag","embeddable":true,"href":"http:\/\/www.tvturk.com\/index.php\/wp-json\/wp\/v2\/tags?post=207553"}],"curies":[{"name":"wp","href":"https:\/\/api.w.org\/{rel}","templated":true}]}}