{"id":207659,"date":"2019-09-25T15:31:48","date_gmt":"2019-09-25T12:31:48","guid":{"rendered":"http:\/\/www.tvturk.com\/index.php\/siber-savunmada-turkiyenin-ekosistemi-guclu\/"},"modified":"2019-09-25T15:31:48","modified_gmt":"2019-09-25T12:31:48","slug":"siber-savunmada-turkiyenin-ekosistemi-guclu","status":"publish","type":"post","link":"http:\/\/www.tvturk.com\/index.php\/siber-savunmada-turkiyenin-ekosistemi-guclu\/","title":{"rendered":"&#8220;Siber savunmada T\u00fcrkiye\u2019nin ekosistemi g\u00fc\u00e7l\u00fc&#8221;"},"content":{"rendered":"<p>Siber sald\u0131r\u0131lara kar\u015f\u0131 \u2018\u00f6ng\u00f6r\u00fclebilir\u2019 siber savunma yakla\u015f\u0131m\u0131n\u0131 geli\u015ftiren SPECTRAMI, \u00d6ng\u00f6r\u00fclebilir Siber Savunma Roadshow 2019 kapsam\u0131nda \u0130stanbul\u2019da bili\u015fim uzmanlar\u0131yla bir araya geldi. SPECTRAMI CTO\u2019su Sarfaraz Kazi, siber savunmada T\u00fcrkiye\u2019nin g\u00fc\u00e7l\u00fc ekosistemine dikkat \u00e7ekti.<\/p>\n<p>Bilgi g\u00fcvenli\u011fi ve veri ileti\u015fimi a\u011flar\u0131nda u\u00e7tan uca \u00e7\u00f6z\u00fcmlerde lider distrib\u00fct\u00f6rlerden SPECTRAMI, \u2019\u00f6ng\u00f6r\u00fclebilir\u2019 siber savunma yakla\u015f\u0131m\u0131yla geli\u015ftirdi\u011fi kilit \u00e7\u00f6z\u00fcmleri ve hizmetleri payla\u015fmak \u00fczere d\u00fczenledi\u011fi \u2018\u00d6ng\u00f6r\u00fclebilir Siber Savunma Roadshow 2019\u2019 kapsam\u0131nda \u0130stanbul\u2019a geldi. SPECTRAMI, \u0130stanbul\u2019da ger\u00e7ekle\u015fen etkinlikte \u2018\u00f6nlemeden \u00f6ng\u00f6rmeye giden yol\u2019 konusuna odaklanarak modern teknolojileri tan\u0131tt\u0131.<\/p>\n<p>Roadshow\u2019un ilk dura\u011f\u0131n\u0131 Birle\u015fik Arap Emirlikleri\u2019nde Dubai Burj el-Arab\u2019da 9 Eyl\u00fcl\u2019de ba\u015flatan \u015firketin \u0130stanbul\u2019daki etkinli\u011finde, teknoloji ve bili\u015fim d\u00fcnyas\u0131n\u0131n uzmanlar\u0131 bir araya geldi.<\/p>\n<p>&#8220;Diplomatik casusluk faaliyetlerinde siber sald\u0131r\u0131lar artt\u0131&#8221;<\/p>\n<p>Etkinli\u011fe ili\u015fkin a\u00e7\u0131klamalar yapan SPECTRAMI CTO\u2019su Sarfaraz Kazi, &#8220;Siber sald\u0131r\u0131lar \u00f6zellikle son d\u00f6nemlerde diplomatik casusluk faaliyetlerinde ve bankac\u0131l\u0131k alan\u0131nda yo\u011fun olarak ya\u015fan\u0131yor. Geli\u015fen teknolojinin pek \u00e7ok g\u00fcvenlik a\u00e7\u0131\u011f\u0131n\u0131 da beraberinde getirmesiyle birlikte siber sald\u0131r\u0131 akt\u00f6rleri kurumsal yap\u0131lar\u0131 hedefliyor ve taktiklerini de s\u00fcrekli de\u011fi\u015ftiriyor. Bu noktada siber savunmaya ili\u015fkin daha farkl\u0131 \u00e7\u00f6z\u00fcmler sunma ihtiyac\u0131 do\u011fuyor. D\u00fcnya \u00e7ap\u0131nda bir organizasyona sahip \u015firket olarak 1 y\u0131l\u0131 a\u015fk\u0131n s\u00fcredir de T\u00fcrkiye pazar\u0131nday\u0131z. T\u00fcrkiye\u2019yi b\u00f6lgedeki ekosistemi g\u00fc\u00e7l\u00fc, en geni\u015f pazar olarak tan\u0131mlayabilirim. T\u00fcrkiye\u2019de i\u015f ili\u015fkilerinin gayet dinamik ilerledi\u011fi, muhte\u015fem bir m\u00fchendislik sistemine sahip i\u015f ortaklar\u0131m\u0131z var. Siber sald\u0131r\u0131lara kar\u015f\u0131 geli\u015ftirdi\u011fimiz Hive Pro \u00fcr\u00fcn\u00fcm\u00fczle temel altyap\u0131dan ba\u011f\u0131ms\u0131z olarak \u015firket i\u00e7i ve karma ortamlarda bulut tabanl\u0131 \u00e7\u00f6z\u00fcm da\u011f\u0131t\u0131m\u0131n\u0131 destekliyoruz&#8221; diye belirtti.<\/p>\n<p>SPECTRAMI T\u00fcrkiye \u00dclke M\u00fcd\u00fcr\u00fc G\u00f6khan Ba\u015f, etkinlik hakk\u0131nda, &#8220;B\u00f6lge \u00fclkelerde ba\u015flayan Roadshow\u2019umuzun \u0130stanbul etkinli\u011fi gayet verimli ge\u00e7ti. T\u00fcrkiye\u2019deki de\u011ferli i\u015f ortaklar\u0131m\u0131zla birlikte ev sahipli\u011fini yapt\u0131\u011f\u0131m\u0131z bu etkinlikte kat\u0131l\u0131mc\u0131lar\u0131n kurumlar\u0131na d\u00f6nd\u00fcklerinde siber sald\u0131r\u0131larda \u00f6nlemeden \u00f6ng\u00f6rmeye giden yolda hemen uygulayabilecekleri kilit bilgileri edindi\u011fine inan\u0131yorum&#8221; dedi.<\/p>\n<p>G\u00fcvenlik sekt\u00f6r\u00fc profesyonellerine y\u00f6nelik \u00e7\u00f6z\u00fcmler payla\u015f\u0131ld\u0131<\/p>\n<p>SPECTRAMI\u2019nin, olas\u0131 sald\u0131r\u0131lar\u0131n kurumlar\u0131 etkilemesinden \u00f6nce karar vericilere yard\u0131mc\u0131 olaca\u011f\u0131 \u00f6ng\u00f6r\u00fclebilir yakla\u015f\u0131m\u0131n\u0131n \u00fc\u00e7 b\u00fcy\u00fck aya\u011f\u0131n\u0131 g\u00fcvenlik a\u00e7\u0131\u011f\u0131 analizi, g\u00fcvenlik analizi ve birden fazla tedarik\u00e7i tehdidi gibi \u00e7\u00f6z\u00fcmler olu\u015fturuyor. Konuyla ilgili vaka sunumu ve tan\u0131t\u0131m yapacak birden fazla uzman da etkinlikte yer ald\u0131.<\/p>\n<p>B\u00f6lgenin karar mercileriyle anahtar \u00e7\u00f6z\u00fcmler tart\u0131\u015f\u0131ld\u0131<\/p>\n<p>SPECTRAMI, \u00f6ng\u00f6r\u00fclebilir siber savunma modelini destekleyen bu Roadshow ile b\u00f6lgenin \u00f6nde gelen kurulu\u015flar\u0131n\u0131n karar mercileriyle interaktif bir platform olu\u015fturmak i\u00e7in tasarlanan anahtar \u00e7\u00f6z\u00fcmler ve hizmetler \u00fczerine e\u011fildi.<\/p>\n","protected":false},"excerpt":{"rendered":"<p>S\u0130BER SALDIRILARA KAR\u015eI \u2018\u00d6NG\u00d6R\u00dcLEB\u0130L\u0130R\u2019 S\u0130BER SAVUNMA YAKLA\u015eIMINI GEL\u0130\u015eT\u0130REN SPECTRAMI, \u00d6NG\u00d6R\u00dcLEB\u0130L\u0130R S\u0130BER SAVUNMA ROADSHOW 2019 KAPSAMINDA \u0130STANBUL\u2019DA B\u0130L\u0130\u015e\u0130M UZMANLARIYLA B\u0130R ARAYA GELD\u0130<\/p>\n","protected":false},"author":1,"featured_media":207660,"comment_status":"closed","ping_status":"open","sticky":false,"template":"","format":"standard","meta":{"jetpack_post_was_ever_published":false,"_jetpack_newsletter_access":"","_jetpack_dont_email_post_to_subs":false,"_jetpack_newsletter_tier_id":0,"_jetpack_memberships_contains_paywalled_content":false,"_jetpack_memberships_contains_paid_content":false,"footnotes":"","jetpack_publicize_message":"","jetpack_publicize_feature_enabled":true,"jetpack_social_post_already_shared":true,"jetpack_social_options":{"image_generator_settings":{"template":"highway","default_image_id":0,"font":"","enabled":false},"version":2}},"categories":[19],"tags":[35302,2728,52435,8593,177],"class_list":["post-207659","post","type-post","status-publish","format-standard","has-post-thumbnail","hentry","category-ekonomi","tag-ekosistemi","tag-guclu","tag-savunmada","tag-siber","tag-turkiyenin"],"jetpack_publicize_connections":[],"jetpack_featured_media_url":"https:\/\/i0.wp.com\/www.tvturk.com\/wp-content\/uploads\/2019\/09\/siber-savunmada-turkiyenin-ekosistemi-guclu_5352088.jpg?fit=1000%2C768","jetpack_sharing_enabled":true,"jetpack_shortlink":"https:\/\/wp.me\/paKIfm-S1l","_links":{"self":[{"href":"http:\/\/www.tvturk.com\/index.php\/wp-json\/wp\/v2\/posts\/207659","targetHints":{"allow":["GET"]}}],"collection":[{"href":"http:\/\/www.tvturk.com\/index.php\/wp-json\/wp\/v2\/posts"}],"about":[{"href":"http:\/\/www.tvturk.com\/index.php\/wp-json\/wp\/v2\/types\/post"}],"author":[{"embeddable":true,"href":"http:\/\/www.tvturk.com\/index.php\/wp-json\/wp\/v2\/users\/1"}],"replies":[{"embeddable":true,"href":"http:\/\/www.tvturk.com\/index.php\/wp-json\/wp\/v2\/comments?post=207659"}],"version-history":[{"count":0,"href":"http:\/\/www.tvturk.com\/index.php\/wp-json\/wp\/v2\/posts\/207659\/revisions"}],"wp:featuredmedia":[{"embeddable":true,"href":"http:\/\/www.tvturk.com\/index.php\/wp-json\/wp\/v2\/media\/207660"}],"wp:attachment":[{"href":"http:\/\/www.tvturk.com\/index.php\/wp-json\/wp\/v2\/media?parent=207659"}],"wp:term":[{"taxonomy":"category","embeddable":true,"href":"http:\/\/www.tvturk.com\/index.php\/wp-json\/wp\/v2\/categories?post=207659"},{"taxonomy":"post_tag","embeddable":true,"href":"http:\/\/www.tvturk.com\/index.php\/wp-json\/wp\/v2\/tags?post=207659"}],"curies":[{"name":"wp","href":"https:\/\/api.w.org\/{rel}","templated":true}]}}