{"id":207671,"date":"2019-09-25T15:32:35","date_gmt":"2019-09-25T12:32:35","guid":{"rendered":"http:\/\/www.tvturk.com\/index.php\/mardinde-iklim-degisikligine-dikkat-cekildi\/"},"modified":"2019-09-25T15:32:35","modified_gmt":"2019-09-25T12:32:35","slug":"mardinde-iklim-degisikligine-dikkat-cekildi","status":"publish","type":"post","link":"http:\/\/www.tvturk.com\/index.php\/mardinde-iklim-degisikligine-dikkat-cekildi\/","title":{"rendered":"Mardin\u2019de iklim de\u011fi\u015fikli\u011fine dikkat \u00e7ekildi"},"content":{"rendered":"<p>Mardin\u2019de Avrupa Birli\u011fi T\u00fcrkiye Mali \u0130\u015fbirli\u011fi \u00e7er\u00e7evesinde, \u00c7evre ve \u015eehircilik Bakanl\u0131\u011f\u0131 taraf\u0131ndan y\u00fcr\u00fct\u00fclen \u0130klim De\u011fi\u015fikli\u011fi Alan\u0131nda Ortak \u00c7abalar\u0131n Desteklenmesi Projesi (\u0130klimIN) kapsam\u0131nda kamu kurumlar\u0131, \u00fcniversiteler ve sivil toplum kurulu\u015flar\u0131 ile birlikte iklim de\u011fi\u015fikli\u011fi e\u011fitimleri ger\u00e7ekle\u015ftirildi.<\/p>\n<p>Bir otelde ger\u00e7ekle\u015ftirilen e\u011fitimlere \u00c7evre ve \u015eehircilik Bakanl\u0131\u011f\u0131ndan \u00c7evre Y\u00f6netimi Genel M\u00fcd\u00fcrl\u00fc\u011f\u00fc \u0130klim De\u011fi\u015fikli\u011fi ve Uyum Dairesi Ba\u015fkanl\u0131\u011f\u0131 ARGE ve Uygulama \u015eubesi M\u00fcd\u00fcr\u00fc \u00d6mer \u00d6zt\u00fcrk, Dicle Kalk\u0131nma Ajans\u0131 Genel Sekreteri Y\u0131lmaz Alt\u0131nda\u011f, \u00c7evre Ve \u015eehircilik \u0130l M\u00fcd\u00fcrl\u00fc\u011f\u00fc yetkilileri, Artuklu \u00dcniversitesi \u00f6\u011fretim ve ara\u015ft\u0131rma g\u00f6revlileri kamu kurum ve kurulu\u015f temsilcileri ve \u00e7ok say\u0131da davetli kat\u0131ld\u0131.<\/p>\n<p>\u0130klim de\u011fi\u015fikli\u011fi ilgili sunum yapan Prof. Dr. Murat T\u00fcrke\u015f, e\u011fitimin \u00c7evre ve \u015eehircilik Bakanl\u0131\u011f\u0131\u2019n\u0131n ilgili alanlara, uzmanlara ula\u015ft\u0131rma \u00e7abalar\u0131na katk\u0131 vermeyi hedefleyen bir \u00e7al\u0131\u015fma oldu\u011funu s\u00f6yledi. Prof. Dr. T\u00fcrke\u015f, \u201cT\u00fcrkiye iklim g\u00f6zlenen iklim de\u011fi\u015fikli\u011fi ile \u00e7ok say\u0131da sinyali ile kar\u015f\u0131 kar\u015f\u0131yay\u0131z. Bir yandan ortalama en y\u00fcksek en d\u00fc\u015f\u00fck hava s\u0131cakl\u0131klar\u0131nda \u00e7ok fazla de\u011fi\u015fiklik var. Tropikal yaz g\u00fcnleri s\u0131caklar\u0131nda art\u0131\u015flar var. Gece hava s\u0131cakl\u0131klar\u0131nda \u00e7ok ciddi art\u0131\u015f var. Rekor hava s\u0131cakl\u0131klar\u0131nda son 20 y\u0131l\u0131n T\u00fcrkiye\u2019nin t\u00fcm kentlerinde irili ufakl\u0131 meteoroloji verilerinden ald\u0131\u011f\u0131m\u0131z bilgilerde rekor y\u00fcksek s\u0131cakl\u0131klarda \u00f6nemli de\u011fi\u015fiklikler var. \u00d6zetle rekor y\u00fcksek s\u0131cakl\u0131klarda yeni rekorlar k\u0131r\u0131l\u0131yor art\u0131\u015f var. Rekor d\u00fc\u015f\u00fck s\u0131cakl\u0131klarda yeni d\u00fc\u015f\u00fck rekorlar var. \u0130klim de\u011fi\u015fikli\u011fi k\u00fcresel \u0131s\u0131nma ile de\u011fi\u015fimi g\u00f6r\u00fcyoruz. Ya\u011f\u0131\u015f rejiminde de\u011fi\u015flikler var. K\u0131\u015f ya\u011f\u0131\u015flar\u0131nda azalma e\u011filimi, ilkbahar ve yaz ya\u011f\u0131\u015flar\u0131nda art\u0131\u015f var. \u00d6zellikle ta\u015fk\u0131n ve selleri b\u00fcy\u00fck kentlerde g\u00f6zlemliyoruz. Bir yandan hidrolojik su kaynaklar\u0131 a\u00e7\u0131s\u0131ndan ya\u011f\u0131\u015flar k\u0131\u015f\u0131n azal\u0131rken yaz\u0131n sa\u011fanaklar g\u00f6k g\u00fcr\u00fclt\u00fc sa\u011fanaklar g\u00f6r\u00fcyoruz. Toprak neminde azalma var. B\u00fct\u00fcn bunlar ekosistem i\u00e7me ve kullanma suyu sisteminde \u00f6zellikle ekosistemde can suyunda sorun olu\u015fturabiliyor. B\u00fct\u00fcn bunlar\u0131n etkilerini \u015fiddetlendiren ciddi bir orman tahribi var. Tar\u0131m alanlar\u0131n\u0131n do\u011fru kullan\u0131lmamas\u0131 var. B\u00f6lgesel iklim de\u011fi\u015fikliklerine neden olan fakt\u00f6rler var. Bizde kamu kurum ve kurulu\u015flar\u0131n dikkatini \u00e7ekmek i\u00e7in bu \u00e7al\u0131\u015fmay\u0131 \u00f6nemsiyoruz\u201d dedi.<\/p>\n<p>25- 27 Eyl\u00fcl tarihleri aras\u0131nda ger\u00e7ekle\u015ftirilecek olan e\u011fitimlerde \u2018\u0130klim de\u011fi\u015fikli\u011finin bilimsel temelleri, T\u00fcrkiye\u2019ye etkileri\u2019, \u2018T\u00fcrkiye\u2019nin iklim politikas\u0131-T\u00fcrkiye\u2019nin iklim de\u011fi\u015fikli\u011fi ile m\u00fccadele unsurlar\u0131, uluslararas\u0131 boyutu, yasal ve kurumsal yap\u0131s\u0131\u2019, \u2018\u0130klim de\u011fi\u015fikli\u011fi ile m\u00fccadelede gen\u00e7li\u011fin sorumlulu\u011fu\u2019, \u2018Enerji politikalar\u0131n\u0131n iklim de\u011fi\u015fikli\u011fi ile m\u00fccadeledeki yeri\u2019, \u2018\u0130klim de\u011fi\u015fikli\u011fi ve T\u00fcrkiye tar\u0131m\u0131 etkile\u015fimi\u2019 ve \u2018\u0130klim de\u011fi\u015fikli\u011finin insan sa\u011fl\u0131\u011f\u0131na etkileri\u2019 konular\u0131 ele al\u0131nacak.<\/p>\n","protected":false},"excerpt":{"rendered":"<p>MARD\u0130N\u2019DE AVRUPA B\u0130RL\u0130\u011e\u0130 T\u00dcRK\u0130YE MAL\u0130 \u0130\u015eB\u0130RL\u0130\u011e\u0130 \u00c7ER\u00c7EVES\u0130NDE, \u00c7EVRE VE \u015eEH\u0130RC\u0130L\u0130K BAKANLI\u011eI TARAFINDAN Y\u00dcR\u00dcT\u00dcLEN \u0130KL\u0130M DE\u011e\u0130\u015e\u0130KL\u0130\u011e\u0130 ALANINDA ORTAK \u00c7ABALARIN DESTEKLENMES\u0130 PROJES\u0130 (\u0130KL\u0130MIN) KAPSAMINDA KAMU KURUMLARI, \u00dcN\u0130VERS\u0130TELER VE S\u0130V\u0130L TOPLUM KURULU\u015eLARI \u0130LE B\u0130RL\u0130KTE \u0130KL\u0130M DE\u011e\u0130\u015e\u0130KL\u0130\u011e\u0130 E\u011e\u0130T\u0130MLER\u0130 GER\u00c7EKLE\u015eT\u0130R\u0130LD\u0130.<\/p>\n","protected":false},"author":1,"featured_media":207672,"comment_status":"closed","ping_status":"open","sticky":false,"template":"","format":"standard","meta":{"jetpack_post_was_ever_published":false,"_jetpack_newsletter_access":"","_jetpack_dont_email_post_to_subs":false,"_jetpack_newsletter_tier_id":0,"_jetpack_memberships_contains_paywalled_content":false,"_jetpack_memberships_contains_paid_content":false,"footnotes":"","jetpack_publicize_message":"","jetpack_publicize_feature_enabled":true,"jetpack_social_post_already_shared":true,"jetpack_social_options":{"image_generator_settings":{"template":"highway","default_image_id":0,"font":"","enabled":false},"version":2}},"categories":[1],"tags":[445,19832,1440,6633,1837],"class_list":["post-207671","post","type-post","status-publish","format-standard","has-post-thumbnail","hentry","category-genel","tag-cekildi","tag-degisikligine","tag-dikkat","tag-iklim","tag-mardinde"],"jetpack_publicize_connections":[],"jetpack_featured_media_url":"https:\/\/i0.wp.com\/www.tvturk.com\/wp-content\/uploads\/2019\/09\/mardinde-iklim-degisikligine-dikkat-cekildi_80d4df4.jpg?fit=1000%2C750","jetpack_sharing_enabled":true,"jetpack_shortlink":"https:\/\/wp.me\/paKIfm-S1x","_links":{"self":[{"href":"http:\/\/www.tvturk.com\/index.php\/wp-json\/wp\/v2\/posts\/207671","targetHints":{"allow":["GET"]}}],"collection":[{"href":"http:\/\/www.tvturk.com\/index.php\/wp-json\/wp\/v2\/posts"}],"about":[{"href":"http:\/\/www.tvturk.com\/index.php\/wp-json\/wp\/v2\/types\/post"}],"author":[{"embeddable":true,"href":"http:\/\/www.tvturk.com\/index.php\/wp-json\/wp\/v2\/users\/1"}],"replies":[{"embeddable":true,"href":"http:\/\/www.tvturk.com\/index.php\/wp-json\/wp\/v2\/comments?post=207671"}],"version-history":[{"count":0,"href":"http:\/\/www.tvturk.com\/index.php\/wp-json\/wp\/v2\/posts\/207671\/revisions"}],"wp:featuredmedia":[{"embeddable":true,"href":"http:\/\/www.tvturk.com\/index.php\/wp-json\/wp\/v2\/media\/207672"}],"wp:attachment":[{"href":"http:\/\/www.tvturk.com\/index.php\/wp-json\/wp\/v2\/media?parent=207671"}],"wp:term":[{"taxonomy":"category","embeddable":true,"href":"http:\/\/www.tvturk.com\/index.php\/wp-json\/wp\/v2\/categories?post=207671"},{"taxonomy":"post_tag","embeddable":true,"href":"http:\/\/www.tvturk.com\/index.php\/wp-json\/wp\/v2\/tags?post=207671"}],"curies":[{"name":"wp","href":"https:\/\/api.w.org\/{rel}","templated":true}]}}