{"id":207677,"date":"2019-09-25T15:46:42","date_gmt":"2019-09-25T12:46:42","guid":{"rendered":"http:\/\/www.tvturk.com\/index.php\/ortak-tarih-kultur-egitim-ve-medeniyet-sempozyumu-ankarada-duzenlenecek\/"},"modified":"2019-09-25T15:46:42","modified_gmt":"2019-09-25T12:46:42","slug":"ortak-tarih-kultur-egitim-ve-medeniyet-sempozyumu-ankarada-duzenlenecek","status":"publish","type":"post","link":"http:\/\/www.tvturk.com\/index.php\/ortak-tarih-kultur-egitim-ve-medeniyet-sempozyumu-ankarada-duzenlenecek\/","title":{"rendered":"\u201cOrtak Tarih, K\u00fclt\u00fcr, E\u011fitim ve Medeniyet Sempozyumu\u201d Ankara\u2019da d\u00fczenlenecek"},"content":{"rendered":"<p>Atat\u00fcrk K\u00fclt\u00fcr, Dil ve Tarih Y\u00fcksek Kurumu b\u00fcnyesindeki T\u00fcrk Tarih Kurumu ve Ekonomik \u0130\u015f birli\u011fi Te\u015fkilat\u0131 E\u011fitim Enstit\u00fcs\u00fc taraf\u0131ndan 27-28 Eyl\u00fcl tarihlerinde Ankara\u2019da \u201cOrtak Tarih, K\u00fclt\u00fcr, E\u011fitim ve Medeniyet Sempozyumu\u201d d\u00fczenlenecek.<\/p>\n<p>Afganistan, Pakistan, Tacikistan, \u00d6zbekistan, Kazakistan, K\u0131rg\u0131zistan, T\u00fcrkmenistan, Azerbaycan, \u0130ran ve T\u00fcrkiye\u2019den olu\u015fan Ekonomik \u0130\u015f birli\u011fi Te\u015fkilat\u0131 \u00fcyesi \u00fclkeler aras\u0131ndaki tarihi ve g\u00fcncel ba\u011flant\u0131lar\u0131n konu\u015fulaca\u011f\u0131 sempozyumda, bilimden dine, felsefeden edebiyata, m\u00fczikten mimarl\u0131\u011fa kadar ortak k\u00fclt\u00fcr\u00fcn maddi ve manevi y\u00f6nlerinin tarihsel s\u00fcre\u00e7teki geli\u015fimi ele al\u0131nacak.<\/p>\n<p>Yurt i\u00e7inden ve yurt d\u0131\u015f\u0131ndan bilim insanlar\u0131n\u0131n kat\u0131l\u0131m\u0131yla Farabi, \u0130bni Sina, Harezmi, Maturidi, Mevlana ve daha bir\u00e7ok \u00f6nemli filozof, bilim insan\u0131, \u015fair ve alimi yeti\u015ftiren bir k\u00fclt\u00fcr co\u011frafyas\u0131n\u0131n  de\u011ferlendirilece\u011fi sempozyumda, b\u00f6lge halklar\u0131n\u0131n payla\u015ft\u0131\u011f\u0131 k\u00fclt\u00fcrel miras\u0131n olu\u015fumuna \u0131\u015f\u0131k tutulacak.<\/p>\n","protected":false},"excerpt":{"rendered":"<p>ATAT\u00dcRK K\u00dcLT\u00dcR, D\u0130L VE TAR\u0130H Y\u00dcKSEK KURUMU B\u00dcNYES\u0130NDEK\u0130 T\u00dcRK TAR\u0130H KURUMU VE EKONOM\u0130K \u0130\u015e B\u0130RL\u0130\u011e\u0130 TE\u015eK\u0130LATI E\u011e\u0130T\u0130M ENST\u0130T\u00dcS\u00dc TARAFINDAN 27-28 EYL\u00dcL TAR\u0130HLER\u0130NDE ANKARA\u2019DA \u201cORTAK TAR\u0130H, K\u00dcLT\u00dcR, E\u011e\u0130T\u0130M VE MEDEN\u0130YET SEMPOZYUMU\u201d D\u00dcZENLENECEK.<\/p>\n","protected":false},"author":1,"featured_media":207678,"comment_status":"closed","ping_status":"open","sticky":false,"template":"","format":"standard","meta":{"jetpack_post_was_ever_published":false,"_jetpack_newsletter_access":"","_jetpack_dont_email_post_to_subs":false,"_jetpack_newsletter_tier_id":0,"_jetpack_memberships_contains_paywalled_content":false,"_jetpack_memberships_contains_paid_content":false,"footnotes":"","jetpack_publicize_message":"","jetpack_publicize_feature_enabled":true,"jetpack_social_post_already_shared":true,"jetpack_social_options":{"image_generator_settings":{"template":"highway","default_image_id":0,"font":"","enabled":false},"version":2}},"categories":[1],"tags":[5444,4842,398,630,22809,947,4841,1330],"class_list":["post-207677","post","type-post","status-publish","format-standard","has-post-thumbnail","hentry","category-genel","tag-ankarada","tag-duzenlenecek","tag-egitim","tag-kultur","tag-medeniyet","tag-ortak","tag-sempozyumu","tag-tarih"],"jetpack_publicize_connections":[],"jetpack_featured_media_url":"https:\/\/i0.wp.com\/www.tvturk.com\/wp-content\/uploads\/2019\/09\/ortak-tarih-kultur-egitim-ve-medeniyet-sempozyumu-ankarada-duzenlenecek_938fc48.jpg?fit=360%2C864","jetpack_sharing_enabled":true,"jetpack_shortlink":"https:\/\/wp.me\/paKIfm-S1D","_links":{"self":[{"href":"http:\/\/www.tvturk.com\/index.php\/wp-json\/wp\/v2\/posts\/207677","targetHints":{"allow":["GET"]}}],"collection":[{"href":"http:\/\/www.tvturk.com\/index.php\/wp-json\/wp\/v2\/posts"}],"about":[{"href":"http:\/\/www.tvturk.com\/index.php\/wp-json\/wp\/v2\/types\/post"}],"author":[{"embeddable":true,"href":"http:\/\/www.tvturk.com\/index.php\/wp-json\/wp\/v2\/users\/1"}],"replies":[{"embeddable":true,"href":"http:\/\/www.tvturk.com\/index.php\/wp-json\/wp\/v2\/comments?post=207677"}],"version-history":[{"count":0,"href":"http:\/\/www.tvturk.com\/index.php\/wp-json\/wp\/v2\/posts\/207677\/revisions"}],"wp:featuredmedia":[{"embeddable":true,"href":"http:\/\/www.tvturk.com\/index.php\/wp-json\/wp\/v2\/media\/207678"}],"wp:attachment":[{"href":"http:\/\/www.tvturk.com\/index.php\/wp-json\/wp\/v2\/media?parent=207677"}],"wp:term":[{"taxonomy":"category","embeddable":true,"href":"http:\/\/www.tvturk.com\/index.php\/wp-json\/wp\/v2\/categories?post=207677"},{"taxonomy":"post_tag","embeddable":true,"href":"http:\/\/www.tvturk.com\/index.php\/wp-json\/wp\/v2\/tags?post=207677"}],"curies":[{"name":"wp","href":"https:\/\/api.w.org\/{rel}","templated":true}]}}